{"id":27174,"date":"2025-06-28T08:59:00","date_gmt":"2025-06-28T11:59:00","guid":{"rendered":"https:\/\/sgvaimudar.com.br\/?p=27174"},"modified":"2025-06-28T08:46:12","modified_gmt":"2025-06-28T11:46:12","slug":"tragedia-acidente-com-um-morto-e-dois-feridos-na-rj-104-em-sao-goncalo-video","status":"publish","type":"post","link":"https:\/\/sgvaimudar.com.br\/index.php\/2025\/06\/28\/tragedia-acidente-com-um-morto-e-dois-feridos-na-rj-104-em-sao-goncalo-video\/","title":{"rendered":"Trag\u00e9dia: Acidente com um morto e dois feridos na RJ-104 em S\u00e3o Gon\u00e7alo; V\u00eddeo"},"content":{"rendered":"\n<p><em>Os carros bateram na RJ-104 e ficaram destru\u00eddos &nbsp;Foto: Lucas Alvarenga<\/em><\/p>\n\n\n\n<p>Um grave acidente entre dois carros na RJ-104, altura do viaduto de Santa Luzia, em S\u00e3o Gon\u00e7alo, deixou um morto e dois feridos na madrugada deste s\u00e1bado (28). O tr\u00e2nsito foi desviado pela Upa, o acidente foi na pista sentido Laranjal. O fluxo, sentido Niter\u00f3i, apresentou grande reten\u00e7\u00e3o at\u00e9 a altura de Guaxindiba em raz\u00e3o da batida.\u00a0<\/p>\n\n\n\n<p>De acordo com o Corpo de Bombeiros, o acionamento foi \u00e0s 4h40 e, ao chegarem no local, constataram a morte de Gelso de Oliveira, de 65 anos.<\/p>\n\n\n\n<figure class=\"wp-block-video\"><video controls src=\"https:\/\/sgvaimudar.com.br\/9ba9f476-d617-4748-a356-1c89d1f13be0\"><\/video><\/figure>\n\n\n\n<p>Os dois feridos, Sidinei Chagas, de 57 &#8211; ferimentos moderados &#8211; e Anderson Luiz, de 43 &#8211; ferimentos leves &#8211; , foram encaminhados ao Hospital Estadual Alberto Torres (Heat), no Coluband\u00ea.<\/p>\n\n\n\n<p>Os carros envolvidos s\u00e3o um Chevrolet Cobalt e um Fiat Strada. Os policiais do Comando de Pol\u00edcia Rodovi\u00e1ria (CPRv) est\u00e3o no local, e a Pol\u00edcia Civil est\u00e1 fazendo a per\u00edcia do corpo.<\/p>\n\n\n\n<p><em>Fonte: Enfoco<\/em><\/p>\n\n\n\n<p><strong><em>Fa\u00e7a sua den\u00fancia pelo nosso WhatsApp: (21) <\/em><\/strong><strong><em>99744 5345<\/em><\/strong><strong><em><\/em><\/strong><\/p>\n\n\n\n<p><strong><em>S\u00e3o Gon\u00e7alo vai mudar: Not\u00edcias de S\u00e3o Gon\u00e7alo e toda regi\u00e3o.<\/em><\/strong><\/p>\n\n\n\n<figure class=\"wp-block-image size-full\"><img decoding=\"async\" width=\"251\" height=\"88\" src=\"https:\/\/sgvaimudar.com.br\/wp-content\/uploads\/2023\/08\/Logo.png\" alt=\"\" class=\"wp-image-2738\" \/><\/figure>\n","protected":false},"excerpt":{"rendered":"<p>Os carros bateram na RJ-104 e ficaram destru\u00eddos &nbsp;Foto: Lucas Alvarenga Um grave acidente entre dois carros na RJ-104, altura&hellip;<\/p>\n","protected":false},"author":5,"featured_media":27175,"comment_status":"open","ping_status":"open","sticky":false,"template":"","format":"standard","meta":{"fifu_image_url":"","fifu_image_alt":"","footnotes":""},"categories":[32],"tags":[47,75],"class_list":["post-27174","post","type-post","status-publish","format-standard","has-post-thumbnail","hentry","category-casos-de-policia","tag-rj","tag-sao-goncalo"],"_links":{"self":[{"href":"https:\/\/sgvaimudar.com.br\/index.php\/wp-json\/wp\/v2\/posts\/27174","targetHints":{"allow":["GET"]}}],"collection":[{"href":"https:\/\/sgvaimudar.com.br\/index.php\/wp-json\/wp\/v2\/posts"}],"about":[{"href":"https:\/\/sgvaimudar.com.br\/index.php\/wp-json\/wp\/v2\/types\/post"}],"author":[{"embeddable":true,"href":"https:\/\/sgvaimudar.com.br\/index.php\/wp-json\/wp\/v2\/users\/5"}],"replies":[{"embeddable":true,"href":"https:\/\/sgvaimudar.com.br\/index.php\/wp-json\/wp\/v2\/comments?post=27174"}],"version-history":[{"count":2,"href":"https:\/\/sgvaimudar.com.br\/index.php\/wp-json\/wp\/v2\/posts\/27174\/revisions"}],"predecessor-version":[{"id":27183,"href":"https:\/\/sgvaimudar.com.br\/index.php\/wp-json\/wp\/v2\/posts\/27174\/revisions\/27183"}],"wp:featuredmedia":[{"embeddable":true,"href":"https:\/\/sgvaimudar.com.br\/index.php\/wp-json\/wp\/v2\/media\/27175"}],"wp:attachment":[{"href":"https:\/\/sgvaimudar.com.br\/index.php\/wp-json\/wp\/v2\/media?parent=27174"}],"wp:term":[{"taxonomy":"category","embeddable":true,"href":"https:\/\/sgvaimudar.com.br\/index.php\/wp-json\/wp\/v2\/categories?post=27174"},{"taxonomy":"post_tag","embeddable":true,"href":"https:\/\/sgvaimudar.com.br\/index.php\/wp-json\/wp\/v2\/tags?post=27174"}],"curies":[{"name":"wp","href":"https:\/\/api.w.org\/{rel}","templated":true}]}}