{"id":27166,"date":"2025-06-28T09:59:00","date_gmt":"2025-06-28T12:59:00","guid":{"rendered":"https:\/\/sgvaimudar.com.br\/?p=27166"},"modified":"2025-06-28T08:14:42","modified_gmt":"2025-06-28T11:14:42","slug":"sao-goncalo-alerta-para-violencia-contra-idosos","status":"publish","type":"post","link":"https:\/\/sgvaimudar.com.br\/index.php\/2025\/06\/28\/sao-goncalo-alerta-para-violencia-contra-idosos\/","title":{"rendered":"S\u00e3o Gon\u00e7alo alerta para viol\u00eancia contra idosos"},"content":{"rendered":"\n<p><em>Atividade faz parte da Campanha Junho Violeta<\/em>&nbsp;&nbsp;&nbsp;&nbsp;<\/p>\n\n\n\n<p>O Espa\u00e7o Avan\u00e7ado de Aten\u00e7\u00e3o Integral ao Idoso, no Jardim Catarina, fez uma atividade diferenciada para os idosos usu\u00e1rios do local e seus parentes na tarde desta sexta-feira (27). A confraterniza\u00e7\u00e3o contou com palestras de orienta\u00e7\u00e3o sobre os tipos de viol\u00eancia contra as pessoas idosas e din\u00e2micas de grupo.&nbsp;A a\u00e7\u00e3o faz parte da Campanha Junho Violeta e tamb\u00e9m \u00e9 em alus\u00e3o ao Dia Mundial de Combate \u00e0 Viol\u00eancia Contra as Pessoas Idosas, lembrado no dia 15 de junho.<\/p>\n\n\n\n<p>A coordenadora do Programa Municipal de Aten\u00e7\u00e3o Integral \u00e0 Sa\u00fade da Pessoa Idosa, Maria Lidu\u00edna da Silveira, lembrou que este tipo de orienta\u00e7\u00e3o chama aten\u00e7\u00e3o dos idosos para ficarem atentos aos seus direitos e para n\u00e3o serem v\u00edtimas de nenhum tipo de viol\u00eancia.\u00a0<\/p>\n\n\n\n<figure class=\"wp-block-image size-large\"><img fetchpriority=\"high\" decoding=\"async\" width=\"1024\" height=\"684\" src=\"https:\/\/sgvaimudar.com.br\/wp-content\/uploads\/2025\/06\/unnamed-2-17-1024x684.jpg\" alt=\"\" class=\"wp-image-27167\" srcset=\"https:\/\/sgvaimudar.com.br\/wp-content\/uploads\/2025\/06\/unnamed-2-17-1024x684.jpg 1024w, https:\/\/sgvaimudar.com.br\/wp-content\/uploads\/2025\/06\/unnamed-2-17-300x200.jpg 300w, https:\/\/sgvaimudar.com.br\/wp-content\/uploads\/2025\/06\/unnamed-2-17-768x513.jpg 768w, https:\/\/sgvaimudar.com.br\/wp-content\/uploads\/2025\/06\/unnamed-2-17-1536x1027.jpg 1536w, https:\/\/sgvaimudar.com.br\/wp-content\/uploads\/2025\/06\/unnamed-2-17.jpg 1616w\" sizes=\"(max-width: 1024px) 100vw, 1024px\" \/><\/figure>\n\n\n\n<p>\u201cSempre lembramos, em todas as oportunidades, que a viol\u00eancia n\u00e3o \u00e9 s\u00f3 f\u00edsica, que \u00e9 a mais f\u00e1cil de ser reconhecida. H\u00e1 tamb\u00e9m a sexual, tamb\u00e9m f\u00e1cil de se identificar, e ainda a psicol\u00f3gica, a institucional e a patrimonial. Al\u00e9m disso, temos que considerar a neglig\u00eancia, o abuso financeiro e a discrimina\u00e7\u00e3o \u2013 que tamb\u00e9m s\u00e3o formas de agress\u00e3o e t\u00eam que ser notificadas\u201d, explicou Maria Lidu\u00edna.&nbsp;&nbsp;<\/p>\n\n\n\n<p>Os idosos que frequentam o espa\u00e7o s\u00e3o sempre observados pelos servidores, que s\u00e3o capacitados para identificar com mais facilidade aqueles que s\u00e3o v\u00edtimas de qualquer tipo de viol\u00eancia. Quando h\u00e1 desconfian\u00e7a, os funcion\u00e1rios notificam os \u00f3rg\u00e3os competentes para que as medidas necess\u00e1rias sejam tomadas. N\u00e3o s\u00f3 o local, mas todas as unidades de sa\u00fade est\u00e3o preparadas para receber as den\u00fancias.&nbsp;<\/p>\n\n\n\n<p>\u201cOs idosos s\u00e3o mais vulner\u00e1veis e merecem muito respeito, amor e considera\u00e7\u00e3o nos \u00faltimos anos de vida. Trabalharam e, na maior parte das vezes, dedicaram-se em tempo integral \u00e0s fam\u00edlias. E, agora, eles merecem muito cuidado e acolhimento que merecem\u201d, finalizou a coordenadora.&nbsp;&nbsp;<\/p>\n\n\n\n<p>O idoso Ubiratan Jesus Terra Gon\u00e7alves, de 76 anos, falou sobre as mudan\u00e7as na popula\u00e7\u00e3o em rela\u00e7\u00e3o ao idoso.<\/p>\n\n\n\n<p>\u201cA maior viol\u00eancia, muitas vezes, come\u00e7a dentro de casa. Falam que a gente n\u00e3o presta para nada. H\u00e1 xingamentos ou o sil\u00eancio. Na rua, antigamente, pediam b\u00ean\u00e7\u00e3o. Agora, fingem at\u00e9 que n\u00e3o est\u00e3o vendo a gente. Os tempos mudaram e a gente sente essa diferen\u00e7a da nossa cria\u00e7\u00e3o e de agora. Ningu\u00e9m respeita mais ningu\u00e9m. N\u00e3o h\u00e1 mais amor ao pr\u00f3ximo\u201d, disse.&nbsp;<\/p>\n\n\n\n<p>A atividade contou com a participa\u00e7\u00e3o da equipe multidisciplinar do local com a participa\u00e7\u00e3o da coordenadora, Francimar Velasco; a pedagoga Jackeline Brito; a enfermeira Ana Paula Galv\u00e3o e a fisioterapeuta Jussara Azevedo.&nbsp;<\/p>\n\n\n\n<p><strong>Tipos de viol\u00eancia e como reconhecer:<\/strong><\/p>\n\n\n\n<p><strong>Viol\u00eancia Psicol\u00f3gica<\/strong>: agress\u00f5es verbais ou gestuais com o objetivo de aterrorizar os idosos, humilh\u00e1-los, restringir sua liberdade ou isol\u00e1-los do conv\u00edvio social.<\/p>\n\n\n\n<p><strong>Neglig\u00eancia<\/strong>: recusa ou omiss\u00e3o de cuidados devidos e necess\u00e1rios aos idosos por parte dos respons\u00e1veis, familiares ou institui\u00e7\u00f5es.&nbsp;<\/p>\n\n\n\n<p><strong>Viol\u00eancia Institucional:&nbsp;<\/strong>trata-se de qualquer tipo de viol\u00eancia exercida dentro do ambiente institucional (p\u00fablico ou privado: institui\u00e7\u00f5es de longa perman\u00eancia (Ilpis), hospitais, bancos e outros) praticada contra a pessoa idosa. A proibi\u00e7\u00e3o ou negativa de atender a pessoa idosa que esteja necessitando de cuidados de sa\u00fade \u00e9 crime.<\/p>\n\n\n\n<p><strong>Abuso financeiro:&nbsp;<\/strong>consiste na explora\u00e7\u00e3o impr\u00f3pria ou ilegal dos idosos ou o uso n\u00e3o consentido por eles de seus recursos financeiros e patrimoniais.&nbsp;<\/p>\n\n\n\n<p><strong>Viol\u00eancia patrimonial:&nbsp;<\/strong>qualquer pr\u00e1tica il\u00edcita que comprometa o patrim\u00f4nio do idoso, como for\u00e7\u00e1-lo a assinar um documento sem lhe ser explicado para que fins \u00e9 destinado, altera\u00e7\u00f5es em seu testamento, procura\u00e7\u00e3o ou ultrapassar os poderes de mandato, antecipa\u00e7\u00e3o de heran\u00e7a ou venda de bens m\u00f3veis e im\u00f3veis sem o consentimento espont\u00e2neo do idoso, falsifica\u00e7\u00f5es de assinatura, etc.&nbsp;<\/p>\n\n\n\n<p>&nbsp;<strong>Viol\u00eancia sexual<\/strong>: ato sexual com pessoas idosas. Esses abusos s\u00e3o sob coa\u00e7\u00e3o com viol\u00eancia f\u00edsica ou amea\u00e7as.&nbsp;<\/p>\n\n\n\n<p><strong>Discrimina\u00e7\u00e3o<\/strong>: comportamentos discriminat\u00f3rios, ofensivos, desrespeitosos em rela\u00e7\u00e3o \u00e0 condi\u00e7\u00e3o f\u00edsica caracter\u00edstica de uma pessoa idosa, desvalorizando e inferiorizando-a simplesmente por sua condi\u00e7\u00e3o.&nbsp;<\/p>\n\n\n\n<p><em>Fotos: Renan Otto<\/em><\/p>\n\n\n\n<p><strong><em>Fa\u00e7a sua den\u00fancia pelo nosso WhatsApp: (21) <\/em><\/strong><strong><em>99744 5345<\/em><\/strong><strong><em><\/em><\/strong><\/p>\n\n\n\n<p><strong><em>S\u00e3o Gon\u00e7alo vai mudar: Not\u00edcias de S\u00e3o Gon\u00e7alo e toda regi\u00e3o.<\/em><\/strong><\/p>\n\n\n\n<figure class=\"wp-block-image size-large\"><img decoding=\"async\" width=\"1024\" height=\"252\" src=\"https:\/\/sgvaimudar.com.br\/wp-content\/uploads\/2025\/03\/Anuncie-Aqui-Sao-Goncalo-vai-mudar-1024x252.jpg\" alt=\"\" class=\"wp-image-22693\" srcset=\"https:\/\/sgvaimudar.com.br\/wp-content\/uploads\/2025\/03\/Anuncie-Aqui-Sao-Goncalo-vai-mudar-1024x252.jpg 1024w, https:\/\/sgvaimudar.com.br\/wp-content\/uploads\/2025\/03\/Anuncie-Aqui-Sao-Goncalo-vai-mudar-300x74.jpg 300w, https:\/\/sgvaimudar.com.br\/wp-content\/uploads\/2025\/03\/Anuncie-Aqui-Sao-Goncalo-vai-mudar-768x189.jpg 768w, https:\/\/sgvaimudar.com.br\/wp-content\/uploads\/2025\/03\/Anuncie-Aqui-Sao-Goncalo-vai-mudar-1536x378.jpg 1536w, https:\/\/sgvaimudar.com.br\/wp-content\/uploads\/2025\/03\/Anuncie-Aqui-Sao-Goncalo-vai-mudar-2048x504.jpg 2048w\" sizes=\"(max-width: 1024px) 100vw, 1024px\" \/><\/figure>\n","protected":false},"excerpt":{"rendered":"<p>Atividade faz parte da Campanha Junho Violeta&nbsp;&nbsp;&nbsp;&nbsp; O Espa\u00e7o Avan\u00e7ado de Aten\u00e7\u00e3o Integral ao Idoso, no Jardim Catarina, fez uma&hellip;<\/p>\n","protected":false},"author":5,"featured_media":27168,"comment_status":"open","ping_status":"open","sticky":false,"template":"","format":"standard","meta":{"fifu_image_url":"","fifu_image_alt":"","footnotes":""},"categories":[32],"tags":[39,41,47,75],"class_list":["post-27166","post","type-post","status-publish","format-standard","has-post-thumbnail","hentry","category-casos-de-policia","tag-ataque","tag-conflito","tag-rj","tag-sao-goncalo"],"_links":{"self":[{"href":"https:\/\/sgvaimudar.com.br\/index.php\/wp-json\/wp\/v2\/posts\/27166","targetHints":{"allow":["GET"]}}],"collection":[{"href":"https:\/\/sgvaimudar.com.br\/index.php\/wp-json\/wp\/v2\/posts"}],"about":[{"href":"https:\/\/sgvaimudar.com.br\/index.php\/wp-json\/wp\/v2\/types\/post"}],"author":[{"embeddable":true,"href":"https:\/\/sgvaimudar.com.br\/index.php\/wp-json\/wp\/v2\/users\/5"}],"replies":[{"embeddable":true,"href":"https:\/\/sgvaimudar.com.br\/index.php\/wp-json\/wp\/v2\/comments?post=27166"}],"version-history":[{"count":1,"href":"https:\/\/sgvaimudar.com.br\/index.php\/wp-json\/wp\/v2\/posts\/27166\/revisions"}],"predecessor-version":[{"id":27169,"href":"https:\/\/sgvaimudar.com.br\/index.php\/wp-json\/wp\/v2\/posts\/27166\/revisions\/27169"}],"wp:featuredmedia":[{"embeddable":true,"href":"https:\/\/sgvaimudar.com.br\/index.php\/wp-json\/wp\/v2\/media\/27168"}],"wp:attachment":[{"href":"https:\/\/sgvaimudar.com.br\/index.php\/wp-json\/wp\/v2\/media?parent=27166"}],"wp:term":[{"taxonomy":"category","embeddable":true,"href":"https:\/\/sgvaimudar.com.br\/index.php\/wp-json\/wp\/v2\/categories?post=27166"},{"taxonomy":"post_tag","embeddable":true,"href":"https:\/\/sgvaimudar.com.br\/index.php\/wp-json\/wp\/v2\/tags?post=27166"}],"curies":[{"name":"wp","href":"https:\/\/api.w.org\/{rel}","templated":true}]}}