{"id":27137,"date":"2025-06-27T17:00:00","date_gmt":"2025-06-27T20:00:00","guid":{"rendered":"https:\/\/sgvaimudar.com.br\/?p=27137"},"modified":"2025-06-27T09:22:10","modified_gmt":"2025-06-27T12:22:10","slug":"itaborai-realiza-15a-conferencia-municipal-de-assistencia-social-com-debates-sobre-os-20-anos-do-suas","status":"publish","type":"post","link":"https:\/\/sgvaimudar.com.br\/index.php\/2025\/06\/27\/itaborai-realiza-15a-conferencia-municipal-de-assistencia-social-com-debates-sobre-os-20-anos-do-suas\/","title":{"rendered":"Itabora\u00ed realiza 15\u00aa Confer\u00eancia Municipal de Assist\u00eancia Social com debates sobre os 20 anos do SUAS"},"content":{"rendered":"\n<p><em>O evento aconteceu no Instituto Federal Fluminense (IFF), em Nova Cidade<\/em><\/p>\n\n\n\n<p>A cidade de Itabora\u00ed sediou, nesta quinta-feira (26\/06), a 15\u00aa Confer\u00eancia Municipal de Assist\u00eancia Social, com o tema \u201c20 anos do SUAS: Constru\u00e7\u00e3o, Prote\u00e7\u00e3o Social e Resist\u00eancia\u201d. A a\u00e7\u00e3o reuniu usu\u00e1rios, trabalhadores do Servi\u00e7o \u00danico de Assist\u00eancia Social (SUAS), gestores p\u00fablicos e representantes da sociedade civil para um dia de debates, propostas e fortalecimento das pol\u00edticas p\u00fablicas no munic\u00edpio.<\/p>\n\n\n\n<p>Promovida pelo Conselho Municipal de Assist\u00eancia Social (CMAS), com apoio da Secretaria Municipal de Desenvolvimento Social, a confer\u00eancia teve como objetivo principal avaliar a trajet\u00f3ria do SUAS, al\u00e9m de definir diretrizes que contribuam para o aprimoramento da pol\u00edtica socioassistencial em n\u00edvel municipal, estadual e federal.<\/p>\n\n\n\n<figure class=\"wp-block-image size-large\"><img fetchpriority=\"high\" decoding=\"async\" width=\"1024\" height=\"768\" src=\"https:\/\/sgvaimudar.com.br\/wp-content\/uploads\/2025\/06\/Itaborai-realiza-15a-Conferencia-Municipal-de-Assistencia-Social-3-2-1440x1080-1-1024x768.jpg\" alt=\"\" class=\"wp-image-27138\" srcset=\"https:\/\/sgvaimudar.com.br\/wp-content\/uploads\/2025\/06\/Itaborai-realiza-15a-Conferencia-Municipal-de-Assistencia-Social-3-2-1440x1080-1-1024x768.jpg 1024w, https:\/\/sgvaimudar.com.br\/wp-content\/uploads\/2025\/06\/Itaborai-realiza-15a-Conferencia-Municipal-de-Assistencia-Social-3-2-1440x1080-1-300x225.jpg 300w, https:\/\/sgvaimudar.com.br\/wp-content\/uploads\/2025\/06\/Itaborai-realiza-15a-Conferencia-Municipal-de-Assistencia-Social-3-2-1440x1080-1-768x576.jpg 768w, https:\/\/sgvaimudar.com.br\/wp-content\/uploads\/2025\/06\/Itaborai-realiza-15a-Conferencia-Municipal-de-Assistencia-Social-3-2-1440x1080-1.jpg 1440w\" sizes=\"(max-width: 1024px) 100vw, 1024px\" \/><\/figure>\n\n\n\n<p>A programa\u00e7\u00e3o come\u00e7ou \u00e0s 8h com credenciamento. Durante a solenidade de abertura, o p\u00fablico foi presenteado com uma apresenta\u00e7\u00e3o cultural do grupo de viol\u00e3o do Servi\u00e7o de Conviv\u00eancia do CRAS Visconde, sob coordena\u00e7\u00e3o dos professores Marcos Leite e Lucas Coube.<\/p>\n\n\n\n<p>A secret\u00e1ria municipal de Desenvolvimento Social, Mariany Baldow, refor\u00e7ou o compromisso da gest\u00e3o com o fortalecimento do SUAS em Itabora\u00ed.<\/p>\n\n\n\n<p>\u201cA Confer\u00eancia \u00e9 mais do que um evento: \u00e9 uma ferramenta de planejamento participativo. \u00c9 onde ouvimos os usu\u00e1rios, os trabalhadores e os gestores para entender o que precisa ser aprimorado. Estamos construindo juntos uma pol\u00edtica mais eficiente, mais justa e mais pr\u00f3xima das reais necessidades da popula\u00e7\u00e3o\u201d, afirmou a secret\u00e1ria.<\/p>\n\n\n\n<p>O ponto alto da manh\u00e3 foi a palestra magna ministrada por Viviane Pereira da Silva, doutora em Pol\u00edtica Social, assistente social e autora de refer\u00eancia na \u00e1rea de vigil\u00e2ncia socioassistencial. Em sua fala, ela apresentou reflex\u00f5es sobre os desafios da prote\u00e7\u00e3o social nas grandes cidades, a import\u00e2ncia do planejamento e da vigil\u00e2ncia no SUAS, al\u00e9m de estrat\u00e9gias para garantir equidade e inclus\u00e3o.<\/p>\n\n\n\n<p>\u201cA Confer\u00eancia \u00e9 um espa\u00e7o democr\u00e1tico, onde os territ\u00f3rios falam. \u00c9 um momento de escuta e de constru\u00e7\u00e3o coletiva de propostas que impactam diretamente o dia a dia dos usu\u00e1rios do SUAS. Celebrar os 20 anos do Sistema \u00e9 tamb\u00e9m reconhecer as lutas e os avan\u00e7os que garantiram direitos a milh\u00f5es de brasileiros\u201d, destacou Viviane durante sua palestra.<\/p>\n\n\n\n<p>\u00c0 tarde, os participantes foram divididos em cinco grupos tem\u00e1ticos, correspondentes aos eixos debatidos nacionalmente: universaliza\u00e7\u00e3o do acesso, gest\u00e3o e inova\u00e7\u00e3o, integra\u00e7\u00e3o entre servi\u00e7os e benef\u00edcios, participa\u00e7\u00e3o social e sustentabilidade financeira. Cada grupo formulou propostas que foram apresentadas e votadas em plen\u00e1ria.<\/p>\n\n\n\n<p>A Confer\u00eancia tamb\u00e9m foi espa\u00e7o para a elei\u00e7\u00e3o dos oito delegados (titulares e suplentes) que representar\u00e3o o munic\u00edpio na etapa estadual, prevista para acontecer nos pr\u00f3ximos meses. As propostas aprovadas em plen\u00e1ria compor\u00e3o o relat\u00f3rio final que ser\u00e1 encaminhado ao Conselho Estadual de Assist\u00eancia Social.<\/p>\n\n\n\n<p><strong><em>S\u00e3o Gon\u00e7alo vai mudar: Not\u00edcias de S\u00e3o Gon\u00e7alo e toda regi\u00e3o.<\/em><\/strong><\/p>\n\n\n\n<figure class=\"wp-block-image size-large\"><img decoding=\"async\" width=\"722\" height=\"1024\" src=\"https:\/\/sgvaimudar.com.br\/wp-content\/uploads\/2023\/10\/Anuncie-aqui-a5-722x1024.png\" alt=\"\" class=\"wp-image-3623\" srcset=\"https:\/\/sgvaimudar.com.br\/wp-content\/uploads\/2023\/10\/Anuncie-aqui-a5-722x1024.png 722w, https:\/\/sgvaimudar.com.br\/wp-content\/uploads\/2023\/10\/Anuncie-aqui-a5-212x300.png 212w, https:\/\/sgvaimudar.com.br\/wp-content\/uploads\/2023\/10\/Anuncie-aqui-a5-768x1089.png 768w, https:\/\/sgvaimudar.com.br\/wp-content\/uploads\/2023\/10\/Anuncie-aqui-a5-1083x1536.png 1083w, https:\/\/sgvaimudar.com.br\/wp-content\/uploads\/2023\/10\/Anuncie-aqui-a5-1444x2048.png 1444w, https:\/\/sgvaimudar.com.br\/wp-content\/uploads\/2023\/10\/Anuncie-aqui-a5.png 1750w\" sizes=\"(max-width: 722px) 100vw, 722px\" \/><\/figure>\n","protected":false},"excerpt":{"rendered":"<p>O evento aconteceu no Instituto Federal Fluminense (IFF), em Nova Cidade A cidade de Itabora\u00ed sediou, nesta quinta-feira (26\/06), a&hellip;<\/p>\n","protected":false},"author":5,"featured_media":27139,"comment_status":"open","ping_status":"open","sticky":false,"template":"","format":"standard","meta":{"fifu_image_url":"","fifu_image_alt":"","footnotes":""},"categories":[36],"tags":[47],"class_list":["post-27137","post","type-post","status-publish","format-standard","has-post-thumbnail","hentry","category-bem-estar","tag-rj"],"_links":{"self":[{"href":"https:\/\/sgvaimudar.com.br\/index.php\/wp-json\/wp\/v2\/posts\/27137","targetHints":{"allow":["GET"]}}],"collection":[{"href":"https:\/\/sgvaimudar.com.br\/index.php\/wp-json\/wp\/v2\/posts"}],"about":[{"href":"https:\/\/sgvaimudar.com.br\/index.php\/wp-json\/wp\/v2\/types\/post"}],"author":[{"embeddable":true,"href":"https:\/\/sgvaimudar.com.br\/index.php\/wp-json\/wp\/v2\/users\/5"}],"replies":[{"embeddable":true,"href":"https:\/\/sgvaimudar.com.br\/index.php\/wp-json\/wp\/v2\/comments?post=27137"}],"version-history":[{"count":1,"href":"https:\/\/sgvaimudar.com.br\/index.php\/wp-json\/wp\/v2\/posts\/27137\/revisions"}],"predecessor-version":[{"id":27140,"href":"https:\/\/sgvaimudar.com.br\/index.php\/wp-json\/wp\/v2\/posts\/27137\/revisions\/27140"}],"wp:featuredmedia":[{"embeddable":true,"href":"https:\/\/sgvaimudar.com.br\/index.php\/wp-json\/wp\/v2\/media\/27139"}],"wp:attachment":[{"href":"https:\/\/sgvaimudar.com.br\/index.php\/wp-json\/wp\/v2\/media?parent=27137"}],"wp:term":[{"taxonomy":"category","embeddable":true,"href":"https:\/\/sgvaimudar.com.br\/index.php\/wp-json\/wp\/v2\/categories?post=27137"},{"taxonomy":"post_tag","embeddable":true,"href":"https:\/\/sgvaimudar.com.br\/index.php\/wp-json\/wp\/v2\/tags?post=27137"}],"curies":[{"name":"wp","href":"https:\/\/api.w.org\/{rel}","templated":true}]}}