{"id":27129,"date":"2025-06-27T14:00:00","date_gmt":"2025-06-27T17:00:00","guid":{"rendered":"https:\/\/sgvaimudar.com.br\/?p=27129"},"modified":"2025-06-27T09:07:43","modified_gmt":"2025-06-27T12:07:43","slug":"capacitacao-para-mulheres-empreendedoras-forma-a-14a-turma","status":"publish","type":"post","link":"https:\/\/sgvaimudar.com.br\/index.php\/2025\/06\/27\/capacitacao-para-mulheres-empreendedoras-forma-a-14a-turma\/","title":{"rendered":"Capacita\u00e7\u00e3o para mulheres empreendedoras forma a 14\u00aa turma"},"content":{"rendered":"\n<p><em>Formandas receberam seus certificados nesta quinta-feira, no Partage Shopping<\/em><\/p>\n\n\n\n<p>A cerim\u00f4nia de encerramento da 14\u00aa turma do projeto Lidera Mulher ocorreu na tarde desta quinta-feira (26). A iniciativa da Secretaria de Assist\u00eancia Social, atrav\u00e9s da Subsecretaria de Pol\u00edticas P\u00fablicas para as Mulheres, em parceria com o Sebrae, fornece aulas voltadas ao empreendedorismo feminino.<\/p>\n\n\n\n<p>Mais de 140 alunas foram formadas e receberam o certificado de conclus\u00e3o durante o evento, na presen\u00e7a de familiares e amigos.&nbsp;<\/p>\n\n\n\n<p>\u201cFico muito empolgado de vir aqui e ver que as turmas sempre v\u00e3o at\u00e9 o final, \u00e9 dif\u00edcil ver um curso t\u00e3o bem aceito e interessante. Espero que todas tenham aproveitado bastante essa qualifica\u00e7\u00e3o. J\u00e1 estamos formatando outros projetos, em parceria com o Sebrae, pois nossa popula\u00e7\u00e3o merece essas oportunidades. Parab\u00e9ns para todas!\u201d, declarou o secret\u00e1rio de Assist\u00eancia Social, Felippe Mattos.<\/p>\n\n\n\n<figure class=\"wp-block-image size-full\"><img fetchpriority=\"high\" decoding=\"async\" width=\"1024\" height=\"683\" src=\"https:\/\/sgvaimudar.com.br\/wp-content\/uploads\/2025\/06\/unnamed-13-5.jpg\" alt=\"\" class=\"wp-image-27130\" srcset=\"https:\/\/sgvaimudar.com.br\/wp-content\/uploads\/2025\/06\/unnamed-13-5.jpg 1024w, https:\/\/sgvaimudar.com.br\/wp-content\/uploads\/2025\/06\/unnamed-13-5-300x200.jpg 300w, https:\/\/sgvaimudar.com.br\/wp-content\/uploads\/2025\/06\/unnamed-13-5-768x512.jpg 768w\" sizes=\"(max-width: 1024px) 100vw, 1024px\" \/><\/figure>\n\n\n\n<p>Durante as aulas do Lidera Mulher, instrutores do Sebrae ofereceram conhecimentos e ferramentas essenciais para capacitar as empreendedoras do munic\u00edpio, abordando temas como formaliza\u00e7\u00e3o, administra\u00e7\u00e3o e planejamento de neg\u00f3cios, t\u00e9cnicas de vendas e uso das m\u00eddias sociais. Al\u00e9m disso, foram realizadas palestras ministradas pela equipe da Subsecretaria, garantindo reflex\u00f5es de g\u00eanero e empoderamento feminino.&nbsp;<\/p>\n\n\n\n<p>\u201cPara essas mulheres, a formatura \u00e9 um momento muito marcante. \u00c9 uma forma de reconhecer que elas podem alcan\u00e7ar novos espa\u00e7os, ampliar seus conhecimentos, conquistar autonomia financeira e superar barreiras que antes as impedia de acreditar em si mesmas\u201d, destacou a subsecret\u00e1ria de Pol\u00edticas P\u00fablicas para as Mulheres, Ana Cristina da Silva.<\/p>\n\n\n\n<p>A empreendedora, Tatiana Vasconcelos, de 49 anos, afirma que gostou muito da capacita\u00e7\u00e3o e preparou lembrancinhas do seu neg\u00f3cio para as colegas da turma.<\/p>\n\n\n\n<p>\u201cAdorei tudo que foi passado para n\u00f3s e a gentileza dos professores e da equipe da Subsecretaria. Eu tinha um pouco de dificuldade com o mercado online e o curso me ajudou muito. Agora estou desenvolvendo tudo que aprendi e melhorando meu trabalho\u201d, afirmou.<\/p>\n\n\n\n<p>A pr\u00f3xima etapa ser\u00e1 a inser\u00e7\u00e3o das formandas no Espa\u00e7o do Projeto Lidera Mulher, no 3\u00ba piso do Shopping Partage, onde poder\u00e3o expor e divulgar seus trabalhos. Tamb\u00e9m ter\u00e3o a oportunidade de participar da Feira da Mulher Empreendedora, na Pra\u00e7a Luiz Palmier, no Centro.<\/p>\n\n\n\n<p>As inscri\u00e7\u00f5es para a pr\u00f3xima turma do projeto j\u00e1 est\u00e3o abertas e podem ser feitas atrav\u00e9s do e-mail:&nbsp;<a href=\"mailto:inscricaolideramulher@gmail.com\" rel=\"noreferrer noopener\" target=\"_blank\">inscricaolideramulher@gmail.com<\/a>&nbsp;e nos espa\u00e7os f\u00edsicos do Lidera Mulher, no Shopping Partage ou na Feira da Mulher Empreendedora. As aulas come\u00e7am no dia 10 de julho e v\u00e3o acontecer, presencialmente, no Espa\u00e7o Mais Conhecimento, localizado no 2\u00ba piso do Shopping Partage.<\/p>\n\n\n\n<p><em>Fotos: Fabio Guimar\u00e3es<\/em><\/p>\n\n\n\n<p><strong><em>S\u00e3o Gon\u00e7alo vai mudar: Not\u00edcias de S\u00e3o Gon\u00e7alo e toda regi\u00e3o.<\/em><\/strong><\/p>\n\n\n\n<figure class=\"wp-block-image size-large\"><img decoding=\"async\" width=\"1024\" height=\"46\" src=\"https:\/\/sgvaimudar.com.br\/wp-content\/uploads\/2023\/08\/Anuncie-Aqui-Sao-Goncalo-vai-mudar-1024x46.png\" alt=\"\" class=\"wp-image-2740\" srcset=\"https:\/\/sgvaimudar.com.br\/wp-content\/uploads\/2023\/08\/Anuncie-Aqui-Sao-Goncalo-vai-mudar-1024x46.png 1024w, https:\/\/sgvaimudar.com.br\/wp-content\/uploads\/2023\/08\/Anuncie-Aqui-Sao-Goncalo-vai-mudar-300x13.png 300w, https:\/\/sgvaimudar.com.br\/wp-content\/uploads\/2023\/08\/Anuncie-Aqui-Sao-Goncalo-vai-mudar-768x35.png 768w, https:\/\/sgvaimudar.com.br\/wp-content\/uploads\/2023\/08\/Anuncie-Aqui-Sao-Goncalo-vai-mudar-1536x69.png 1536w, https:\/\/sgvaimudar.com.br\/wp-content\/uploads\/2023\/08\/Anuncie-Aqui-Sao-Goncalo-vai-mudar.png 2002w\" sizes=\"(max-width: 1024px) 100vw, 1024px\" \/><\/figure>\n","protected":false},"excerpt":{"rendered":"<p>Formandas receberam seus certificados nesta quinta-feira, no Partage Shopping A cerim\u00f4nia de encerramento da 14\u00aa turma do projeto Lidera Mulher&hellip;<\/p>\n","protected":false},"author":5,"featured_media":27131,"comment_status":"open","ping_status":"open","sticky":false,"template":"","format":"standard","meta":{"fifu_image_url":"","fifu_image_alt":"","footnotes":""},"categories":[3],"tags":[47,75],"class_list":["post-27129","post","type-post","status-publish","format-standard","has-post-thumbnail","hentry","category-sao-goncalo","tag-rj","tag-sao-goncalo"],"_links":{"self":[{"href":"https:\/\/sgvaimudar.com.br\/index.php\/wp-json\/wp\/v2\/posts\/27129","targetHints":{"allow":["GET"]}}],"collection":[{"href":"https:\/\/sgvaimudar.com.br\/index.php\/wp-json\/wp\/v2\/posts"}],"about":[{"href":"https:\/\/sgvaimudar.com.br\/index.php\/wp-json\/wp\/v2\/types\/post"}],"author":[{"embeddable":true,"href":"https:\/\/sgvaimudar.com.br\/index.php\/wp-json\/wp\/v2\/users\/5"}],"replies":[{"embeddable":true,"href":"https:\/\/sgvaimudar.com.br\/index.php\/wp-json\/wp\/v2\/comments?post=27129"}],"version-history":[{"count":1,"href":"https:\/\/sgvaimudar.com.br\/index.php\/wp-json\/wp\/v2\/posts\/27129\/revisions"}],"predecessor-version":[{"id":27132,"href":"https:\/\/sgvaimudar.com.br\/index.php\/wp-json\/wp\/v2\/posts\/27129\/revisions\/27132"}],"wp:featuredmedia":[{"embeddable":true,"href":"https:\/\/sgvaimudar.com.br\/index.php\/wp-json\/wp\/v2\/media\/27131"}],"wp:attachment":[{"href":"https:\/\/sgvaimudar.com.br\/index.php\/wp-json\/wp\/v2\/media?parent=27129"}],"wp:term":[{"taxonomy":"category","embeddable":true,"href":"https:\/\/sgvaimudar.com.br\/index.php\/wp-json\/wp\/v2\/categories?post=27129"},{"taxonomy":"post_tag","embeddable":true,"href":"https:\/\/sgvaimudar.com.br\/index.php\/wp-json\/wp\/v2\/tags?post=27129"}],"curies":[{"name":"wp","href":"https:\/\/api.w.org\/{rel}","templated":true}]}}