{"id":27125,"date":"2025-06-27T13:00:00","date_gmt":"2025-06-27T16:00:00","guid":{"rendered":"https:\/\/sgvaimudar.com.br\/?p=27125"},"modified":"2025-06-27T09:01:43","modified_gmt":"2025-06-27T12:01:43","slug":"criancas-aprendem-sobre-alimentacao-saudavel-em-escola-municipal","status":"publish","type":"post","link":"https:\/\/sgvaimudar.com.br\/index.php\/2025\/06\/27\/criancas-aprendem-sobre-alimentacao-saudavel-em-escola-municipal\/","title":{"rendered":"Crian\u00e7as aprendem sobre alimenta\u00e7\u00e3o saud\u00e1vel em Escola Municipal"},"content":{"rendered":"\n<p><em>Atividade foi desenvolvida com alunos do Pr\u00e9 II da Escola Municipal Pastor Haroldo Gomes<\/em><\/p>\n\n\n\n<p>O \u201cProjeto Meu Ambiente\u201d, desenvolvido pela Secretaria de Meio Ambiente do munic\u00edpio de S\u00e3o Gon\u00e7alo, em parceria com a Secretaria de Educa\u00e7\u00e3o, realizou mais uma a\u00e7\u00e3o com os alunos do Pr\u00e9 II da Escola Municipal Pastor Haroldo Gomes, em Ita\u00fana. <\/p>\n\n\n\n<p>Ao complementar a horta que os alunos plantaram na a\u00e7\u00e3o anterior, que aconteceu no in\u00edcio deste m\u00eas, as nutricionistas da Educa\u00e7\u00e3o Bruna Messias e Carla Gomes conversaram com as crian\u00e7as sobre alimenta\u00e7\u00e3o saud\u00e1vel e sem agrot\u00f3xicos na tarde desta quinta-feira (26).<\/p>\n\n\n\n<figure class=\"wp-block-image size-full\"><img fetchpriority=\"high\" decoding=\"async\" width=\"1024\" height=\"681\" src=\"https:\/\/sgvaimudar.com.br\/wp-content\/uploads\/2025\/06\/unnamed-10-8.jpg\" alt=\"\" class=\"wp-image-27126\" srcset=\"https:\/\/sgvaimudar.com.br\/wp-content\/uploads\/2025\/06\/unnamed-10-8.jpg 1024w, https:\/\/sgvaimudar.com.br\/wp-content\/uploads\/2025\/06\/unnamed-10-8-300x200.jpg 300w, https:\/\/sgvaimudar.com.br\/wp-content\/uploads\/2025\/06\/unnamed-10-8-768x511.jpg 768w\" sizes=\"(max-width: 1024px) 100vw, 1024px\" \/><\/figure>\n\n\n\n<p>As nutricionistas contaram uma hist\u00f3ria para as crian\u00e7as sobre um menino que passou a se alimentar de forma saud\u00e1vel ap\u00f3s passar alguns dias na casa da av\u00f3. Al\u00e9m disso, foi desenvolvido o jogo Corrida dos Alimentos, com o objetivo de ensinar, de forma divertida, a diferen\u00e7a entre alimentos saud\u00e1veis e n\u00e3o saud\u00e1veis, incluindo comidas e bebidas.<\/p>\n\n\n\n<p>O secret\u00e1rio de Meio Ambiente e Transportes, F\u00e1bio Lemos, falou sobre o projeto.<\/p>\n\n\n\n<p>&#8220;Realizamos rotineiramente as atividades com as crian\u00e7as nas escolas, j\u00e1 ensinamos sobre a Amaz\u00f4nia, sobre a \u00e1gua e explicamos tamb\u00e9m sobre a fauna e a flora. Tudo \u00e9 desenvolvido de forma bem l\u00fadica e leve para que as crian\u00e7as possam aprender de uma forma mais prazerosa. Os temas s\u00e3o escolhidos de acordo com sugest\u00f5es da escola. \u00c9 muito importante ensinar as futuras gera\u00e7\u00f5es sobre a import\u00e2ncia da preserva\u00e7\u00e3o do meio ambiente para que elas possam cuidar do nosso planeta quando ficarem mais velhas&#8221;, afirmou.<\/p>\n\n\n\n<p>Glauce Batista Junior, educadora ambiental e coordenadora do projeto, explicou a atividade desenvolvida em sala de aula nesta quarta.<\/p>\n\n\n\n<p>&#8220;Al\u00e9m de incentivar bons h\u00e1bitos alimentares desde cedo, o jogo Corrida dos Alimentos tamb\u00e9m ajuda as crian\u00e7as a pensarem sobre o cuidado com o meio ambiente. Durante a brincadeira, destaca-se a import\u00e2ncia de consumir alimentos mais naturais e valorizar o cultivo de hortas sem agrot\u00f3xicos, especialmente no ambiente escolar. Assim, as crian\u00e7as aprendem n\u00e3o s\u00f3 a se alimentar melhor, mas tamb\u00e9m a cuidar da natureza e entender como a sa\u00fade est\u00e1 ligada ao que comemos e ao jeito como tratamos o planeta&#8221;, explicou.<\/p>\n\n\n\n<p>Para Yasmin Souza do Nascimento, de 5 anos, que participou da atividade, a tarde foi divertida.<\/p>\n\n\n\n<p>&#8220;Eu gostei muito da hist\u00f3ria e da brincadeira! Eu como tomate e alface que nem o menino da hist\u00f3ria. Estou muito feliz que tamb\u00e9m ganhamos livrinhos para pintar, vou levar tudo para casa&#8221;, disse.<\/p>\n\n\n\n<p>Ao final da tarde, os alunos ganharam um livrinho para colorir com o nome &#8216;Turma da Horta&#8217; e giz de cera.<\/p>\n\n\n\n<p>O \u201cProjeto Meu Ambiente\u201d \u00e9 uma iniciativa da Prefeitura de S\u00e3o Gon\u00e7alo que tem como objetivo integrar a educa\u00e7\u00e3o ambiental ao cotidiano escolar. Atrav\u00e9s de um processo cont\u00ednuo de ensino-aprendizagem interdisciplinar, o projeto estimula a reflex\u00e3o sobre temas essenciais ao desenvolvimento sustent\u00e1vel. Ele est\u00e1 vinculado ao Programa Municipal de Educa\u00e7\u00e3o Ambiental (ProMEA S\u00e3o Gon\u00e7alo) e segue as diretrizes estabelecidas pela Resolu\u00e7\u00e3o Conjunta SEAS\/INEA n\u00ba 039\/2021.<\/p>\n\n\n\n<p><em>Fotos: Julio Diniz<\/em><\/p>\n\n\n\n<p><strong><em>S\u00e3o Gon\u00e7alo vai mudar: Not\u00edcias de S\u00e3o Gon\u00e7alo e toda regi\u00e3o.<\/em><\/strong><\/p>\n\n\n\n<figure class=\"wp-block-image size-large\"><img decoding=\"async\" width=\"1024\" height=\"252\" src=\"https:\/\/sgvaimudar.com.br\/wp-content\/uploads\/2025\/03\/Anuncie-Aqui-Sao-Goncalo-vai-mudar-1024x252.jpg\" alt=\"\" class=\"wp-image-22693\" srcset=\"https:\/\/sgvaimudar.com.br\/wp-content\/uploads\/2025\/03\/Anuncie-Aqui-Sao-Goncalo-vai-mudar-1024x252.jpg 1024w, https:\/\/sgvaimudar.com.br\/wp-content\/uploads\/2025\/03\/Anuncie-Aqui-Sao-Goncalo-vai-mudar-300x74.jpg 300w, https:\/\/sgvaimudar.com.br\/wp-content\/uploads\/2025\/03\/Anuncie-Aqui-Sao-Goncalo-vai-mudar-768x189.jpg 768w, https:\/\/sgvaimudar.com.br\/wp-content\/uploads\/2025\/03\/Anuncie-Aqui-Sao-Goncalo-vai-mudar-1536x378.jpg 1536w, https:\/\/sgvaimudar.com.br\/wp-content\/uploads\/2025\/03\/Anuncie-Aqui-Sao-Goncalo-vai-mudar-2048x504.jpg 2048w\" sizes=\"(max-width: 1024px) 100vw, 1024px\" \/><\/figure>\n","protected":false},"excerpt":{"rendered":"<p>Atividade foi desenvolvida com alunos do Pr\u00e9 II da Escola Municipal Pastor Haroldo Gomes O \u201cProjeto Meu Ambiente\u201d, desenvolvido pela&hellip;<\/p>\n","protected":false},"author":5,"featured_media":27127,"comment_status":"open","ping_status":"open","sticky":false,"template":"","format":"standard","meta":{"fifu_image_url":"","fifu_image_alt":"","footnotes":""},"categories":[3],"tags":[47,75],"class_list":["post-27125","post","type-post","status-publish","format-standard","has-post-thumbnail","hentry","category-sao-goncalo","tag-rj","tag-sao-goncalo"],"_links":{"self":[{"href":"https:\/\/sgvaimudar.com.br\/index.php\/wp-json\/wp\/v2\/posts\/27125","targetHints":{"allow":["GET"]}}],"collection":[{"href":"https:\/\/sgvaimudar.com.br\/index.php\/wp-json\/wp\/v2\/posts"}],"about":[{"href":"https:\/\/sgvaimudar.com.br\/index.php\/wp-json\/wp\/v2\/types\/post"}],"author":[{"embeddable":true,"href":"https:\/\/sgvaimudar.com.br\/index.php\/wp-json\/wp\/v2\/users\/5"}],"replies":[{"embeddable":true,"href":"https:\/\/sgvaimudar.com.br\/index.php\/wp-json\/wp\/v2\/comments?post=27125"}],"version-history":[{"count":1,"href":"https:\/\/sgvaimudar.com.br\/index.php\/wp-json\/wp\/v2\/posts\/27125\/revisions"}],"predecessor-version":[{"id":27128,"href":"https:\/\/sgvaimudar.com.br\/index.php\/wp-json\/wp\/v2\/posts\/27125\/revisions\/27128"}],"wp:featuredmedia":[{"embeddable":true,"href":"https:\/\/sgvaimudar.com.br\/index.php\/wp-json\/wp\/v2\/media\/27127"}],"wp:attachment":[{"href":"https:\/\/sgvaimudar.com.br\/index.php\/wp-json\/wp\/v2\/media?parent=27125"}],"wp:term":[{"taxonomy":"category","embeddable":true,"href":"https:\/\/sgvaimudar.com.br\/index.php\/wp-json\/wp\/v2\/categories?post=27125"},{"taxonomy":"post_tag","embeddable":true,"href":"https:\/\/sgvaimudar.com.br\/index.php\/wp-json\/wp\/v2\/tags?post=27125"}],"curies":[{"name":"wp","href":"https:\/\/api.w.org\/{rel}","templated":true}]}}