{"id":27121,"date":"2025-06-27T12:00:00","date_gmt":"2025-06-27T15:00:00","guid":{"rendered":"https:\/\/sgvaimudar.com.br\/?p=27121"},"modified":"2025-06-27T08:54:29","modified_gmt":"2025-06-27T11:54:29","slug":"imperdivel-prefeitura-lanca-nova-edicao-de-programa-para-regularizacao-de-debitos-tributarios","status":"publish","type":"post","link":"https:\/\/sgvaimudar.com.br\/index.php\/2025\/06\/27\/imperdivel-prefeitura-lanca-nova-edicao-de-programa-para-regularizacao-de-debitos-tributarios\/","title":{"rendered":"Imperd\u00edvel! Prefeitura lan\u00e7a nova edi\u00e7\u00e3o de Programa para regulariza\u00e7\u00e3o de d\u00e9bitos tribut\u00e1rios"},"content":{"rendered":"\n<p><em>\u201cConcilia S\u00e3o Gon\u00e7alo 2025\u201d vai entrar em vigor em setembro com descontos para contribuintes<\/em><\/p>\n\n\n\n<p>A Prefeitura de S\u00e3o Gon\u00e7alo vai promover mais uma edi\u00e7\u00e3o do Programa \u201cConcilia S\u00e3o Gon\u00e7alo 2025\u201d, que tem como objetivo facilitar a regulariza\u00e7\u00e3o de d\u00edvidas de contribuintes com o munic\u00edpio, por meio de acordos de concilia\u00e7\u00e3o com descontos expressivos nos valores da d\u00edvida e encargos morat\u00f3rios ou parcelamento em at\u00e9 60 vezes, tamb\u00e9m com desconto.&nbsp;<\/p>\n\n\n\n<p>O programa estar\u00e1 em vigor entre os dias 1\u00ba e 30 de setembro de 2025. Os atendimentos ocorrer\u00e3o nas unidades da Procuradoria Geral e da Secretaria de Fazenda, no Partage Shopping, de segunda a sexta-feira, das 8h \u00e0s 20h, e aos s\u00e1bados, das 10h \u00e0s 18h, inclusive em feriados.<\/p>\n\n\n\n<figure class=\"wp-block-image size-full\"><img fetchpriority=\"high\" decoding=\"async\" width=\"1024\" height=\"683\" src=\"https:\/\/sgvaimudar.com.br\/wp-content\/uploads\/2025\/06\/unnamed-9-8.jpg\" alt=\"\" class=\"wp-image-27122\" srcset=\"https:\/\/sgvaimudar.com.br\/wp-content\/uploads\/2025\/06\/unnamed-9-8.jpg 1024w, https:\/\/sgvaimudar.com.br\/wp-content\/uploads\/2025\/06\/unnamed-9-8-300x200.jpg 300w, https:\/\/sgvaimudar.com.br\/wp-content\/uploads\/2025\/06\/unnamed-9-8-768x512.jpg 768w\" sizes=\"(max-width: 1024px) 100vw, 1024px\" \/><\/figure>\n\n\n\n<p>Poder\u00e3o participar do programa pessoas f\u00edsicas ou jur\u00eddicas com d\u00e9bitos tribut\u00e1rios e n\u00e3o tribut\u00e1rios inscritos em d\u00edvida ativa e ajuizados, relativos a impostos como IPTU, ISS e Taxa de Coleta de Lixo (TCL), desde que os fatos geradores tenham ocorrido at\u00e9 o ano de 2024. <\/p>\n\n\n\n<p>O contribuinte poder\u00e1 optar por pagamento \u00e0 vista, com 10% de desconto no valor principal da d\u00edvida e 100% de desconto nos encargos morat\u00f3rios, ou realizar o parcelamento, com redu\u00e7\u00f5es proporcionais conforme o n\u00famero de parcelas.<\/p>\n\n\n\n<p>Os descontos nos encargos variam de 90% para parcelamento em at\u00e9 cinco vezes at\u00e9 30% para parcelamento em at\u00e9 60 vezes. A ades\u00e3o definitiva ao acordo somente ser\u00e1 validada com o pagamento da primeira parcela ou parcela \u00fanica, que deve ser quitada em at\u00e9 dois dias corridos ap\u00f3s a emiss\u00e3o da guia. As demais parcelas vencer\u00e3o nas mesmas datas dos meses seguintes.<\/p>\n\n\n\n<p>Para participar, o contribuinte ou seu representante dever\u00e1 comparecer pessoalmente ao ponto de atendimento e realizar a atualiza\u00e7\u00e3o cadastral, etapa obrigat\u00f3ria antes de qualquer negocia\u00e7\u00e3o. \u00c9 necess\u00e1rio apresentar documento de identidade com CPF e comprovante de resid\u00eancia atualizado. Caso o im\u00f3vel n\u00e3o esteja no nome do contribuinte, ser\u00e1 preciso levar documento que comprove a posse, como escritura ou contrato de compra e venda. No caso de representantes legais, tamb\u00e9m ser\u00e1 exigida procura\u00e7\u00e3o simples, al\u00e9m da documenta\u00e7\u00e3o pessoal e comprovante de resid\u00eancia.<\/p>\n\n\n\n<p>O programa tamb\u00e9m permite a solicita\u00e7\u00e3o de gratuidade de justi\u00e7a, de acordo com o artigo 98 do C\u00f3digo de Processo Civil (Lei n\u00ba 13.105\/2015), at\u00e9 o 20\u00ba dia de vig\u00eancia do \u201cConcilia 2025\u201d. Caso o contribuinte que esteja em parcelamento queira quitar o d\u00e9bito \u00e0 vista durante o per\u00edodo do programa, poder\u00e1 solicitar a aplica\u00e7\u00e3o dos mesmos descontos oferecidos para pagamento integral.<\/p>\n\n\n\n<p>O descumprimento do acordo, com interrup\u00e7\u00e3o ou atraso de pagamento por mais de 30 dias, acarretar\u00e1 o cancelamento autom\u00e1tico do benef\u00edcio e a retomada da cobran\u00e7a do valor integral do d\u00e9bito, com todos os acr\u00e9scimos legais, descontando apenas os valores efetivamente pagos. Al\u00e9m disso, os benef\u00edcios concedidos pelo \u201cConcilia S\u00e3o Gon\u00e7alo 2025\u201d n\u00e3o s\u00e3o cumulativos com os de programas anteriores. Contribuintes que interromperam parcelamentos anteriores poder\u00e3o solicitar a ades\u00e3o \u00e0s novas condi\u00e7\u00f5es, desde que dentro das regras atuais.<\/p>\n\n\n\n<p>O Programa \u201cConcilia S\u00e3o Gon\u00e7alo 2025\u201d representa uma oportunidade \u00fanica para que contribuintes regularizem suas pend\u00eancias fiscais com condi\u00e7\u00f5es facilitadas, evitando a\u00e7\u00f5es judiciais e recuperando sua regularidade junto ao munic\u00edpio. Mais informa\u00e7\u00f5es podem ser encontradas no Di\u00e1rio Oficial do dia 25 de julho, no site oficial da Prefeitura de S\u00e3o Gon\u00e7alo.<\/p>\n\n\n\n<p><em>Fotos: Fabio Guimar\u00e3e<\/em>s<\/p>\n\n\n\n<p><strong><em>S\u00e3o Gon\u00e7alo vai mudar: Not\u00edcias de S\u00e3o Gon\u00e7alo e toda regi\u00e3o.<\/em><\/strong><\/p>\n\n\n\n<figure class=\"wp-block-image size-large\"><img decoding=\"async\" width=\"1024\" height=\"46\" src=\"https:\/\/sgvaimudar.com.br\/wp-content\/uploads\/2023\/08\/Anuncie-Aqui-Sao-Goncalo-vai-mudar-1024x46.png\" alt=\"\" class=\"wp-image-2740\" srcset=\"https:\/\/sgvaimudar.com.br\/wp-content\/uploads\/2023\/08\/Anuncie-Aqui-Sao-Goncalo-vai-mudar-1024x46.png 1024w, https:\/\/sgvaimudar.com.br\/wp-content\/uploads\/2023\/08\/Anuncie-Aqui-Sao-Goncalo-vai-mudar-300x13.png 300w, https:\/\/sgvaimudar.com.br\/wp-content\/uploads\/2023\/08\/Anuncie-Aqui-Sao-Goncalo-vai-mudar-768x35.png 768w, https:\/\/sgvaimudar.com.br\/wp-content\/uploads\/2023\/08\/Anuncie-Aqui-Sao-Goncalo-vai-mudar-1536x69.png 1536w, https:\/\/sgvaimudar.com.br\/wp-content\/uploads\/2023\/08\/Anuncie-Aqui-Sao-Goncalo-vai-mudar.png 2002w\" sizes=\"(max-width: 1024px) 100vw, 1024px\" \/><\/figure>\n","protected":false},"excerpt":{"rendered":"<p>\u201cConcilia S\u00e3o Gon\u00e7alo 2025\u201d vai entrar em vigor em setembro com descontos para contribuintes A Prefeitura de S\u00e3o Gon\u00e7alo vai&hellip;<\/p>\n","protected":false},"author":5,"featured_media":27123,"comment_status":"open","ping_status":"open","sticky":false,"template":"","format":"standard","meta":{"fifu_image_url":"","fifu_image_alt":"","footnotes":""},"categories":[3],"tags":[47,75],"class_list":["post-27121","post","type-post","status-publish","format-standard","has-post-thumbnail","hentry","category-sao-goncalo","tag-rj","tag-sao-goncalo"],"_links":{"self":[{"href":"https:\/\/sgvaimudar.com.br\/index.php\/wp-json\/wp\/v2\/posts\/27121","targetHints":{"allow":["GET"]}}],"collection":[{"href":"https:\/\/sgvaimudar.com.br\/index.php\/wp-json\/wp\/v2\/posts"}],"about":[{"href":"https:\/\/sgvaimudar.com.br\/index.php\/wp-json\/wp\/v2\/types\/post"}],"author":[{"embeddable":true,"href":"https:\/\/sgvaimudar.com.br\/index.php\/wp-json\/wp\/v2\/users\/5"}],"replies":[{"embeddable":true,"href":"https:\/\/sgvaimudar.com.br\/index.php\/wp-json\/wp\/v2\/comments?post=27121"}],"version-history":[{"count":1,"href":"https:\/\/sgvaimudar.com.br\/index.php\/wp-json\/wp\/v2\/posts\/27121\/revisions"}],"predecessor-version":[{"id":27124,"href":"https:\/\/sgvaimudar.com.br\/index.php\/wp-json\/wp\/v2\/posts\/27121\/revisions\/27124"}],"wp:featuredmedia":[{"embeddable":true,"href":"https:\/\/sgvaimudar.com.br\/index.php\/wp-json\/wp\/v2\/media\/27123"}],"wp:attachment":[{"href":"https:\/\/sgvaimudar.com.br\/index.php\/wp-json\/wp\/v2\/media?parent=27121"}],"wp:term":[{"taxonomy":"category","embeddable":true,"href":"https:\/\/sgvaimudar.com.br\/index.php\/wp-json\/wp\/v2\/categories?post=27121"},{"taxonomy":"post_tag","embeddable":true,"href":"https:\/\/sgvaimudar.com.br\/index.php\/wp-json\/wp\/v2\/tags?post=27121"}],"curies":[{"name":"wp","href":"https:\/\/api.w.org\/{rel}","templated":true}]}}