{"id":27117,"date":"2025-06-27T11:00:00","date_gmt":"2025-06-27T14:00:00","guid":{"rendered":"https:\/\/sgvaimudar.com.br\/?p=27117"},"modified":"2025-06-27T08:47:59","modified_gmt":"2025-06-27T11:47:59","slug":"prefeitura-realiza-acao-de-conscientizacao-contra-as-drogas","status":"publish","type":"post","link":"https:\/\/sgvaimudar.com.br\/index.php\/2025\/06\/27\/prefeitura-realiza-acao-de-conscientizacao-contra-as-drogas\/","title":{"rendered":"Prefeitura realiza a\u00e7\u00e3o de conscientiza\u00e7\u00e3o contra as drogas\u00a0"},"content":{"rendered":"\n<p><em>Atividade \u00e9 alusiva ao Dia Internacional de Combate \u00e0s Drogas e ao Tr\u00e1fico Il\u00edcito<\/em><\/p>\n\n\n\n<p>Centenas de pessoas participaram, na manh\u00e3 desta quinta-feira (26), de um evento feito em alus\u00e3o ao Dia Internacional de Combate \u00e0s Drogas e ao Tr\u00e1fico Il\u00edcito, no Alc\u00e2ntara. A a\u00e7\u00e3o foi uma promo\u00e7\u00e3o da Secretaria de Pol\u00edticas sobre \u00c1lcool e Drogas da Prefeitura de S\u00e3o Gon\u00e7alo. Um dos objetivos do evento era conscientizar as pessoas sobre os v\u00edcios e o uso excessivo de subst\u00e2ncias, al\u00e9m de oferecer servi\u00e7os de sa\u00fade e de assist\u00eancia social.<\/p>\n\n\n\n<p>Celebrado neste dia 26 de junho, o Dia Internacional contra o Abuso e Tr\u00e1fico Il\u00edcito de Drogas foi estabelecido pela Organiza\u00e7\u00e3o das Na\u00e7\u00f5es Unidas (ONU) em 1987 com o objetivo de conscientizar as pessoas a n\u00edvel global sobre essa tem\u00e1tica e planejar a\u00e7\u00f5es para combater essas depend\u00eancias.<\/p>\n\n\n\n<figure class=\"wp-block-image size-full\"><img fetchpriority=\"high\" decoding=\"async\" width=\"1024\" height=\"681\" src=\"https:\/\/sgvaimudar.com.br\/wp-content\/uploads\/2025\/06\/unnamed-7-10.jpg\" alt=\"\" class=\"wp-image-27118\" srcset=\"https:\/\/sgvaimudar.com.br\/wp-content\/uploads\/2025\/06\/unnamed-7-10.jpg 1024w, https:\/\/sgvaimudar.com.br\/wp-content\/uploads\/2025\/06\/unnamed-7-10-300x200.jpg 300w, https:\/\/sgvaimudar.com.br\/wp-content\/uploads\/2025\/06\/unnamed-7-10-768x511.jpg 768w\" sizes=\"(max-width: 1024px) 100vw, 1024px\" \/><\/figure>\n\n\n\n<p>Durante o evento em S\u00e3o Gon\u00e7alo, representantes da Secretaria de Pol\u00edticas sobre \u00c1lcool e Drogas conscientizaram as pessoas sobre o problema da depend\u00eancia em \u00e1lcool e em subst\u00e2ncias qu\u00edmicas. Al\u00e9m disso, agentes da Secretaria de Sa\u00fade ofereceram atendimentos como aferi\u00e7\u00e3o de press\u00e3o arterial, teste de glicose, testes r\u00e1pidos. Equipes do CAPS \u2013 Centro de Aten\u00e7\u00e3o Psicossocial \u2013 e da Coordena\u00e7\u00e3o de Controle do Tabagismo tamb\u00e9m estiveram no local, com orienta\u00e7\u00f5es e apoio para quem deseja cuidar da sa\u00fade mental e dizer n\u00e3o \u00e0 depend\u00eancia.<\/p>\n\n\n\n<p>Tamb\u00e9m estiveram presentes representantes da Secretaria de Assist\u00eancia Social com uma equipe oferecendo servi\u00e7os do CRAS, orienta\u00e7\u00f5es para Sub-registro Civil e a presen\u00e7a do Centro Pop, que acolhe e orienta pessoas em situa\u00e7\u00e3o de rua com dignidade e respeito.<\/p>\n\n\n\n<p>O Detran tamb\u00e9m ofereceu atendimento no local, tirando d\u00favidas sobre seus servi\u00e7os. A a\u00e7\u00e3o contou com o apoio da Defesa Civil, de psicanalistas que realizaram atendimentos volunt\u00e1rio e de advogados volunt\u00e1rios.<\/p>\n\n\n\n<p>O secret\u00e1rio de Pol\u00edticas sobre \u00c1lcool e Drogas, Claudinei Siqueira, destacou a import\u00e2ncia da iniciativa.<\/p>\n\n\n\n<p>&#8220;Temos um grupo capacitado na secretaria, que lida com esse tipo de situa\u00e7\u00e3o regularmente. S\u00e3o funcion\u00e1rios sens\u00edveis e que atuam todos os dias no aux\u00edlio a pessoas que usam \u00e1lcool e drogas de forma abusiva. O nosso objetivo \u00e9 de prevenir e conscientizar as pessoas sobre o mal que o excesso e o v\u00edcio podem fazer. Estamos atuando em conjunto com outras secretarias, ressaltando como a integra\u00e7\u00e3o \u00e9 importante no servi\u00e7o p\u00fablico&#8221;, disse.<\/p>\n\n\n\n<p><em>Fotos: Julio Diniz<\/em><\/p>\n\n\n\n<p><strong><em>S\u00e3o Gon\u00e7alo vai mudar: Not\u00edcias de S\u00e3o Gon\u00e7alo e toda regi\u00e3o.<\/em><\/strong><\/p>\n\n\n\n<figure class=\"wp-block-image size-large\"><img decoding=\"async\" width=\"1024\" height=\"252\" src=\"https:\/\/sgvaimudar.com.br\/wp-content\/uploads\/2025\/03\/Anuncie-Aqui-Sao-Goncalo-vai-mudar-1024x252.jpg\" alt=\"\" class=\"wp-image-22693\" srcset=\"https:\/\/sgvaimudar.com.br\/wp-content\/uploads\/2025\/03\/Anuncie-Aqui-Sao-Goncalo-vai-mudar-1024x252.jpg 1024w, https:\/\/sgvaimudar.com.br\/wp-content\/uploads\/2025\/03\/Anuncie-Aqui-Sao-Goncalo-vai-mudar-300x74.jpg 300w, https:\/\/sgvaimudar.com.br\/wp-content\/uploads\/2025\/03\/Anuncie-Aqui-Sao-Goncalo-vai-mudar-768x189.jpg 768w, https:\/\/sgvaimudar.com.br\/wp-content\/uploads\/2025\/03\/Anuncie-Aqui-Sao-Goncalo-vai-mudar-1536x378.jpg 1536w, https:\/\/sgvaimudar.com.br\/wp-content\/uploads\/2025\/03\/Anuncie-Aqui-Sao-Goncalo-vai-mudar-2048x504.jpg 2048w\" sizes=\"(max-width: 1024px) 100vw, 1024px\" \/><\/figure>\n","protected":false},"excerpt":{"rendered":"<p>Atividade \u00e9 alusiva ao Dia Internacional de Combate \u00e0s Drogas e ao Tr\u00e1fico Il\u00edcito Centenas de pessoas participaram, na manh\u00e3&hellip;<\/p>\n","protected":false},"author":5,"featured_media":27119,"comment_status":"open","ping_status":"open","sticky":false,"template":"","format":"standard","meta":{"fifu_image_url":"","fifu_image_alt":"","footnotes":""},"categories":[3],"tags":[41,47,75],"class_list":["post-27117","post","type-post","status-publish","format-standard","has-post-thumbnail","hentry","category-sao-goncalo","tag-conflito","tag-rj","tag-sao-goncalo"],"_links":{"self":[{"href":"https:\/\/sgvaimudar.com.br\/index.php\/wp-json\/wp\/v2\/posts\/27117","targetHints":{"allow":["GET"]}}],"collection":[{"href":"https:\/\/sgvaimudar.com.br\/index.php\/wp-json\/wp\/v2\/posts"}],"about":[{"href":"https:\/\/sgvaimudar.com.br\/index.php\/wp-json\/wp\/v2\/types\/post"}],"author":[{"embeddable":true,"href":"https:\/\/sgvaimudar.com.br\/index.php\/wp-json\/wp\/v2\/users\/5"}],"replies":[{"embeddable":true,"href":"https:\/\/sgvaimudar.com.br\/index.php\/wp-json\/wp\/v2\/comments?post=27117"}],"version-history":[{"count":1,"href":"https:\/\/sgvaimudar.com.br\/index.php\/wp-json\/wp\/v2\/posts\/27117\/revisions"}],"predecessor-version":[{"id":27120,"href":"https:\/\/sgvaimudar.com.br\/index.php\/wp-json\/wp\/v2\/posts\/27117\/revisions\/27120"}],"wp:featuredmedia":[{"embeddable":true,"href":"https:\/\/sgvaimudar.com.br\/index.php\/wp-json\/wp\/v2\/media\/27119"}],"wp:attachment":[{"href":"https:\/\/sgvaimudar.com.br\/index.php\/wp-json\/wp\/v2\/media?parent=27117"}],"wp:term":[{"taxonomy":"category","embeddable":true,"href":"https:\/\/sgvaimudar.com.br\/index.php\/wp-json\/wp\/v2\/categories?post=27117"},{"taxonomy":"post_tag","embeddable":true,"href":"https:\/\/sgvaimudar.com.br\/index.php\/wp-json\/wp\/v2\/tags?post=27117"}],"curies":[{"name":"wp","href":"https:\/\/api.w.org\/{rel}","templated":true}]}}