{"id":27100,"date":"2025-06-27T09:00:00","date_gmt":"2025-06-27T12:00:00","guid":{"rendered":"https:\/\/sgvaimudar.com.br\/?p=27100"},"modified":"2025-06-27T07:46:50","modified_gmt":"2025-06-27T10:46:50","slug":"assistencia-social-realiza-iv-conferencia-municipal-da-pessoa-idosa","status":"publish","type":"post","link":"https:\/\/sgvaimudar.com.br\/index.php\/2025\/06\/27\/assistencia-social-realiza-iv-conferencia-municipal-da-pessoa-idosa\/","title":{"rendered":"Assist\u00eancia Social realiza IV Confer\u00eancia Municipal da Pessoa Idosa"},"content":{"rendered":"\n<p><em>Debate re\u00fane membros do governo e da sociedade civil, na Uerj do Patronato<\/em><\/p>\n\n\n\n<p>A Secretaria de Assist\u00eancia Social da Prefeitura de S\u00e3o Gon\u00e7alo, junto ao Conselho Municipal de Defesa dos Direitos da Pessoa Idosa, realizou, nesta quinta-feira (26), a IV Confer\u00eancia Municipal dos Direitos da Pessoa Idosa. O encontro aconteceu na Universidade do Estado do Rio de Janeiro (Uerj), no Patronato, durante todo o dia.<\/p>\n\n\n\n<p>O debate teve o objetivo de promover a participa\u00e7\u00e3o social para proposi\u00e7\u00e3o de a\u00e7\u00f5es que visem superar as barreiras ao direito \u00e0 velhice digna e saud\u00e1vel, identificar os desafios do envelhecimento plural no pa\u00eds para a promo\u00e7\u00e3o e defesa dos direitos do idoso e propor a\u00e7\u00f5es de equidade para a defesa e prote\u00e7\u00e3o dos direitos e da cidadania de pessoas idosas.<\/p>\n\n\n\n<figure class=\"wp-block-image size-full\"><img fetchpriority=\"high\" decoding=\"async\" width=\"1024\" height=\"725\" src=\"https:\/\/sgvaimudar.com.br\/wp-content\/uploads\/2025\/06\/unnamed-5-14.jpg\" alt=\"\" class=\"wp-image-27101\" srcset=\"https:\/\/sgvaimudar.com.br\/wp-content\/uploads\/2025\/06\/unnamed-5-14.jpg 1024w, https:\/\/sgvaimudar.com.br\/wp-content\/uploads\/2025\/06\/unnamed-5-14-300x212.jpg 300w, https:\/\/sgvaimudar.com.br\/wp-content\/uploads\/2025\/06\/unnamed-5-14-768x544.jpg 768w\" sizes=\"(max-width: 1024px) 100vw, 1024px\" \/><\/figure>\n\n\n\n<p>O secret\u00e1rio de Assist\u00eancia Social, Felippe Mattos, participou da mesa de abertura e agradeceu a participa\u00e7\u00e3o de todos os convidados.<\/p>\n\n\n\n<p>\u201cRepresento hoje a nossa secretaria e tamb\u00e9m o prefeito Capit\u00e3o Nelson, que oferece todo o suporte para garantir os melhores servi\u00e7os \u00e0 popula\u00e7\u00e3o e, principalmente, \u00e0s pessoas idosas. \u00c9 muito importante que todos aqui discutam e consigam nos ajudar com propostas necess\u00e1rias, para que possamos melhorar ainda mais a qualidade de vida de todos. Estaremos sempre \u00e0 disposi\u00e7\u00e3o!\u201d, afirmou o secret\u00e1rio.<\/p>\n\n\n\n<p>Durante a manh\u00e3, foi apresentada a palestra com o tema da confer\u00eancia \u201cEnvelhecimento pleno, buscando seus direitos: multiculturais, equidade, democracia e participa\u00e7\u00e3o\u201d, pela geront\u00f3loga Ana Neri Pinheiro. Al\u00e9m disso, o p\u00fablico p\u00f4de conferir a apresenta\u00e7\u00e3o cultural de Tai Chi Chuan, com a turma do projeto Qualidade de Vida e Longevidade, da Secretaria de Esporte e Lazer.<\/p>\n\n\n\n<p>\u201cEsse momento \u00e9 muito especial, de luta, conquista e garantia de direito. N\u00f3s n\u00e3o estamos aqui para fazer uma pol\u00edtica pontual, mas para fortalecer uma pol\u00edtica que agregue toda pessoa idosa, independente de g\u00eanero, ra\u00e7a e cultura. Espero que todos possam aproveitar o m\u00e1ximo dessa confer\u00eancia, pois ela \u00e9 para voc\u00eas, que s\u00e3o os protagonistas dessa hist\u00f3ria,\u201d destacou o presidente do Conselho Municipal de Defesa dos Direitos da Pessoa Idosa, Jo\u00e3o Jos\u00e9 Gomes.<\/p>\n\n\n\n<p>Na parte da tarde, houve a leitura e apresenta\u00e7\u00e3o das propostas para vota\u00e7\u00e3o de cada eixo tem\u00e1tico da confer\u00eancia e o f\u00f3rum da Sociedade Civil. <\/p>\n\n\n\n<p>Os eixos trataram de financiamento das pol\u00edticas p\u00fablicas para amplia\u00e7\u00e3o e garantia dos direitos sociais; fortalecimento de pol\u00edticas para a prote\u00e7\u00e3o \u00e0 vida, \u00e0 sa\u00fade e para o acesso ao cuidado integral da pessoa idosa; prote\u00e7\u00e3o e enfrentamento contra quaisquer formas de viol\u00eancia, abandono social e familiar da pessoa idosa; participa\u00e7\u00e3o social, protagonismo e vida comunit\u00e1ria na perspectiva das m\u00faltiplas velhices e consolida\u00e7\u00e3o e fortalecimento da atua\u00e7\u00e3o dos conselhos de direitos da pessoa idosa como pol\u00edtica do Estado brasileiro.<\/p>\n\n\n\n<p>A estudante de Servi\u00e7o Social, Arlete Estrela, representou a popula\u00e7\u00e3o idosa e refor\u00e7ou a import\u00e2ncia da confer\u00eancia.<\/p>\n\n\n\n<p>\u201cSou um exemplo de que nunca \u00e9 tarde para aprender, estou fazendo a primeira gradua\u00e7\u00e3o com 71 anos. E, hoje, vamos mostrar que tamb\u00e9m n\u00e3o \u00e9 tarde para lutarmos pelos nossos direitos, estar aqui nesse espa\u00e7o \u00e9 reafirmar que a pessoa idosa tem voz, for\u00e7a e muito a contribuir com uma sociedade mais justa e solid\u00e1ria,\u201d disse a estudante.<\/p>\n\n\n\n<p><em>Fotos: Fabio Guimar\u00e3es<\/em><\/p>\n\n\n\n<p><strong><em>S\u00e3o Gon\u00e7alo vai mudar: Not\u00edcias de S\u00e3o Gon\u00e7alo e toda regi\u00e3o.<\/em><\/strong><\/p>\n\n\n\n<figure class=\"wp-block-image size-large\"><img decoding=\"async\" width=\"1024\" height=\"252\" src=\"https:\/\/sgvaimudar.com.br\/wp-content\/uploads\/2025\/03\/Anuncie-Aqui-Sao-Goncalo-vai-mudar-1024x252.jpg\" alt=\"\" class=\"wp-image-22693\" srcset=\"https:\/\/sgvaimudar.com.br\/wp-content\/uploads\/2025\/03\/Anuncie-Aqui-Sao-Goncalo-vai-mudar-1024x252.jpg 1024w, https:\/\/sgvaimudar.com.br\/wp-content\/uploads\/2025\/03\/Anuncie-Aqui-Sao-Goncalo-vai-mudar-300x74.jpg 300w, https:\/\/sgvaimudar.com.br\/wp-content\/uploads\/2025\/03\/Anuncie-Aqui-Sao-Goncalo-vai-mudar-768x189.jpg 768w, https:\/\/sgvaimudar.com.br\/wp-content\/uploads\/2025\/03\/Anuncie-Aqui-Sao-Goncalo-vai-mudar-1536x378.jpg 1536w, https:\/\/sgvaimudar.com.br\/wp-content\/uploads\/2025\/03\/Anuncie-Aqui-Sao-Goncalo-vai-mudar-2048x504.jpg 2048w\" sizes=\"(max-width: 1024px) 100vw, 1024px\" \/><\/figure>\n","protected":false},"excerpt":{"rendered":"<p>Debate re\u00fane membros do governo e da sociedade civil, na Uerj do Patronato A Secretaria de Assist\u00eancia Social da Prefeitura&hellip;<\/p>\n","protected":false},"author":5,"featured_media":27102,"comment_status":"open","ping_status":"open","sticky":false,"template":"","format":"standard","meta":{"fifu_image_url":"","fifu_image_alt":"","footnotes":""},"categories":[3],"tags":[47,75],"class_list":["post-27100","post","type-post","status-publish","format-standard","has-post-thumbnail","hentry","category-sao-goncalo","tag-rj","tag-sao-goncalo"],"_links":{"self":[{"href":"https:\/\/sgvaimudar.com.br\/index.php\/wp-json\/wp\/v2\/posts\/27100","targetHints":{"allow":["GET"]}}],"collection":[{"href":"https:\/\/sgvaimudar.com.br\/index.php\/wp-json\/wp\/v2\/posts"}],"about":[{"href":"https:\/\/sgvaimudar.com.br\/index.php\/wp-json\/wp\/v2\/types\/post"}],"author":[{"embeddable":true,"href":"https:\/\/sgvaimudar.com.br\/index.php\/wp-json\/wp\/v2\/users\/5"}],"replies":[{"embeddable":true,"href":"https:\/\/sgvaimudar.com.br\/index.php\/wp-json\/wp\/v2\/comments?post=27100"}],"version-history":[{"count":1,"href":"https:\/\/sgvaimudar.com.br\/index.php\/wp-json\/wp\/v2\/posts\/27100\/revisions"}],"predecessor-version":[{"id":27103,"href":"https:\/\/sgvaimudar.com.br\/index.php\/wp-json\/wp\/v2\/posts\/27100\/revisions\/27103"}],"wp:featuredmedia":[{"embeddable":true,"href":"https:\/\/sgvaimudar.com.br\/index.php\/wp-json\/wp\/v2\/media\/27102"}],"wp:attachment":[{"href":"https:\/\/sgvaimudar.com.br\/index.php\/wp-json\/wp\/v2\/media?parent=27100"}],"wp:term":[{"taxonomy":"category","embeddable":true,"href":"https:\/\/sgvaimudar.com.br\/index.php\/wp-json\/wp\/v2\/categories?post=27100"},{"taxonomy":"post_tag","embeddable":true,"href":"https:\/\/sgvaimudar.com.br\/index.php\/wp-json\/wp\/v2\/tags?post=27100"}],"curies":[{"name":"wp","href":"https:\/\/api.w.org\/{rel}","templated":true}]}}