{"id":27097,"date":"2025-06-27T08:59:00","date_gmt":"2025-06-27T11:59:00","guid":{"rendered":"https:\/\/sgvaimudar.com.br\/?p=27097"},"modified":"2025-06-27T07:29:28","modified_gmt":"2025-06-27T10:29:28","slug":"motorista-que-invadiu-a-contra-mao-na-ponte-rio-niteroi-e-denunciado-por-tentativa-de-homicidio","status":"publish","type":"post","link":"https:\/\/sgvaimudar.com.br\/index.php\/2025\/06\/27\/motorista-que-invadiu-a-contra-mao-na-ponte-rio-niteroi-e-denunciado-por-tentativa-de-homicidio\/","title":{"rendered":"Motorista que invadiu a contra m\u00e3o na Ponte Rio-Niter\u00f3i \u00e9 denunciado por tentativa de homic\u00eddio"},"content":{"rendered":"\n<p><em>Uma motocicleta n\u00e3o teve tempo de reagir; ocupantes sofreram ferimentos graves\u00a0| Foto: Reprodu\u00e7\u00e3o \/ Ecovias Ponte<\/em><\/p>\n\n\n\n<p>Um&nbsp;erro de trajeto terminou em um grave acidente e em den\u00fancia criminal. O Minist\u00e9rio P\u00fablico do Rio (MPRJ) denunciou por dupla tentativa de homic\u00eddio qualificado um motorista de aplicativo de 43 anos, que provocou uma colis\u00e3o frontal com feridos ao dirigir na contram\u00e3o da Ponte Rio-Niter\u00f3i, em fevereiro de 2024.<\/p>\n\n\n\n<p>A imprud\u00eancia come\u00e7ou ap\u00f3s o condutor errar a rota durante uma corrida iniciada no bairro Vila Valqueire, Zona Norte do Rio, com destino \u00e0 Lapa. De acordo com a passageira, ao perceber que havia perdido a sa\u00edda e estava seguindo em dire\u00e7\u00e3o a Niter\u00f3i, o motorista declarou que n\u00e3o \u201cperderia mais 40 minutos\u201d no tr\u00e2nsito. Apesar dos protestos dela, ele decidiu improvisar: fez o retorno pela pista errada.<\/p>\n\n\n\n<p>Imagens do sistema de monitoramento da Ponte registraram a manobra arriscada. O carro de aplicativo aparece trafegando pela contram\u00e3o, quase colidindo com ve\u00edculos que vinham no sentido correto. Motoristas conseguiram desviar, mas uma motocicleta n\u00e3o teve tempo de reagir.<\/p>\n\n\n\n<p>Ap\u00f3s a batida frontal, o piloto da moto, que \u00e9 um policial civil; e a passageira, uma m\u00e9dica, foram arremessados ao solo. De acordo com a TV Globo, apenas o homem conseguiu se mover logo ap\u00f3s o impacto. Ele sofreu les\u00f5es na cabe\u00e7a e nas costas e passou seis meses sentindo vertigens.<\/p>\n\n\n\n<p>J\u00e1 a mulher rompeu todos os ligamentos do joelho, fraturou um dedo da m\u00e3o e teve escoria\u00e7\u00f5es. Durante seis meses, precisou usar muletas sem poder encostar o p\u00e9 no ch\u00e3o.<\/p>\n\n\n\n<p>Ao ser ouvido pela pol\u00edcia, o acusado afirmou que o GPS travou e que, acreditando ser poss\u00edvel retornar, acionou o pisca-alerta e dirigiu pela pista oposta. A vers\u00e3o, no entanto, n\u00e3o convenceu o Minist\u00e9rio P\u00fablico, que apontou motiva\u00e7\u00e3o torpe e alegou que o acusado agiu com crueldade, sem dar \u00e0s v\u00edtimas qualquer chance de defesa.<\/p>\n\n\n\n<p>A den\u00fancia pede a suspens\u00e3o imediata da carteira de habilita\u00e7\u00e3o do acusado e a exclus\u00e3o dele das plataformas de transporte. O MPRJ tamb\u00e9m solicita uma indeniza\u00e7\u00e3o de, no m\u00ednimo, R$ 10 mil para cada uma das v\u00edtimas por danos.<\/p>\n\n\n\n<p>A defesa do denunciado foi procurada, mas n\u00e3o foi encontrada.<\/p>\n\n\n\n<p><em>Fonte: Enfoco<\/em><\/p>\n\n\n\n<p><strong><em>Fa\u00e7a sua den\u00fancia pelo nosso WhatsApp: (21) <\/em><\/strong><strong><em>99744 5345<\/em><\/strong><strong><em><\/em><\/strong><\/p>\n\n\n\n<p><strong><em>S\u00e3o Gon\u00e7alo vai mudar: Not\u00edcias de S\u00e3o Gon\u00e7alo e toda regi\u00e3o.<\/em><\/strong><\/p>\n\n\n\n<figure class=\"wp-block-image size-large\"><img decoding=\"async\" width=\"1024\" height=\"46\" src=\"https:\/\/sgvaimudar.com.br\/wp-content\/uploads\/2023\/08\/Anuncie-Aqui-Sao-Goncalo-vai-mudar-1024x46.png\" alt=\"\" class=\"wp-image-2740\" srcset=\"https:\/\/sgvaimudar.com.br\/wp-content\/uploads\/2023\/08\/Anuncie-Aqui-Sao-Goncalo-vai-mudar-1024x46.png 1024w, https:\/\/sgvaimudar.com.br\/wp-content\/uploads\/2023\/08\/Anuncie-Aqui-Sao-Goncalo-vai-mudar-300x13.png 300w, https:\/\/sgvaimudar.com.br\/wp-content\/uploads\/2023\/08\/Anuncie-Aqui-Sao-Goncalo-vai-mudar-768x35.png 768w, https:\/\/sgvaimudar.com.br\/wp-content\/uploads\/2023\/08\/Anuncie-Aqui-Sao-Goncalo-vai-mudar-1536x69.png 1536w, https:\/\/sgvaimudar.com.br\/wp-content\/uploads\/2023\/08\/Anuncie-Aqui-Sao-Goncalo-vai-mudar.png 2002w\" sizes=\"(max-width: 1024px) 100vw, 1024px\" \/><\/figure>\n\n\n\n<p><\/p>\n","protected":false},"excerpt":{"rendered":"<p>Uma motocicleta n\u00e3o teve tempo de reagir; ocupantes sofreram ferimentos graves\u00a0| Foto: Reprodu\u00e7\u00e3o \/ Ecovias Ponte Um&nbsp;erro de trajeto terminou&hellip;<\/p>\n","protected":false},"author":5,"featured_media":27098,"comment_status":"open","ping_status":"open","sticky":false,"template":"","format":"standard","meta":{"fifu_image_url":"","fifu_image_alt":"","footnotes":""},"categories":[32],"tags":[41,47],"class_list":["post-27097","post","type-post","status-publish","format-standard","has-post-thumbnail","hentry","category-casos-de-policia","tag-conflito","tag-rj"],"_links":{"self":[{"href":"https:\/\/sgvaimudar.com.br\/index.php\/wp-json\/wp\/v2\/posts\/27097","targetHints":{"allow":["GET"]}}],"collection":[{"href":"https:\/\/sgvaimudar.com.br\/index.php\/wp-json\/wp\/v2\/posts"}],"about":[{"href":"https:\/\/sgvaimudar.com.br\/index.php\/wp-json\/wp\/v2\/types\/post"}],"author":[{"embeddable":true,"href":"https:\/\/sgvaimudar.com.br\/index.php\/wp-json\/wp\/v2\/users\/5"}],"replies":[{"embeddable":true,"href":"https:\/\/sgvaimudar.com.br\/index.php\/wp-json\/wp\/v2\/comments?post=27097"}],"version-history":[{"count":1,"href":"https:\/\/sgvaimudar.com.br\/index.php\/wp-json\/wp\/v2\/posts\/27097\/revisions"}],"predecessor-version":[{"id":27099,"href":"https:\/\/sgvaimudar.com.br\/index.php\/wp-json\/wp\/v2\/posts\/27097\/revisions\/27099"}],"wp:featuredmedia":[{"embeddable":true,"href":"https:\/\/sgvaimudar.com.br\/index.php\/wp-json\/wp\/v2\/media\/27098"}],"wp:attachment":[{"href":"https:\/\/sgvaimudar.com.br\/index.php\/wp-json\/wp\/v2\/media?parent=27097"}],"wp:term":[{"taxonomy":"category","embeddable":true,"href":"https:\/\/sgvaimudar.com.br\/index.php\/wp-json\/wp\/v2\/categories?post=27097"},{"taxonomy":"post_tag","embeddable":true,"href":"https:\/\/sgvaimudar.com.br\/index.php\/wp-json\/wp\/v2\/tags?post=27097"}],"curies":[{"name":"wp","href":"https:\/\/api.w.org\/{rel}","templated":true}]}}