{"id":27093,"date":"2025-06-27T07:14:18","date_gmt":"2025-06-27T10:14:18","guid":{"rendered":"https:\/\/sgvaimudar.com.br\/?p=27093"},"modified":"2025-06-27T07:14:18","modified_gmt":"2025-06-27T10:14:18","slug":"sao-goncalo-entra-no-clima-de-sao-joao-com-o-inicio-do-festival-oxente-saogonca-nesta-sexta-27","status":"publish","type":"post","link":"https:\/\/sgvaimudar.com.br\/index.php\/2025\/06\/27\/sao-goncalo-entra-no-clima-de-sao-joao-com-o-inicio-do-festival-oxente-saogonca-nesta-sexta-27\/","title":{"rendered":"S\u00e3o Gon\u00e7alo entra no clima de S\u00e3o Jo\u00e3o com o in\u00edcio do festival \u201cOxente S\u00e3ogon\u00e7a\u201d nesta sexta 27"},"content":{"rendered":"\n<p><em>Programa\u00e7\u00e3o vai acontecer durante todo o final de semana<\/em><\/p>\n\n\n\n<p>O Centro de Tradi\u00e7\u00f5es Nordestinas \u201cSevero, Embaixador Nordestino\u201d, em Neves, a partir desta sexta-feira (27), vai ser tomado pelo esp\u00edrito junino com o in\u00edcio do festival \u201cOxente S\u00e3ogon\u00e7a\u201d. <\/p>\n\n\n\n<p>Durante tr\u00eas dias de muita festa, o p\u00fablico poder\u00e1 curtir uma verdadeira imers\u00e3o na cultura nordestina, com forr\u00f3 p\u00e9 de serra ao vivo, comidas t\u00edpicas, brincadeiras, circo tem\u00e1tico e outras atra\u00e7\u00f5es, tudo com entrada gratuita e estacionamento liberado.<\/p>\n\n\n\n<p>Realizado pela Daumas &amp; Daumas, com o apoio da Secretaria de Turismo e Cultura de S\u00e3o Gon\u00e7alo, o evento acontece de sexta-feira (27) a domingo (29), reunindo shows, divers\u00e3o e tradi\u00e7\u00e3o para todas as idades.<\/p>\n\n\n\n<figure class=\"wp-block-image size-full\"><img fetchpriority=\"high\" decoding=\"async\" width=\"720\" height=\"720\" src=\"https:\/\/sgvaimudar.com.br\/wp-content\/uploads\/2025\/06\/unnamed-3-13.jpg\" alt=\"\" class=\"wp-image-27094\" srcset=\"https:\/\/sgvaimudar.com.br\/wp-content\/uploads\/2025\/06\/unnamed-3-13.jpg 720w, https:\/\/sgvaimudar.com.br\/wp-content\/uploads\/2025\/06\/unnamed-3-13-300x300.jpg 300w, https:\/\/sgvaimudar.com.br\/wp-content\/uploads\/2025\/06\/unnamed-3-13-150x150.jpg 150w\" sizes=\"(max-width: 720px) 100vw, 720px\" \/><\/figure>\n\n\n\n<p>Na sexta e no s\u00e1bado, a programa\u00e7\u00e3o come\u00e7a \u00e0s 18h, com abertura dos port\u00f5es, seguida pelos shows das bandas Quebra Telha e William Gomes &amp; Banda, que se apresentam em dois hor\u00e1rios \u2013 das 19h \u00e0s 21h e das 22h \u00e0 meia-noite \u2013 intercalados por DJ animando os intervalos. As barraquinhas de comidas t\u00edpicas e as brincadeiras tradicionais completam o clima junino.<\/p>\n\n\n\n<p>No domingo, o festival come\u00e7a mais cedo, \u00e0s 15h, com o \u201cArrai\u00e1 do Picadeiro\u201d, espet\u00e1culo circense e folcl\u00f3rico que traz malabarismo, palha\u00e7aria e acrobacias com os artistas Topet\u00e3o e Malabarista Campello. Depois, a m\u00fasica volta com shows das bandas Quebra Telha e William Gomes &amp; Banda. Para encerrar, haver\u00e1 sorteio de uma bicicleta para as crian\u00e7as.<\/p>\n\n\n\n<p>E para quem quiser estender a festa, no s\u00e1bado seguinte (5 de julho), tem mais: uma tradicional quadrilha junina \u00e0s 19h, seguida por um show da banda Quebra Telha.<\/p>\n\n\n\n<p>O \u201cOxente S\u00e3ogon\u00e7a\u201d \u00e9 uma celebra\u00e7\u00e3o da cultura nordestina e uma oportunidade para os gon\u00e7alenses aproveitarem a festa de S\u00e3o Jo\u00e3o com muita m\u00fasica, alegria e tradi\u00e7\u00e3o.<\/p>\n\n\n\n<p><strong>Servi\u00e7o:<\/strong><\/p>\n\n\n\n<p>Local: Centro de Tradi\u00e7\u00f5es Nordestinas \u201cSevero, Embaixador Nordestino\u201d (Rua Jos\u00e9 Augusto Pereira dos Santos, 80 \u2013 Neves, S\u00e3o Gon\u00e7alo)<\/p>\n\n\n\n<p>SEXTA-FEIRA (27\/06)<\/p>\n\n\n\n<p>18h \u2013 Abertura dos port\u00f5es<\/p>\n\n\n\n<p>19h \u00e0s 21h \u2013 Show Banda Quebra Telha<\/p>\n\n\n\n<p>22h \u00e0 0h \u2013 Show William Gomes &amp; Banda<\/p>\n\n\n\n<p>DJ nos intervalos<\/p>\n\n\n\n<p>S\u00c1BADO (28\/06)<\/p>\n\n\n\n<p>18h \u2013 Abertura dos port\u00f5es<\/p>\n\n\n\n<p>19h \u00e0s 21h \u2013 Show Banda Quebra Telha<\/p>\n\n\n\n<p>22h \u00e0 0h \u2013 Show William Gomes &amp; Banda<\/p>\n\n\n\n<p>DJ nos intervalos<\/p>\n\n\n\n<p>DOMINGO (29\/06)<\/p>\n\n\n\n<p>15h \u00e0s 16h \u2013 \u201cArrai\u00e1 do Picadeiro\u201d (circo junino)<\/p>\n\n\n\n<p>16h30 \u00e0s 18h30 \u2013 Show Banda Quebra Telha<\/p>\n\n\n\n<p>19h \u00e0s 21h \u2013 Show William Gomes &amp; Banda<\/p>\n\n\n\n<p>Sorteio de bicicleta para crian\u00e7as<\/p>\n\n\n\n<p>DJ nos intervalos<\/p>\n\n\n\n<p>S\u00c1BADO (05\/07)<\/p>\n\n\n\n<p>18h \u2013 Abertura dos port\u00f5es<\/p>\n\n\n\n<p>19h \u00e0s 21h \u2013 Quadrilha Tradicional<\/p>\n\n\n\n<p>22h \u00e0 0h \u2013 Show Banda Quebra Telha<\/p>\n\n\n\n<p>DJ nos intervalos.<\/p>\n\n\n\n<p><strong><em>S\u00e3o Gon\u00e7alo vai mudar: Not\u00edcias de S\u00e3o Gon\u00e7alo e toda regi\u00e3o.<\/em><\/strong><\/p>\n\n\n\n<figure class=\"wp-block-image size-large\"><img decoding=\"async\" width=\"1024\" height=\"252\" src=\"https:\/\/sgvaimudar.com.br\/wp-content\/uploads\/2025\/03\/Anuncie-Aqui-Sao-Goncalo-vai-mudar-1024x252.jpg\" alt=\"\" class=\"wp-image-22693\" srcset=\"https:\/\/sgvaimudar.com.br\/wp-content\/uploads\/2025\/03\/Anuncie-Aqui-Sao-Goncalo-vai-mudar-1024x252.jpg 1024w, https:\/\/sgvaimudar.com.br\/wp-content\/uploads\/2025\/03\/Anuncie-Aqui-Sao-Goncalo-vai-mudar-300x74.jpg 300w, https:\/\/sgvaimudar.com.br\/wp-content\/uploads\/2025\/03\/Anuncie-Aqui-Sao-Goncalo-vai-mudar-768x189.jpg 768w, https:\/\/sgvaimudar.com.br\/wp-content\/uploads\/2025\/03\/Anuncie-Aqui-Sao-Goncalo-vai-mudar-1536x378.jpg 1536w, https:\/\/sgvaimudar.com.br\/wp-content\/uploads\/2025\/03\/Anuncie-Aqui-Sao-Goncalo-vai-mudar-2048x504.jpg 2048w\" sizes=\"(max-width: 1024px) 100vw, 1024px\" \/><\/figure>\n","protected":false},"excerpt":{"rendered":"<p>Programa\u00e7\u00e3o vai acontecer durante todo o final de semana O Centro de Tradi\u00e7\u00f5es Nordestinas \u201cSevero, Embaixador Nordestino\u201d, em Neves, a&hellip;<\/p>\n","protected":false},"author":5,"featured_media":27095,"comment_status":"open","ping_status":"open","sticky":false,"template":"","format":"standard","meta":{"fifu_image_url":"","fifu_image_alt":"","footnotes":""},"categories":[6],"tags":[47,75],"class_list":["post-27093","post","type-post","status-publish","format-standard","has-post-thumbnail","hentry","category-entretenimento","tag-rj","tag-sao-goncalo"],"_links":{"self":[{"href":"https:\/\/sgvaimudar.com.br\/index.php\/wp-json\/wp\/v2\/posts\/27093","targetHints":{"allow":["GET"]}}],"collection":[{"href":"https:\/\/sgvaimudar.com.br\/index.php\/wp-json\/wp\/v2\/posts"}],"about":[{"href":"https:\/\/sgvaimudar.com.br\/index.php\/wp-json\/wp\/v2\/types\/post"}],"author":[{"embeddable":true,"href":"https:\/\/sgvaimudar.com.br\/index.php\/wp-json\/wp\/v2\/users\/5"}],"replies":[{"embeddable":true,"href":"https:\/\/sgvaimudar.com.br\/index.php\/wp-json\/wp\/v2\/comments?post=27093"}],"version-history":[{"count":1,"href":"https:\/\/sgvaimudar.com.br\/index.php\/wp-json\/wp\/v2\/posts\/27093\/revisions"}],"predecessor-version":[{"id":27096,"href":"https:\/\/sgvaimudar.com.br\/index.php\/wp-json\/wp\/v2\/posts\/27093\/revisions\/27096"}],"wp:featuredmedia":[{"embeddable":true,"href":"https:\/\/sgvaimudar.com.br\/index.php\/wp-json\/wp\/v2\/media\/27095"}],"wp:attachment":[{"href":"https:\/\/sgvaimudar.com.br\/index.php\/wp-json\/wp\/v2\/media?parent=27093"}],"wp:term":[{"taxonomy":"category","embeddable":true,"href":"https:\/\/sgvaimudar.com.br\/index.php\/wp-json\/wp\/v2\/categories?post=27093"},{"taxonomy":"post_tag","embeddable":true,"href":"https:\/\/sgvaimudar.com.br\/index.php\/wp-json\/wp\/v2\/tags?post=27093"}],"curies":[{"name":"wp","href":"https:\/\/api.w.org\/{rel}","templated":true}]}}