{"id":27081,"date":"2025-06-26T21:00:00","date_gmt":"2025-06-27T00:00:00","guid":{"rendered":"https:\/\/sgvaimudar.com.br\/?p=27081"},"modified":"2025-06-26T11:30:46","modified_gmt":"2025-06-26T14:30:46","slug":"imagens-fortes-homem-arremessa-bebe-no-chao-de-aeroporto-crianca-teve-multiplas-fraturas","status":"publish","type":"post","link":"https:\/\/sgvaimudar.com.br\/index.php\/2025\/06\/26\/imagens-fortes-homem-arremessa-bebe-no-chao-de-aeroporto-crianca-teve-multiplas-fraturas\/","title":{"rendered":"Imagens fortes! Homem arremessa beb\u00ea no ch\u00e3o de aeroporto; crian\u00e7a teve m\u00faltiplas fraturas"},"content":{"rendered":"\n<p>Um\u00a0homem bielorrusso, identificado como Vladimir Vitkov, de 31 anos, foi flagrado arremessando com for\u00e7a um\u00a0menino\u00a0afeg\u00e3o\u00a0de 2 anos\u00a0no ch\u00e3o\u00a0Aeroporto Internacional de Sheremetyevo, em Moscou, nesta quarta-feira (25). O crime brutal, que ocorreu por volta da meia-noite, foi registrado por c\u00e2meras de seguran\u00e7a do local.<\/p>\n\n\n\n<p>O agressor foi preso no aeroporto e n\u00e3o soube explicar o motivo do ato durante o interrogat\u00f3rio. Ele desembarcou de um voo vindo do Cairo e, segundo a pol\u00edcia, estava sob\u00a0efeito de drogas.<\/p>\n\n\n\n<figure class=\"wp-block-video\"><video height=\"448\" style=\"aspect-ratio: 856 \/ 448;\" width=\"856\" controls src=\"https:\/\/sgvaimudar.com.br\/wp-content\/uploads\/2025\/06\/ssstwitter.com_1750947938829.mp4\"><\/video><\/figure>\n\n\n\n<p>As imagens mostram o momento em que o homem observa o ambiente, se aproxima da crian\u00e7a, e a joga no ch\u00e3o com extrema viol\u00eancia. O ataque aconteceu enquanto a m\u00e3e da v\u00edtima, gr\u00e1vida, buscava o carrinho de beb\u00ea ap\u00f3s o desembarque.<\/p>\n\n\n\n<p>A crian\u00e7a perdeu a consci\u00eancia imediatamente e foi levada com urg\u00eancia ao Centro Infantil Roshal, em Moscou. Os m\u00e9dicos identificaram\u00a0fraturas no cr\u00e2nio,\u00a0les\u00f5es na coluna vertebral\u00a0e hemorragia interna, al\u00e9m de\u00a0hematomas por todo o corpo. De acordo com a ag\u00eancia de not\u00edcias Tasnim, o\u00a0estado de\u00a0sa\u00fade da crian\u00e7a \u00e9 cr\u00edtico.<\/p>\n\n\n\n<figure class=\"wp-block-image size-full\"><img fetchpriority=\"high\" decoding=\"async\" width=\"1024\" height=\"683\" src=\"https:\/\/sgvaimudar.com.br\/wp-content\/uploads\/2025\/06\/Tupi-Thumb-do-Site-2025-06-26T080742.514-1024x683-1.jpg\" alt=\"\" class=\"wp-image-27084\" srcset=\"https:\/\/sgvaimudar.com.br\/wp-content\/uploads\/2025\/06\/Tupi-Thumb-do-Site-2025-06-26T080742.514-1024x683-1.jpg 1024w, https:\/\/sgvaimudar.com.br\/wp-content\/uploads\/2025\/06\/Tupi-Thumb-do-Site-2025-06-26T080742.514-1024x683-1-300x200.jpg 300w, https:\/\/sgvaimudar.com.br\/wp-content\/uploads\/2025\/06\/Tupi-Thumb-do-Site-2025-06-26T080742.514-1024x683-1-768x512.jpg 768w\" sizes=\"(max-width: 1024px) 100vw, 1024px\" \/><\/figure>\n\n\n\n<p>\u201cEle tinha um hematoma subdural e uma fratura exposta no cr\u00e2nio\u201d, disse a Dra. Tatyana Shapovalenko. A crian\u00e7a foi colocada em coma induzido. Ainda segundo a m\u00e9dica, o beb\u00ea n\u00e3o precisou de tratamento neurocir\u00fargico.<\/p>\n\n\n\n<p><strong><em>Fa\u00e7a sua den\u00fancia pelo nosso WhatsApp: (21) <\/em><\/strong><strong><em>99744 5345<\/em><\/strong><strong><em><\/em><\/strong><\/p>\n\n\n\n<p><strong><em>S\u00e3o Gon\u00e7alo vai mudar: Not\u00edcias de S\u00e3o Gon\u00e7alo e toda regi\u00e3o.<\/em><\/strong><\/p>\n\n\n\n<figure class=\"wp-block-image size-large\"><img decoding=\"async\" width=\"1024\" height=\"252\" src=\"https:\/\/sgvaimudar.com.br\/wp-content\/uploads\/2025\/03\/Anuncie-Aqui-Sao-Goncalo-vai-mudar-1024x252.jpg\" alt=\"\" class=\"wp-image-22693\" srcset=\"https:\/\/sgvaimudar.com.br\/wp-content\/uploads\/2025\/03\/Anuncie-Aqui-Sao-Goncalo-vai-mudar-1024x252.jpg 1024w, https:\/\/sgvaimudar.com.br\/wp-content\/uploads\/2025\/03\/Anuncie-Aqui-Sao-Goncalo-vai-mudar-300x74.jpg 300w, https:\/\/sgvaimudar.com.br\/wp-content\/uploads\/2025\/03\/Anuncie-Aqui-Sao-Goncalo-vai-mudar-768x189.jpg 768w, https:\/\/sgvaimudar.com.br\/wp-content\/uploads\/2025\/03\/Anuncie-Aqui-Sao-Goncalo-vai-mudar-1536x378.jpg 1536w, https:\/\/sgvaimudar.com.br\/wp-content\/uploads\/2025\/03\/Anuncie-Aqui-Sao-Goncalo-vai-mudar-2048x504.jpg 2048w\" sizes=\"(max-width: 1024px) 100vw, 1024px\" \/><\/figure>\n\n\n\n<p><\/p>\n","protected":false},"excerpt":{"rendered":"<p>Um\u00a0homem bielorrusso, identificado como Vladimir Vitkov, de 31 anos, foi flagrado arremessando com for\u00e7a um\u00a0menino\u00a0afeg\u00e3o\u00a0de 2 anos\u00a0no ch\u00e3o\u00a0Aeroporto Internacional de&hellip;<\/p>\n","protected":false},"author":5,"featured_media":27083,"comment_status":"open","ping_status":"open","sticky":false,"template":"","format":"standard","meta":{"fifu_image_url":"","fifu_image_alt":"","footnotes":""},"categories":[1],"tags":[39,41],"class_list":["post-27081","post","type-post","status-publish","format-standard","has-post-thumbnail","hentry","category-mundo","tag-ataque","tag-conflito"],"_links":{"self":[{"href":"https:\/\/sgvaimudar.com.br\/index.php\/wp-json\/wp\/v2\/posts\/27081","targetHints":{"allow":["GET"]}}],"collection":[{"href":"https:\/\/sgvaimudar.com.br\/index.php\/wp-json\/wp\/v2\/posts"}],"about":[{"href":"https:\/\/sgvaimudar.com.br\/index.php\/wp-json\/wp\/v2\/types\/post"}],"author":[{"embeddable":true,"href":"https:\/\/sgvaimudar.com.br\/index.php\/wp-json\/wp\/v2\/users\/5"}],"replies":[{"embeddable":true,"href":"https:\/\/sgvaimudar.com.br\/index.php\/wp-json\/wp\/v2\/comments?post=27081"}],"version-history":[{"count":1,"href":"https:\/\/sgvaimudar.com.br\/index.php\/wp-json\/wp\/v2\/posts\/27081\/revisions"}],"predecessor-version":[{"id":27085,"href":"https:\/\/sgvaimudar.com.br\/index.php\/wp-json\/wp\/v2\/posts\/27081\/revisions\/27085"}],"wp:featuredmedia":[{"embeddable":true,"href":"https:\/\/sgvaimudar.com.br\/index.php\/wp-json\/wp\/v2\/media\/27083"}],"wp:attachment":[{"href":"https:\/\/sgvaimudar.com.br\/index.php\/wp-json\/wp\/v2\/media?parent=27081"}],"wp:term":[{"taxonomy":"category","embeddable":true,"href":"https:\/\/sgvaimudar.com.br\/index.php\/wp-json\/wp\/v2\/categories?post=27081"},{"taxonomy":"post_tag","embeddable":true,"href":"https:\/\/sgvaimudar.com.br\/index.php\/wp-json\/wp\/v2\/tags?post=27081"}],"curies":[{"name":"wp","href":"https:\/\/api.w.org\/{rel}","templated":true}]}}