{"id":27073,"date":"2025-06-26T13:00:00","date_gmt":"2025-06-26T16:00:00","guid":{"rendered":"https:\/\/sgvaimudar.com.br\/?p=27073"},"modified":"2025-06-26T11:09:36","modified_gmt":"2025-06-26T14:09:36","slug":"mprj-e-prefeitura-de-niteroi-realizam-operacao-contra-construcoes-irregulares-em-charitas","status":"publish","type":"post","link":"https:\/\/sgvaimudar.com.br\/index.php\/2025\/06\/26\/mprj-e-prefeitura-de-niteroi-realizam-operacao-contra-construcoes-irregulares-em-charitas\/","title":{"rendered":"MPRJ e Prefeitura de Niter\u00f3i realizam opera\u00e7\u00e3o contra constru\u00e7\u00f5es irregulares em Charitas"},"content":{"rendered":"\n<p>O Minist\u00e9rio P\u00fablico do Estado do Rio de Janeiro (MPRJ), por meio do Grupo de Atua\u00e7\u00e3o Especializada em Meio Ambiente (GAEMA\/MPRJ), em conjunto com a Prefeitura de Niter\u00f3i, realiza nesta quinta-feira (26\/06) uma opera\u00e7\u00e3o para demolir constru\u00e7\u00f5es irregulares em \u00e1rea de unidade de conserva\u00e7\u00e3o ambiental, no bairro de Charitas, em Niter\u00f3i. <\/p>\n\n\n\n<p>As edifica\u00e7\u00f5es est\u00e3o localizadas dentro da zona protegida pelo Parque Natural Municipal de Niter\u00f3i (PARNIT). A a\u00e7\u00e3o conta com o apoio da Coordenadoria de Seguran\u00e7a e Intelig\u00eancia (CSI\/MPRJ) e da Pol\u00edcia Militar.<\/p>\n\n\n\n<p>Os agentes do MPRJ utilizam drones durante a opera\u00e7\u00e3o para reconhecimento e verifica\u00e7\u00e3o de eventuais outras invas\u00f5es no local. A demoli\u00e7\u00e3o \u00e9 o primeiro resultado concreto do acordo de coopera\u00e7\u00e3o t\u00e9cnica firmado na semana passada entre o MPRJ e o Munic\u00edpio de Niter\u00f3i. O objetivo principal \u00e9 combater o avan\u00e7o da ocupa\u00e7\u00e3o desordenada e das constru\u00e7\u00f5es em \u00e1reas protegidas.<\/p>\n\n\n\n<p>A a\u00e7\u00e3o segue o plano de trabalho do acordo assinado na \u00faltima quarta-feira (18\/06) pelo procurador-geral de Justi\u00e7a, Antonio Jos\u00e9 Campos Moreira, com o Munic\u00edpio de Niter\u00f3i. <\/p>\n\n\n\n<p>O conv\u00eanio prev\u00ea a identifica\u00e7\u00e3o de \u00e1reas de ocupa\u00e7\u00e3o irregular do solo urbano, al\u00e9m da troca de informa\u00e7\u00f5es e outros dados essenciais para o combate \u00e0s constru\u00e7\u00f5es ilegais. <\/p>\n\n\n\n<p>O ajuste estabelece ainda o apoio operacional rec\u00edproco para a execu\u00e7\u00e3o das opera\u00e7\u00f5es de demoli\u00e7\u00e3o, bem como o estabelecimento de rotinas e procedimentos padronizados de atua\u00e7\u00e3o.<\/p>\n\n\n\n<p><strong><em>Fa\u00e7a sua den\u00fancia pelo nosso WhatsApp: (21) <\/em><\/strong><strong><em>99744 5345<\/em><\/strong><strong><em><\/em><\/strong><\/p>\n\n\n\n<p><strong><em>S\u00e3o Gon\u00e7alo vai mudar: Not\u00edcias de S\u00e3o Gon\u00e7alo e toda regi\u00e3o.<\/em><\/strong><\/p>\n\n\n\n<figure class=\"wp-block-image size-large\"><img fetchpriority=\"high\" decoding=\"async\" width=\"1024\" height=\"252\" src=\"https:\/\/sgvaimudar.com.br\/wp-content\/uploads\/2025\/03\/Anuncie-Aqui-Sao-Goncalo-vai-mudar-1024x252.jpg\" alt=\"\" class=\"wp-image-22693\" srcset=\"https:\/\/sgvaimudar.com.br\/wp-content\/uploads\/2025\/03\/Anuncie-Aqui-Sao-Goncalo-vai-mudar-1024x252.jpg 1024w, https:\/\/sgvaimudar.com.br\/wp-content\/uploads\/2025\/03\/Anuncie-Aqui-Sao-Goncalo-vai-mudar-300x74.jpg 300w, https:\/\/sgvaimudar.com.br\/wp-content\/uploads\/2025\/03\/Anuncie-Aqui-Sao-Goncalo-vai-mudar-768x189.jpg 768w, https:\/\/sgvaimudar.com.br\/wp-content\/uploads\/2025\/03\/Anuncie-Aqui-Sao-Goncalo-vai-mudar-1536x378.jpg 1536w, https:\/\/sgvaimudar.com.br\/wp-content\/uploads\/2025\/03\/Anuncie-Aqui-Sao-Goncalo-vai-mudar-2048x504.jpg 2048w\" sizes=\"(max-width: 1024px) 100vw, 1024px\" \/><\/figure>\n","protected":false},"excerpt":{"rendered":"<p>O Minist\u00e9rio P\u00fablico do Estado do Rio de Janeiro (MPRJ), por meio do Grupo de Atua\u00e7\u00e3o Especializada em Meio Ambiente&hellip;<\/p>\n","protected":false},"author":5,"featured_media":27074,"comment_status":"open","ping_status":"open","sticky":false,"template":"","format":"standard","meta":{"fifu_image_url":"","fifu_image_alt":"","footnotes":""},"categories":[34],"tags":[47],"class_list":["post-27073","post","type-post","status-publish","format-standard","has-post-thumbnail","hentry","category-niteroi","tag-rj"],"_links":{"self":[{"href":"https:\/\/sgvaimudar.com.br\/index.php\/wp-json\/wp\/v2\/posts\/27073","targetHints":{"allow":["GET"]}}],"collection":[{"href":"https:\/\/sgvaimudar.com.br\/index.php\/wp-json\/wp\/v2\/posts"}],"about":[{"href":"https:\/\/sgvaimudar.com.br\/index.php\/wp-json\/wp\/v2\/types\/post"}],"author":[{"embeddable":true,"href":"https:\/\/sgvaimudar.com.br\/index.php\/wp-json\/wp\/v2\/users\/5"}],"replies":[{"embeddable":true,"href":"https:\/\/sgvaimudar.com.br\/index.php\/wp-json\/wp\/v2\/comments?post=27073"}],"version-history":[{"count":1,"href":"https:\/\/sgvaimudar.com.br\/index.php\/wp-json\/wp\/v2\/posts\/27073\/revisions"}],"predecessor-version":[{"id":27075,"href":"https:\/\/sgvaimudar.com.br\/index.php\/wp-json\/wp\/v2\/posts\/27073\/revisions\/27075"}],"wp:featuredmedia":[{"embeddable":true,"href":"https:\/\/sgvaimudar.com.br\/index.php\/wp-json\/wp\/v2\/media\/27074"}],"wp:attachment":[{"href":"https:\/\/sgvaimudar.com.br\/index.php\/wp-json\/wp\/v2\/media?parent=27073"}],"wp:term":[{"taxonomy":"category","embeddable":true,"href":"https:\/\/sgvaimudar.com.br\/index.php\/wp-json\/wp\/v2\/categories?post=27073"},{"taxonomy":"post_tag","embeddable":true,"href":"https:\/\/sgvaimudar.com.br\/index.php\/wp-json\/wp\/v2\/tags?post=27073"}],"curies":[{"name":"wp","href":"https:\/\/api.w.org\/{rel}","templated":true}]}}