{"id":27056,"date":"2025-06-26T10:59:00","date_gmt":"2025-06-26T13:59:00","guid":{"rendered":"https:\/\/sgvaimudar.com.br\/?p=27056"},"modified":"2025-06-26T10:32:24","modified_gmt":"2025-06-26T13:32:24","slug":"translado-do-corpo-de-juliana-marins-sera-custeado-pela-prefeitura-de-niteroi","status":"publish","type":"post","link":"https:\/\/sgvaimudar.com.br\/index.php\/2025\/06\/26\/translado-do-corpo-de-juliana-marins-sera-custeado-pela-prefeitura-de-niteroi\/","title":{"rendered":"Translado do corpo de Juliana Marins ser\u00e1 custeado pela Prefeitura de Niter\u00f3i"},"content":{"rendered":"\n<p><em>N\u00e3o h\u00e1 previs\u00e3o ainda para o vel\u00f3rio e sepultamento de Juliana Marins na cidade<\/em><\/p>\n\n\n\n<p>A Prefeitura de Niter\u00f3i informou, no final da noite desta quarta-feira (25), que assumiu o compromisso de custear o translado do corpo da jovem Juliana Marins, moradora da cidade que faleceu ap\u00f3s cair em penhasco no Monte Rinjani, na Indon\u00e9sia.<\/p>\n\n\n\n<p>De acordo com o Executivo niteroiense, em conversa com Mariana Marins, irm\u00e3 de Juliana, o prefeito Rodrigo Neves reafirmou o apoio do munic\u00edpio \u00e0 fam\u00edlia. O corpo ser\u00e1 trazido ao Brasil para ser velado e sepultado em Niter\u00f3i, sem data definida ainda.<\/p>\n\n\n\n<p>\u201cConversei com Mariana, irm\u00e3 de Juliana, e reafirmei o compromisso da Prefeitura de Niter\u00f3i com o translado da jovem para nossa cidade, onde ser\u00e1 velada e sepultada. Que Deus conforte o cora\u00e7\u00e3o da linda fam\u00edlia de Juliana e de todos os seus amigos e amigas\u201d, declarou o prefeito Rodrigo Neves.<\/p>\n\n\n\n<p>Juliana Marins foi encontrada sem vida na manh\u00e3 da \u00faltima ter\u00e7a (24), na Ilha de Lombok, na Indon\u00e9sia, ap\u00f3s dias de buscas que mobilizaram familiares, amigos e milhares de brasileiros nas redes sociais. Desde o in\u00edcio, a Prefeitura acompanhou a situa\u00e7\u00e3o, mantendo contato com a Embaixada do Brasil em Jacarta e cobrando provid\u00eancias das autoridades locais.<\/p>\n\n\n\n<p>O Itamaraty havia divulgado na quarta, logo ap\u00f3s o i\u00e7amento do corpo da jovem, que n\u00e3o poderia arcar com os custos de translado do corpo, uma vez que n\u00e3o poderiam ser usados recursos p\u00fablicos para isso. A fam\u00edlia, por sua vez, voltou a afirmar no Instagram oficial criado para not\u00edcias sobre o caso que n\u00e3o faz nenhuma vaquinha para arrecadar recursos.\u00a0<\/p>\n\n\n\n<p>A Prefeitura de Niter\u00f3i decretou luto oficial de tr\u00eas dias pela morte de Juliana. A administra\u00e7\u00e3o municipal tamb\u00e9m est\u00e1 preparando uma homenagem em sua mem\u00f3ria, que ser\u00e1 anunciada nos pr\u00f3ximos dias.&nbsp;<\/p>\n\n\n\n<h2 class=\"wp-block-heading\">Emo\u00e7\u00e3o <\/h2>\n\n\n\n<figure class=\"wp-block-image size-large\"><img fetchpriority=\"high\" decoding=\"async\" width=\"768\" height=\"1024\" src=\"https:\/\/sgvaimudar.com.br\/wp-content\/uploads\/2025\/06\/Aos-4-anos-de-idade-falei-pros-meus-pais-que-eu-queria-10-irmas.-Aos-5-anos-quando-voce-nasceu-nao-quis-mais-nenhum-vc-ja-valia-pelos-10-Hahaha-Voce-sempre-foi-doidinha-de-tudo-de-ter-as-melhores-tiradas--768x1024.jpg\" alt=\"\" class=\"wp-image-27057\" srcset=\"https:\/\/sgvaimudar.com.br\/wp-content\/uploads\/2025\/06\/Aos-4-anos-de-idade-falei-pros-meus-pais-que-eu-queria-10-irmas.-Aos-5-anos-quando-voce-nasceu-nao-quis-mais-nenhum-vc-ja-valia-pelos-10-Hahaha-Voce-sempre-foi-doidinha-de-tudo-de-ter-as-melhores-tiradas--768x1024.jpg 768w, https:\/\/sgvaimudar.com.br\/wp-content\/uploads\/2025\/06\/Aos-4-anos-de-idade-falei-pros-meus-pais-que-eu-queria-10-irmas.-Aos-5-anos-quando-voce-nasceu-nao-quis-mais-nenhum-vc-ja-valia-pelos-10-Hahaha-Voce-sempre-foi-doidinha-de-tudo-de-ter-as-melhores-tiradas--225x300.jpg 225w, https:\/\/sgvaimudar.com.br\/wp-content\/uploads\/2025\/06\/Aos-4-anos-de-idade-falei-pros-meus-pais-que-eu-queria-10-irmas.-Aos-5-anos-quando-voce-nasceu-nao-quis-mais-nenhum-vc-ja-valia-pelos-10-Hahaha-Voce-sempre-foi-doidinha-de-tudo-de-ter-as-melhores-tiradas-.jpg 1066w\" sizes=\"(max-width: 768px) 100vw, 768px\" \/><\/figure>\n\n\n\n<p>Tamb\u00e9m na noite desta quarta, Mariana Marins postou uma carta emocionada para a irm\u00e3. &#8220;Vai ser muito dif\u00edcil n\u00e3o te ter por perto, irm\u00e3&#8221;, disse em um trecho da postagem.\u00a0<\/p>\n\n\n\n<p><strong><em>Fa\u00e7a sua den\u00fancia pelo nosso WhatsApp: (21) <\/em><\/strong><strong><em>99744 5345<\/em><\/strong><strong><em><\/em><\/strong><\/p>\n\n\n\n<p><strong><em>S\u00e3o Gon\u00e7alo vai mudar: Not\u00edcias de S\u00e3o Gon\u00e7alo e toda regi\u00e3o.<\/em><\/strong><\/p>\n\n\n\n<figure class=\"wp-block-image size-large\"><img decoding=\"async\" width=\"1024\" height=\"252\" src=\"https:\/\/sgvaimudar.com.br\/wp-content\/uploads\/2025\/03\/Anuncie-Aqui-Sao-Goncalo-vai-mudar-1024x252.jpg\" alt=\"\" class=\"wp-image-22693\" srcset=\"https:\/\/sgvaimudar.com.br\/wp-content\/uploads\/2025\/03\/Anuncie-Aqui-Sao-Goncalo-vai-mudar-1024x252.jpg 1024w, https:\/\/sgvaimudar.com.br\/wp-content\/uploads\/2025\/03\/Anuncie-Aqui-Sao-Goncalo-vai-mudar-300x74.jpg 300w, https:\/\/sgvaimudar.com.br\/wp-content\/uploads\/2025\/03\/Anuncie-Aqui-Sao-Goncalo-vai-mudar-768x189.jpg 768w, https:\/\/sgvaimudar.com.br\/wp-content\/uploads\/2025\/03\/Anuncie-Aqui-Sao-Goncalo-vai-mudar-1536x378.jpg 1536w, https:\/\/sgvaimudar.com.br\/wp-content\/uploads\/2025\/03\/Anuncie-Aqui-Sao-Goncalo-vai-mudar-2048x504.jpg 2048w\" sizes=\"(max-width: 1024px) 100vw, 1024px\" \/><\/figure>\n","protected":false},"excerpt":{"rendered":"<p>N\u00e3o h\u00e1 previs\u00e3o ainda para o vel\u00f3rio e sepultamento de Juliana Marins na cidade A Prefeitura de Niter\u00f3i informou, no&hellip;<\/p>\n","protected":false},"author":5,"featured_media":27058,"comment_status":"open","ping_status":"open","sticky":false,"template":"","format":"standard","meta":{"fifu_image_url":"","fifu_image_alt":"","footnotes":""},"categories":[32],"tags":[47],"class_list":["post-27056","post","type-post","status-publish","format-standard","has-post-thumbnail","hentry","category-casos-de-policia","tag-rj"],"_links":{"self":[{"href":"https:\/\/sgvaimudar.com.br\/index.php\/wp-json\/wp\/v2\/posts\/27056","targetHints":{"allow":["GET"]}}],"collection":[{"href":"https:\/\/sgvaimudar.com.br\/index.php\/wp-json\/wp\/v2\/posts"}],"about":[{"href":"https:\/\/sgvaimudar.com.br\/index.php\/wp-json\/wp\/v2\/types\/post"}],"author":[{"embeddable":true,"href":"https:\/\/sgvaimudar.com.br\/index.php\/wp-json\/wp\/v2\/users\/5"}],"replies":[{"embeddable":true,"href":"https:\/\/sgvaimudar.com.br\/index.php\/wp-json\/wp\/v2\/comments?post=27056"}],"version-history":[{"count":1,"href":"https:\/\/sgvaimudar.com.br\/index.php\/wp-json\/wp\/v2\/posts\/27056\/revisions"}],"predecessor-version":[{"id":27059,"href":"https:\/\/sgvaimudar.com.br\/index.php\/wp-json\/wp\/v2\/posts\/27056\/revisions\/27059"}],"wp:featuredmedia":[{"embeddable":true,"href":"https:\/\/sgvaimudar.com.br\/index.php\/wp-json\/wp\/v2\/media\/27058"}],"wp:attachment":[{"href":"https:\/\/sgvaimudar.com.br\/index.php\/wp-json\/wp\/v2\/media?parent=27056"}],"wp:term":[{"taxonomy":"category","embeddable":true,"href":"https:\/\/sgvaimudar.com.br\/index.php\/wp-json\/wp\/v2\/categories?post=27056"},{"taxonomy":"post_tag","embeddable":true,"href":"https:\/\/sgvaimudar.com.br\/index.php\/wp-json\/wp\/v2\/tags?post=27056"}],"curies":[{"name":"wp","href":"https:\/\/api.w.org\/{rel}","templated":true}]}}