{"id":27052,"date":"2025-06-26T12:00:00","date_gmt":"2025-06-26T15:00:00","guid":{"rendered":"https:\/\/sgvaimudar.com.br\/?p=27052"},"modified":"2025-06-26T10:16:34","modified_gmt":"2025-06-26T13:16:34","slug":"prefeitura-vai-oferecer-63-vagas-de-emprego-em-nova-edicao-do-oportunidades","status":"publish","type":"post","link":"https:\/\/sgvaimudar.com.br\/index.php\/2025\/06\/26\/prefeitura-vai-oferecer-63-vagas-de-emprego-em-nova-edicao-do-oportunidades\/","title":{"rendered":"Prefeitura vai oferecer 63 vagas de emprego em nova edi\u00e7\u00e3o do Oportunidades"},"content":{"rendered":"\n<p><em>A\u00e7\u00e3o acontecer\u00e1 no P\u00e1tio Alc\u00e2ntara, na pr\u00f3xima sexta-feira (27)<\/em><\/p>\n\n\n\n<p>Se voc\u00ea procura emprego a chance apareceu. Mais de 60 vagas ser\u00e3o oferecidas nesta sexta-feira (27) em mais uma edi\u00e7\u00e3o do Oportunidades, programa que visa encaminhar gon\u00e7alenses para vagas. A a\u00e7\u00e3o \u00e9 uma parceria entre a Secretaria de Desenvolvimento Econ\u00f4mico da Prefeitura de S\u00e3o Gon\u00e7alo, atrav\u00e9s da Subsecretaria de Trabalho, com o Sistema Nacional de Emprego (Sine).<\/p>\n\n\n\n<p>O evento acontecer\u00e1 das 9h \u00e0s 16h, no 2\u00b0 piso do P\u00e1tio Alc\u00e2ntara.<\/p>\n\n\n\n<p>O Oportunidades tem como objetivo facilitar o acesso da popula\u00e7\u00e3o aos servi\u00e7os da Casa do Empreendedor e do Sistema Nacional de Emprego (Sine). Durante a realiza\u00e7\u00e3o do programa ser\u00e3o feitos encaminhamentos de vagas de emprego, atrav\u00e9s de equipes do Sine, al\u00e9m de servi\u00e7os para quem \u00e9 Microempreendedor Individual (MEI), como: regulariza\u00e7\u00e3o de d\u00e9bitos, inscri\u00e7\u00e3o municipal e cadastros.<\/p>\n\n\n\n<figure class=\"wp-block-image size-large\"><img fetchpriority=\"high\" decoding=\"async\" width=\"768\" height=\"1024\" src=\"https:\/\/sgvaimudar.com.br\/wp-content\/uploads\/2025\/06\/WhatsApp-Image-2025-06-26-at-10.15.18-1-768x1024.jpeg\" alt=\"\" class=\"wp-image-27054\" srcset=\"https:\/\/sgvaimudar.com.br\/wp-content\/uploads\/2025\/06\/WhatsApp-Image-2025-06-26-at-10.15.18-1-768x1024.jpeg 768w, https:\/\/sgvaimudar.com.br\/wp-content\/uploads\/2025\/06\/WhatsApp-Image-2025-06-26-at-10.15.18-1-225x300.jpeg 225w, https:\/\/sgvaimudar.com.br\/wp-content\/uploads\/2025\/06\/WhatsApp-Image-2025-06-26-at-10.15.18-1-1152x1536.jpeg 1152w, https:\/\/sgvaimudar.com.br\/wp-content\/uploads\/2025\/06\/WhatsApp-Image-2025-06-26-at-10.15.18-1.jpeg 1200w\" sizes=\"(max-width: 768px) 100vw, 768px\" \/><\/figure>\n\n\n\n<p><strong>Confira a lista das vagas que ser\u00e3o disponibilizadas:<\/strong><\/p>\n\n\n\n<p>&#8211; 15 vagas para caldeireiro: para pessoas do sexo masculino, com experi\u00eancia na carteira, idade entre 22 e 50 anos e ensino fundamental completo;<\/p>\n\n\n\n<p>&#8211; 15 vagas para ajudante de caldeireiro: para pessoas do sexo masculino, com experi\u00eancia na carteira, idade entre 22 e 50 anos e ensino fundamental completo;<\/p>\n\n\n\n<p>&#8211; 12 vagas para vendedor interno: para pessoas de ambos os sexos, aceita ser o primeiro emprego, com idade entre 18 e 30 anos e ensino m\u00e9dio completo;<\/p>\n\n\n\n<p>&#8211; 10 vagas para atendente de lanchonete: para pessoas de ambos os sexos, aceita ser o primeiro emprego, com idade entre 18 e 25 anos e ensino m\u00e9dio completo;<\/p>\n\n\n\n<p>&#8211; 7 vagas para soldador: para pessoas do sexo masculino, com experi\u00eancia na carteira, idade entre 22 e 50 anos e ensino fundamental completo;<\/p>\n\n\n\n<p>&#8211; 1 vaga para auxiliar de RH: para pessoas do sexo feminino, com experi\u00eancia comprovada, idade entre 22 e 35 anos e com cursando o ensino superior;<\/p>\n\n\n\n<p>&#8211; 1 vaga para operador de lojas: para pessoas de ambos os sexos, aceita ser o primeiro emprego, com idade entre 25 e 50 anos e ensino fundamental completo;<\/p>\n\n\n\n<p>&#8211; 1 vaga para atendente de farm\u00e1cia: para pessoas de ambos os sexos, com experi\u00eancia comprovada, idade entre 25 e 40 anos e ensino m\u00e9dio completo;<\/p>\n\n\n\n<p>&#8211; 1 vaga para auxiliar de linha de produ\u00e7\u00e3o: para pessoas de ambos os sexos, aceita ser o primeiro emprego, idade entre 25 e 50 anos e ensino fundamental completo.<\/p>\n\n\n\n<p><strong>Servi\u00e7o:<\/strong><\/p>\n\n\n\n<p>O Programa Oportunidades ser\u00e1 realizado no segundo piso do P\u00e1tio Alc\u00e2ntara, na Pra\u00e7a Carlos Gianelli, s\/n \u2013 Alc\u00e2ntara, nesta sexta-feira (27), das 9h \u00e0s 16h.<\/p>\n\n\n\n<p><strong><em>S\u00e3o Gon\u00e7alo vai mudar: Not\u00edcias de S\u00e3o Gon\u00e7alo e toda regi\u00e3o.<\/em><\/strong><\/p>\n\n\n\n<figure class=\"wp-block-image size-large\"><img decoding=\"async\" width=\"1024\" height=\"252\" src=\"https:\/\/sgvaimudar.com.br\/wp-content\/uploads\/2025\/03\/Anuncie-Aqui-Sao-Goncalo-vai-mudar-1024x252.jpg\" alt=\"\" class=\"wp-image-22693\" srcset=\"https:\/\/sgvaimudar.com.br\/wp-content\/uploads\/2025\/03\/Anuncie-Aqui-Sao-Goncalo-vai-mudar-1024x252.jpg 1024w, https:\/\/sgvaimudar.com.br\/wp-content\/uploads\/2025\/03\/Anuncie-Aqui-Sao-Goncalo-vai-mudar-300x74.jpg 300w, https:\/\/sgvaimudar.com.br\/wp-content\/uploads\/2025\/03\/Anuncie-Aqui-Sao-Goncalo-vai-mudar-768x189.jpg 768w, https:\/\/sgvaimudar.com.br\/wp-content\/uploads\/2025\/03\/Anuncie-Aqui-Sao-Goncalo-vai-mudar-1536x378.jpg 1536w, https:\/\/sgvaimudar.com.br\/wp-content\/uploads\/2025\/03\/Anuncie-Aqui-Sao-Goncalo-vai-mudar-2048x504.jpg 2048w\" sizes=\"(max-width: 1024px) 100vw, 1024px\" \/><\/figure>\n","protected":false},"excerpt":{"rendered":"<p>A\u00e7\u00e3o acontecer\u00e1 no P\u00e1tio Alc\u00e2ntara, na pr\u00f3xima sexta-feira (27) Se voc\u00ea procura emprego a chance apareceu. Mais de 60 vagas&hellip;<\/p>\n","protected":false},"author":5,"featured_media":27053,"comment_status":"open","ping_status":"open","sticky":false,"template":"","format":"standard","meta":{"fifu_image_url":"","fifu_image_alt":"","footnotes":""},"categories":[3],"tags":[],"class_list":["post-27052","post","type-post","status-publish","format-standard","has-post-thumbnail","hentry","category-sao-goncalo"],"_links":{"self":[{"href":"https:\/\/sgvaimudar.com.br\/index.php\/wp-json\/wp\/v2\/posts\/27052","targetHints":{"allow":["GET"]}}],"collection":[{"href":"https:\/\/sgvaimudar.com.br\/index.php\/wp-json\/wp\/v2\/posts"}],"about":[{"href":"https:\/\/sgvaimudar.com.br\/index.php\/wp-json\/wp\/v2\/types\/post"}],"author":[{"embeddable":true,"href":"https:\/\/sgvaimudar.com.br\/index.php\/wp-json\/wp\/v2\/users\/5"}],"replies":[{"embeddable":true,"href":"https:\/\/sgvaimudar.com.br\/index.php\/wp-json\/wp\/v2\/comments?post=27052"}],"version-history":[{"count":1,"href":"https:\/\/sgvaimudar.com.br\/index.php\/wp-json\/wp\/v2\/posts\/27052\/revisions"}],"predecessor-version":[{"id":27055,"href":"https:\/\/sgvaimudar.com.br\/index.php\/wp-json\/wp\/v2\/posts\/27052\/revisions\/27055"}],"wp:featuredmedia":[{"embeddable":true,"href":"https:\/\/sgvaimudar.com.br\/index.php\/wp-json\/wp\/v2\/media\/27053"}],"wp:attachment":[{"href":"https:\/\/sgvaimudar.com.br\/index.php\/wp-json\/wp\/v2\/media?parent=27052"}],"wp:term":[{"taxonomy":"category","embeddable":true,"href":"https:\/\/sgvaimudar.com.br\/index.php\/wp-json\/wp\/v2\/categories?post=27052"},{"taxonomy":"post_tag","embeddable":true,"href":"https:\/\/sgvaimudar.com.br\/index.php\/wp-json\/wp\/v2\/tags?post=27052"}],"curies":[{"name":"wp","href":"https:\/\/api.w.org\/{rel}","templated":true}]}}