{"id":27041,"date":"2025-06-26T10:00:00","date_gmt":"2025-06-26T13:00:00","guid":{"rendered":"https:\/\/sgvaimudar.com.br\/?p=27041"},"modified":"2025-06-26T09:59:05","modified_gmt":"2025-06-26T12:59:05","slug":"vacinacao-itinerante-contra-gripe-e-sarampo-chega-ao-shopping-sao-goncalo","status":"publish","type":"post","link":"https:\/\/sgvaimudar.com.br\/index.php\/2025\/06\/26\/vacinacao-itinerante-contra-gripe-e-sarampo-chega-ao-shopping-sao-goncalo\/","title":{"rendered":"Vacina\u00e7\u00e3o itinerante contra gripe e sarampo chega ao Shopping S\u00e3o Gon\u00e7alo"},"content":{"rendered":"\n<p><em>Equipes da Secretaria de Sa\u00fade tamb\u00e9m estar\u00e3o imunizando a popula\u00e7\u00e3o no Alc\u00e2ntara<\/em><\/p>\n\n\n\n<p>A Secretaria de Sa\u00fade da Prefeitura de S\u00e3o Gon\u00e7alo, atrav\u00e9s da Coordena\u00e7\u00e3o de Imuniza\u00e7\u00e3o, vai vacinar os usu\u00e1rios do Shopping S\u00e3o Gon\u00e7alo contra a gripe e o sarampo desta quinta-feira (26) at\u00e9 o pr\u00f3ximo s\u00e1bado (28), das 10h \u00e0s 16h. Todas as pessoas com mais de seis meses podem receber as vacinas, dependendo do hist\u00f3rico de cada paciente.<\/p>\n\n\n\n<p>Quem passar por Alc\u00e2ntara, na Rua Yolanda Saad Abuzaid (em frente ao popular pr\u00e9dio do rel\u00f3gio), tamb\u00e9m poder\u00e1 ser imunizado. Equipes de vacina\u00e7\u00e3o est\u00e3o no local nesta quarta-feira (25) e ficam at\u00e9 a pr\u00f3xima sexta-feira (27), sempre das 9h \u00e0s 16h. A a\u00e7\u00e3o itinerante visa atingir a popula\u00e7\u00e3o que n\u00e3o tem condi\u00e7\u00e3o de ir at\u00e9 o posto de sa\u00fade se vacinar e est\u00e1 acontecendo em locais de grandes aglomera\u00e7\u00f5es e empresas desde o in\u00edcio de abril.\u00a0\u00a0<\/p>\n\n\n\n<figure class=\"wp-block-image size-large\"><img decoding=\"async\" src=\"https:\/\/sgvaimudar.com.br\/wp-content\/uploads\/2025\/06\/unnamed-48-1024x684.jpg\" alt=\"\" class=\"wp-image-27047\" \/><\/figure>\n\n\n\n<p>Todos os gon\u00e7alenses com mais de seis meses de idade podem se vacinar com as duas vacinas, que tamb\u00e9m podem ser aplicadas com outros imunizantes e medica\u00e7\u00f5es. As contraindica\u00e7\u00f5es s\u00e3o para crian\u00e7as menores de 6 meses de idade e pessoas com hist\u00f3rico de forma grave de alergia a doses anteriores.&nbsp;<\/p>\n\n\n\n<p>Os gon\u00e7alenses com febre ou com coronav\u00edrus devem adiar a vacina\u00e7\u00e3o at\u00e9 a resolu\u00e7\u00e3o do caso. Para se vacinar, \u00e9 preciso apresentar a carteira de vacina\u00e7\u00e3o (adulto e crian\u00e7a), identidade ou certid\u00e3o de nascimento, cart\u00e3o do SUS ou CPF.&nbsp;<\/p>\n\n\n\n<p>A vacina da gripe dispon\u00edvel no Sistema \u00danico de Sa\u00fade (SUS) \u00e9 a trivalente, que protege contra a gripe su\u00edna (H1N1), contra a gripe sazonal (H3N2) \u2013 que s\u00e3o duas variantes do v\u00edrus Influenza tipo A \u2013 e contra uma cepa viral da Influenza tipo B.&nbsp;<\/p>\n\n\n\n<p>A vacina que imuniza contra o sarampo \u00e9 a tr\u00edplice viral, que tamb\u00e9m previne as formas graves da rub\u00e9ola e caxumba. A tr\u00edplice viral pode ser aplicada nos gon\u00e7alenses de at\u00e9 59 anos que ainda n\u00e3o estejam imunizados. O objetivo da iniciativa \u00e9 refor\u00e7ar a vacina\u00e7\u00e3o contra a doen\u00e7a, bloqueando o seu retorno.<\/p>\n\n\n\n<p>Vale lembrar que todas as vacinas do Calend\u00e1rio Nacional de Imuniza\u00e7\u00e3o, incluindo a da gripe e do sarampo, est\u00e3o dispon\u00edveis em 62 salas de vacina\u00e7\u00e3o espalhadas em unidades de sa\u00fade da cidade.&nbsp;<\/p>\n\n\n\n<p><strong>Formas de preven\u00e7\u00e3o contra a gripe:<\/strong><\/p>\n\n\n\n<p>. Vacina\u00e7\u00e3o;<\/p>\n\n\n\n<p>. Lavar as m\u00e3os com \u00e1gua e sab\u00e3o ou usar \u00e1lcool em gel, principalmente antes de se alimentar;&nbsp;<\/p>\n\n\n\n<p>. Utilizar len\u00e7o descart\u00e1vel para limpar o nariz;<\/p>\n\n\n\n<p>. Cobrir o nariz e a boca ao espirrar ou tossir;<\/p>\n\n\n\n<p>. N\u00e3o compartilhar talheres, pratos, copos e garrafas;<\/p>\n\n\n\n<p>. Evitar contato com pessoas que est\u00e3o com sintomas de gripe;<\/p>\n\n\n\n<p>. Evitar aglomera\u00e7\u00f5es e ambientes fechados;<\/p>\n\n\n\n<p>. Evitar tocar olhos, nariz e boca com as m\u00e3os sujas<\/p>\n\n\n\n<p><em>Foto: Renan Otto<\/em><\/p>\n\n\n\n<p><strong><em>S\u00e3o Gon\u00e7alo vai mudar: Not\u00edcias de S\u00e3o Gon\u00e7alo e toda regi\u00e3o.<\/em><\/strong><\/p>\n\n\n\n<figure class=\"wp-block-image size-large\"><img fetchpriority=\"high\" decoding=\"async\" width=\"1024\" height=\"252\" src=\"https:\/\/sgvaimudar.com.br\/wp-content\/uploads\/2025\/03\/Anuncie-Aqui-Sao-Goncalo-vai-mudar-1024x252.jpg\" alt=\"\" class=\"wp-image-22693\" srcset=\"https:\/\/sgvaimudar.com.br\/wp-content\/uploads\/2025\/03\/Anuncie-Aqui-Sao-Goncalo-vai-mudar-1024x252.jpg 1024w, https:\/\/sgvaimudar.com.br\/wp-content\/uploads\/2025\/03\/Anuncie-Aqui-Sao-Goncalo-vai-mudar-300x74.jpg 300w, https:\/\/sgvaimudar.com.br\/wp-content\/uploads\/2025\/03\/Anuncie-Aqui-Sao-Goncalo-vai-mudar-768x189.jpg 768w, https:\/\/sgvaimudar.com.br\/wp-content\/uploads\/2025\/03\/Anuncie-Aqui-Sao-Goncalo-vai-mudar-1536x378.jpg 1536w, https:\/\/sgvaimudar.com.br\/wp-content\/uploads\/2025\/03\/Anuncie-Aqui-Sao-Goncalo-vai-mudar-2048x504.jpg 2048w\" sizes=\"(max-width: 1024px) 100vw, 1024px\" \/><\/figure>\n","protected":false},"excerpt":{"rendered":"<p>Equipes da Secretaria de Sa\u00fade tamb\u00e9m estar\u00e3o imunizando a popula\u00e7\u00e3o no Alc\u00e2ntara A Secretaria de Sa\u00fade da Prefeitura de S\u00e3o&hellip;<\/p>\n","protected":false},"author":5,"featured_media":27046,"comment_status":"open","ping_status":"open","sticky":false,"template":"","format":"standard","meta":{"fifu_image_url":"","fifu_image_alt":"","footnotes":""},"categories":[7],"tags":[47,75],"class_list":["post-27041","post","type-post","status-publish","format-standard","has-post-thumbnail","hentry","category-saude","tag-rj","tag-sao-goncalo"],"_links":{"self":[{"href":"https:\/\/sgvaimudar.com.br\/index.php\/wp-json\/wp\/v2\/posts\/27041","targetHints":{"allow":["GET"]}}],"collection":[{"href":"https:\/\/sgvaimudar.com.br\/index.php\/wp-json\/wp\/v2\/posts"}],"about":[{"href":"https:\/\/sgvaimudar.com.br\/index.php\/wp-json\/wp\/v2\/types\/post"}],"author":[{"embeddable":true,"href":"https:\/\/sgvaimudar.com.br\/index.php\/wp-json\/wp\/v2\/users\/5"}],"replies":[{"embeddable":true,"href":"https:\/\/sgvaimudar.com.br\/index.php\/wp-json\/wp\/v2\/comments?post=27041"}],"version-history":[{"count":3,"href":"https:\/\/sgvaimudar.com.br\/index.php\/wp-json\/wp\/v2\/posts\/27041\/revisions"}],"predecessor-version":[{"id":27048,"href":"https:\/\/sgvaimudar.com.br\/index.php\/wp-json\/wp\/v2\/posts\/27041\/revisions\/27048"}],"wp:featuredmedia":[{"embeddable":true,"href":"https:\/\/sgvaimudar.com.br\/index.php\/wp-json\/wp\/v2\/media\/27046"}],"wp:attachment":[{"href":"https:\/\/sgvaimudar.com.br\/index.php\/wp-json\/wp\/v2\/media?parent=27041"}],"wp:term":[{"taxonomy":"category","embeddable":true,"href":"https:\/\/sgvaimudar.com.br\/index.php\/wp-json\/wp\/v2\/categories?post=27041"},{"taxonomy":"post_tag","embeddable":true,"href":"https:\/\/sgvaimudar.com.br\/index.php\/wp-json\/wp\/v2\/tags?post=27041"}],"curies":[{"name":"wp","href":"https:\/\/api.w.org\/{rel}","templated":true}]}}