{"id":27038,"date":"2025-06-26T09:59:00","date_gmt":"2025-06-26T12:59:00","guid":{"rendered":"https:\/\/sgvaimudar.com.br\/?p=27038"},"modified":"2025-06-26T09:39:18","modified_gmt":"2025-06-26T12:39:18","slug":"operacao-para-demolir-predios-na-rocinha-acha-cobertura-com-piscina-do-trafico-de-drogas","status":"publish","type":"post","link":"https:\/\/sgvaimudar.com.br\/index.php\/2025\/06\/26\/operacao-para-demolir-predios-na-rocinha-acha-cobertura-com-piscina-do-trafico-de-drogas\/","title":{"rendered":"Opera\u00e7\u00e3o para demolir pr\u00e9dios na Rocinha acha cobertura com piscina do tr\u00e1fico de drogas"},"content":{"rendered":"\n<p><em>As constru\u00e7\u00f5es, localizadas na regi\u00e3o da Dion\u00e9ia, em uma \u00e1rea de aproximadamente 2 mil m\u00b2, tinham de 2 a 7 andares e apresentavam risco de desabamento ap\u00f3s o desmatamento de uma encosta<\/em><\/p>\n\n\n\n<p>Uma for\u00e7a-tarefa iniciou nesta quinta-feira (26) uma opera\u00e7\u00e3o para demolir\u00a03 pr\u00e9dios\u00a0erguidos irregularmente pelo tr\u00e1fico\u00a0na Rocinha, na Zona Sul do Rio de Janeiro. <\/p>\n\n\n\n<p>Em um dos edif\u00edcios havia uma luxuosa cobertura com\u00a0piscina,\u00a0cozinha gourmet\u00a0e\u00a0geladeira repleta de bebidas, com vista para o mar de S\u00e3o Conrado. Em uma das paredes, policiais encontraram uma\u00a0passagem secreta\u00a0que levava a uma escada que\u00a0dava para a mata.<\/p>\n\n\n\n<p>Oper\u00e1rios&nbsp;come\u00e7aram a destruir o espa\u00e7o a marretadas, e possivelmente a demoli\u00e7\u00e3o ser\u00e1 manual, j\u00e1 que m\u00e1quinas n\u00e3o conseguem subir at\u00e9 os im\u00f3veis.<\/p>\n\n\n\n<p>As constru\u00e7\u00f5es, localizadas na regi\u00e3o da Dion\u00e9ia, em uma \u00e1rea de aproximadamente 2 mil m\u00b2, tinham de 2 a 7 andares e\u00a0apresentavam risco de desabamento\u00a0ap\u00f3s o desmatamento de uma encosta.<\/p>\n\n\n\n<p>\u201cEssas constru\u00e7\u00f5es s\u00e3o absolutamente ilegais e colocam em risco a vida das pessoas que ali est\u00e3o\u201d, declarou o secret\u00e1rio de Ordem P\u00fablica, Brenno Carnevale.<\/p>\n\n\n\n<p>Os im\u00f3veis possu\u00edam acabamento interno de alto padr\u00e3o. C\u00e1lculos feitos por engenheiros da Prefeitura do Rio estimam que as obras, realizadas\u00a0sem licen\u00e7a ou autoriza\u00e7\u00e3o municipal, custaram cerca de\u00a0R$ 6 milh\u00f5es\u00a0aos respons\u00e1veis.<\/p>\n\n\n\n<p>Os pr\u00e9dios tamb\u00e9m serviam de abrigo para integrantes do\u00a0Comando Vermelho do Cear\u00e1,\u00a0que foram alvo de uma a\u00e7\u00e3o no \u00faltimo dia 31 de maio.<\/p>\n\n\n\n<p>Na ocasi\u00e3o, foram cumpridas ordens judiciais de pris\u00e3o e de busca e apreens\u00e3o contra chefes do tr\u00e1fico cearense que se escondiam no Rio de Janeiro.\u00a0Dezenas deles foram flagrados fugindo em comboio pela mata da Dion\u00e9ia, a mesma regi\u00e3o onde os pr\u00e9dios foram constru\u00eddos.<\/p>\n\n\n\n<p>A a\u00e7\u00e3o \u00e9 do Grupo de Atua\u00e7\u00e3o Especializada em Meio Ambiente do Minist\u00e9rio P\u00fablico do Rio de Janeiro (Gaema\/MPRJ), da Secretaria de Ordem P\u00fablica do Munic\u00edpio (Seop) e da Pol\u00edcia Militar, com apoio do Minist\u00e9rio P\u00fablico do Cear\u00e1 e da Pol\u00edcia Civil cearense.<\/p>\n\n\n\n<p>Fonte: g1<\/p>\n\n\n\n<p><strong><em>Fa\u00e7a sua den\u00fancia pelo nosso WhatsApp: (21) <\/em><\/strong><strong><em>99744 5345<\/em><\/strong><strong><em><\/em><\/strong><\/p>\n\n\n\n<p><strong><em>S\u00e3o Gon\u00e7alo vai mudar: Not\u00edcias de S\u00e3o Gon\u00e7alo e toda regi\u00e3o.<\/em><\/strong><\/p>\n\n\n\n<figure class=\"wp-block-image size-large\"><img fetchpriority=\"high\" decoding=\"async\" width=\"1024\" height=\"252\" src=\"https:\/\/sgvaimudar.com.br\/wp-content\/uploads\/2025\/03\/Anuncie-Aqui-Sao-Goncalo-vai-mudar-1024x252.jpg\" alt=\"\" class=\"wp-image-22693\" srcset=\"https:\/\/sgvaimudar.com.br\/wp-content\/uploads\/2025\/03\/Anuncie-Aqui-Sao-Goncalo-vai-mudar-1024x252.jpg 1024w, https:\/\/sgvaimudar.com.br\/wp-content\/uploads\/2025\/03\/Anuncie-Aqui-Sao-Goncalo-vai-mudar-300x74.jpg 300w, https:\/\/sgvaimudar.com.br\/wp-content\/uploads\/2025\/03\/Anuncie-Aqui-Sao-Goncalo-vai-mudar-768x189.jpg 768w, https:\/\/sgvaimudar.com.br\/wp-content\/uploads\/2025\/03\/Anuncie-Aqui-Sao-Goncalo-vai-mudar-1536x378.jpg 1536w, https:\/\/sgvaimudar.com.br\/wp-content\/uploads\/2025\/03\/Anuncie-Aqui-Sao-Goncalo-vai-mudar-2048x504.jpg 2048w\" sizes=\"(max-width: 1024px) 100vw, 1024px\" \/><\/figure>\n","protected":false},"excerpt":{"rendered":"<p>As constru\u00e7\u00f5es, localizadas na regi\u00e3o da Dion\u00e9ia, em uma \u00e1rea de aproximadamente 2 mil m\u00b2, tinham de 2 a 7&hellip;<\/p>\n","protected":false},"author":5,"featured_media":27039,"comment_status":"open","ping_status":"open","sticky":false,"template":"","format":"standard","meta":{"fifu_image_url":"","fifu_image_alt":"","footnotes":""},"categories":[32],"tags":[39,41,40,47],"class_list":["post-27038","post","type-post","status-publish","format-standard","has-post-thumbnail","hentry","category-casos-de-policia","tag-ataque","tag-conflito","tag-guerra","tag-rj"],"_links":{"self":[{"href":"https:\/\/sgvaimudar.com.br\/index.php\/wp-json\/wp\/v2\/posts\/27038","targetHints":{"allow":["GET"]}}],"collection":[{"href":"https:\/\/sgvaimudar.com.br\/index.php\/wp-json\/wp\/v2\/posts"}],"about":[{"href":"https:\/\/sgvaimudar.com.br\/index.php\/wp-json\/wp\/v2\/types\/post"}],"author":[{"embeddable":true,"href":"https:\/\/sgvaimudar.com.br\/index.php\/wp-json\/wp\/v2\/users\/5"}],"replies":[{"embeddable":true,"href":"https:\/\/sgvaimudar.com.br\/index.php\/wp-json\/wp\/v2\/comments?post=27038"}],"version-history":[{"count":1,"href":"https:\/\/sgvaimudar.com.br\/index.php\/wp-json\/wp\/v2\/posts\/27038\/revisions"}],"predecessor-version":[{"id":27040,"href":"https:\/\/sgvaimudar.com.br\/index.php\/wp-json\/wp\/v2\/posts\/27038\/revisions\/27040"}],"wp:featuredmedia":[{"embeddable":true,"href":"https:\/\/sgvaimudar.com.br\/index.php\/wp-json\/wp\/v2\/media\/27039"}],"wp:attachment":[{"href":"https:\/\/sgvaimudar.com.br\/index.php\/wp-json\/wp\/v2\/media?parent=27038"}],"wp:term":[{"taxonomy":"category","embeddable":true,"href":"https:\/\/sgvaimudar.com.br\/index.php\/wp-json\/wp\/v2\/categories?post=27038"},{"taxonomy":"post_tag","embeddable":true,"href":"https:\/\/sgvaimudar.com.br\/index.php\/wp-json\/wp\/v2\/tags?post=27038"}],"curies":[{"name":"wp","href":"https:\/\/api.w.org\/{rel}","templated":true}]}}