{"id":27029,"date":"2025-06-26T08:59:00","date_gmt":"2025-06-26T11:59:00","guid":{"rendered":"https:\/\/sgvaimudar.com.br\/?p=27029"},"modified":"2025-06-26T09:27:46","modified_gmt":"2025-06-26T12:27:46","slug":"acusados-de-trafico-de-drogas-em-moto-tocam-o-rebu-no-boa-vista-e-sao-presos","status":"publish","type":"post","link":"https:\/\/sgvaimudar.com.br\/index.php\/2025\/06\/26\/acusados-de-trafico-de-drogas-em-moto-tocam-o-rebu-no-boa-vista-e-sao-presos\/","title":{"rendered":"Acusados de tr\u00e1fico de drogas em moto tocam o rebu no Boa Vista e s\u00e3o presos"},"content":{"rendered":"\n<p><em>Dupla &#8220;bateu de frente&#8221; com os policiais do 7\u00aa Batalh\u00e3o de Pol\u00edcia Militar (BPM &#8211; S\u00e3o Gon\u00e7alo) tirando barricada e deu in\u00edcio a uma persegui\u00e7\u00e3o<\/em><\/p>\n\n\n\n<p>Dois homens suspeitos, acusados de envolvimento com o tr\u00e1fico de drogas na comunidade do Abacat\u00e3o, no Boa Vista, foram presos, na manh\u00e3 desta quarta-feira (25\/6), em S\u00e3o Gon\u00e7alo. De acordo com os agentes da Pol\u00edcia Militar, a dupla, identificada como Pablo Alves da Silva, de 18 anos e Lucas dos Santos Barcelos, de 21 anos, tentou fugir em dire\u00e7\u00e3o do Porto da Pedra.<\/p>\n\n\n\n<p>Eles foram detidos por uma equipe policial que fazia o trabalho de retirada de barricadas na altura do n\u00famero 147 da Rua Ver\u00edssimo de Souza. A opera\u00e7\u00e3o teve o apoio das equipes da Patamo 2, Patamo 3, Patamo 4, Supervis\u00e3o de Graduado, Equipes de Demoli\u00e7\u00e3o e Blindado.<\/p>\n\n\n\n<p>Segundo a PM, os dois elementos tentaram fugir em dire\u00e7\u00e3o ao bairro Porto da Pedra, mas foram pegos durante um cerco t\u00e1tico. Durante a fuga, os indiv\u00edduos roubaram uma motocicleta modelo Cross na Rua Belmiro Braga. Logo \u00e0 frente, na Rua Ver\u00edssimo de Souza, eles colidiram com outro ve\u00edculo e tentaram se esconder em uma resid\u00eancia localizada na Rua Belmiro Braga.<\/p>\n\n\n\n<p>No local, foi realizado o cerco e ambos e eles foram capturados. Ap\u00f3s o acidente, a equipe de socorristas Bravo Zero foi acionada para prestar atendimento \u00e0s v\u00edtimas da colis\u00e3o. <\/p>\n\n\n\n<p>O condutor da motocicleta Honda, modelo Cross, placa RIP7J36, cor bege, levada durante a fuga dos acusados, teve sua moto de volta logo ap\u00f3s o acidente. A v\u00edtima Leonardo Gon\u00e7alves de Oliveira, de 40 anos, compareceu \u00e0 Delegacia de Pol\u00edcia para o registro da ocorr\u00eancia.<\/p>\n\n\n\n<p>Outra v\u00edtima do acidente identificado como Carlos Roberto Laprovita Silva, de 50 anos, que conduzia a motocicleta Honda, modelo CB500, placa LCA0F60, cor preta, atingida durante a fuga dos acusados, foi atendida pelo Corpo de Bombeiros no local e informou aos policiais que ainda vai comparecer \u00e0 Delegacia.<\/p>\n\n\n\n<p>Na a\u00e7\u00e3o, a pol\u00edcia apreendeu os seguintes materiais com os acusados: 37 papelotes de coca\u00edna, 21 papelotes de skunk e 70 papelotes de crack. <\/p>\n\n\n\n<p>Os acusados e o material entorpecente foram encaminhados \u00e0 Delegacia de Pol\u00edcia. Segundo a pol\u00edcia, eles foram autuados em flagrante pelos crimes de tr\u00e1fico de drogas (Art. 33 da Lei 11.343\/06) e roubo majorado (Art. 157 do C\u00f3digo Penal).<\/p>\n\n\n\n<p><strong><em>Fa\u00e7a sua den\u00fancia pelo nosso WhatsApp: (21) 99744 5345<\/em><\/strong><\/p>\n\n\n\n<p><strong><em>S\u00e3o Gon\u00e7alo vai mudar: Not\u00edcias de S\u00e3o Gon\u00e7alo e toda regi\u00e3o.<\/em><\/strong><\/p>\n\n\n\n<figure class=\"wp-block-image size-large\"><img fetchpriority=\"high\" decoding=\"async\" width=\"1024\" height=\"252\" src=\"https:\/\/sgvaimudar.com.br\/wp-content\/uploads\/2025\/03\/Anuncie-Aqui-Sao-Goncalo-vai-mudar-1024x252.jpg\" alt=\"\" class=\"wp-image-22693\" srcset=\"https:\/\/sgvaimudar.com.br\/wp-content\/uploads\/2025\/03\/Anuncie-Aqui-Sao-Goncalo-vai-mudar-1024x252.jpg 1024w, https:\/\/sgvaimudar.com.br\/wp-content\/uploads\/2025\/03\/Anuncie-Aqui-Sao-Goncalo-vai-mudar-300x74.jpg 300w, https:\/\/sgvaimudar.com.br\/wp-content\/uploads\/2025\/03\/Anuncie-Aqui-Sao-Goncalo-vai-mudar-768x189.jpg 768w, https:\/\/sgvaimudar.com.br\/wp-content\/uploads\/2025\/03\/Anuncie-Aqui-Sao-Goncalo-vai-mudar-1536x378.jpg 1536w, https:\/\/sgvaimudar.com.br\/wp-content\/uploads\/2025\/03\/Anuncie-Aqui-Sao-Goncalo-vai-mudar-2048x504.jpg 2048w\" sizes=\"(max-width: 1024px) 100vw, 1024px\" \/><\/figure>\n","protected":false},"excerpt":{"rendered":"<p>Dupla &#8220;bateu de frente&#8221; com os policiais do 7\u00aa Batalh\u00e3o de Pol\u00edcia Militar (BPM &#8211; S\u00e3o Gon\u00e7alo) tirando barricada e&hellip;<\/p>\n","protected":false},"author":5,"featured_media":27030,"comment_status":"open","ping_status":"open","sticky":false,"template":"","format":"standard","meta":{"fifu_image_url":"","fifu_image_alt":"","footnotes":""},"categories":[32],"tags":[39,41,40,47,75],"class_list":["post-27029","post","type-post","status-publish","format-standard","has-post-thumbnail","hentry","category-casos-de-policia","tag-ataque","tag-conflito","tag-guerra","tag-rj","tag-sao-goncalo"],"_links":{"self":[{"href":"https:\/\/sgvaimudar.com.br\/index.php\/wp-json\/wp\/v2\/posts\/27029","targetHints":{"allow":["GET"]}}],"collection":[{"href":"https:\/\/sgvaimudar.com.br\/index.php\/wp-json\/wp\/v2\/posts"}],"about":[{"href":"https:\/\/sgvaimudar.com.br\/index.php\/wp-json\/wp\/v2\/types\/post"}],"author":[{"embeddable":true,"href":"https:\/\/sgvaimudar.com.br\/index.php\/wp-json\/wp\/v2\/users\/5"}],"replies":[{"embeddable":true,"href":"https:\/\/sgvaimudar.com.br\/index.php\/wp-json\/wp\/v2\/comments?post=27029"}],"version-history":[{"count":6,"href":"https:\/\/sgvaimudar.com.br\/index.php\/wp-json\/wp\/v2\/posts\/27029\/revisions"}],"predecessor-version":[{"id":27037,"href":"https:\/\/sgvaimudar.com.br\/index.php\/wp-json\/wp\/v2\/posts\/27029\/revisions\/27037"}],"wp:featuredmedia":[{"embeddable":true,"href":"https:\/\/sgvaimudar.com.br\/index.php\/wp-json\/wp\/v2\/media\/27030"}],"wp:attachment":[{"href":"https:\/\/sgvaimudar.com.br\/index.php\/wp-json\/wp\/v2\/media?parent=27029"}],"wp:term":[{"taxonomy":"category","embeddable":true,"href":"https:\/\/sgvaimudar.com.br\/index.php\/wp-json\/wp\/v2\/categories?post=27029"},{"taxonomy":"post_tag","embeddable":true,"href":"https:\/\/sgvaimudar.com.br\/index.php\/wp-json\/wp\/v2\/tags?post=27029"}],"curies":[{"name":"wp","href":"https:\/\/api.w.org\/{rel}","templated":true}]}}