{"id":27025,"date":"2025-06-26T09:00:00","date_gmt":"2025-06-26T12:00:00","guid":{"rendered":"https:\/\/sgvaimudar.com.br\/?p=27025"},"modified":"2025-06-26T07:57:38","modified_gmt":"2025-06-26T10:57:38","slug":"sao-goncalo-inicia-festival-oxente-saogonca-com-bate-papo-sobre-santos-juninos-no-teatro-municipal","status":"publish","type":"post","link":"https:\/\/sgvaimudar.com.br\/index.php\/2025\/06\/26\/sao-goncalo-inicia-festival-oxente-saogonca-com-bate-papo-sobre-santos-juninos-no-teatro-municipal\/","title":{"rendered":"S\u00e3o Gon\u00e7alo inicia festival \u201cOxente S\u00e3ogon\u00e7a\u201d com bate-papo sobre santos juninos no Teatro Municipal"},"content":{"rendered":"\n<p><em>Programa\u00e7\u00e3o seguir\u00e1 durante o final de semana com muita festa no Centro de Tradi\u00e7\u00f5es Nordestinas, em Neves<\/em><\/p>\n\n\n\n<p>S\u00e3o Gon\u00e7alo deu o pontap\u00e9 inicial na programa\u00e7\u00e3o do festival \u201cOxente S\u00e3ogon\u00e7a\u201d, na noite desta ter\u00e7a-feira (24), ao receber o historiador, professor e compositor Luiz Antonio Simas, reconhecido nacionalmente por sua atua\u00e7\u00e3o em defesa das culturas populares, em uma palestra gratuita no Teatro Municipal George Savalla Gomes, no Centro de S\u00e3o Gon\u00e7alo.<\/p>\n\n\n\n<p>Durante o evento, Simas destacou a for\u00e7a simb\u00f3lica das festas dos santos juninos, como S\u00e3o Jo\u00e3o, Santo Ant\u00f4nio e S\u00e3o Pedro, debatendo suas origens, peculiaridades regionais e import\u00e2ncia para a forma\u00e7\u00e3o cultural do pa\u00eds. Al\u00e9m disso, ele falou sobre S\u00e3o Gon\u00e7alo do Amarante, que d\u00e1 nome ao munic\u00edpio. O evento discutiu temas como f\u00e9, identidade e celebra\u00e7\u00e3o. O bate-papo contou com a tradu\u00e7\u00e3o em libras.<\/p>\n\n\n\n<figure class=\"wp-block-image size-large\"><img fetchpriority=\"high\" decoding=\"async\" width=\"1024\" height=\"683\" src=\"https:\/\/sgvaimudar.com.br\/wp-content\/uploads\/2025\/06\/unnamed-13-4-1024x683.jpg\" alt=\"\" class=\"wp-image-27026\" srcset=\"https:\/\/sgvaimudar.com.br\/wp-content\/uploads\/2025\/06\/unnamed-13-4-1024x683.jpg 1024w, https:\/\/sgvaimudar.com.br\/wp-content\/uploads\/2025\/06\/unnamed-13-4-300x200.jpg 300w, https:\/\/sgvaimudar.com.br\/wp-content\/uploads\/2025\/06\/unnamed-13-4-768x512.jpg 768w, https:\/\/sgvaimudar.com.br\/wp-content\/uploads\/2025\/06\/unnamed-13-4-1536x1024.jpg 1536w, https:\/\/sgvaimudar.com.br\/wp-content\/uploads\/2025\/06\/unnamed-13-4.jpg 1620w\" sizes=\"(max-width: 1024px) 100vw, 1024px\" \/><\/figure>\n\n\n\n<p>A secret\u00e1ria de Turismo e Cultura, da Prefeitura de S\u00e3o Gon\u00e7alo, J\u00falia Sobreira, explicou que o \u201cOxente S\u00e3ogon\u00e7a&#8221; \u00e9 um evento que re\u00fane momentos de dan\u00e7a, com quadrilhas e bandas, e comidas t\u00edpicas, mas tamb\u00e9m muita reflex\u00e3o sobre a origem dessa festa, como aconteceu no Teatro.<\/p>\n\n\n\n<p>&#8220;Para n\u00f3s, celebrar as datas comemorativas \u00e9 muito importante. O \u201cOxente S\u00e3ogon\u00e7a\u201d vem com isso e celebra uma das maiores festas que temos no nosso pa\u00eds, que \u00e9 a festa junina. Vamos ter quatro dias de festa, com quadrilhas e comidas t\u00edpicas, mas decidimos tamb\u00e9m fazer essa abertura com uma reflex\u00e3o, j\u00e1 que a festa junina nasce de santos. Entender a import\u00e2ncia desses santos de junho para a cultura brasileira \u00e9 essencial. Aqui, nesta noite, celebramos e refletimos sobre a for\u00e7a das festas para o Brasil, entendendo o papel econ\u00f4mico da cultura nisso. Convido todos os gon\u00e7alenses para participar, no pr\u00f3ximo final de semana, do \u201cOxente S\u00e3ogon\u00e7a\u201d, no Centro de Tradi\u00e7\u00f5es Nordestinas&#8221;, disse.<\/p>\n\n\n\n<p>Vin\u00edcius Daumas, coordenador do evento, explicou um pouco do conceito do festival \u201cOxente S\u00e3ogon\u00e7a\u201d.<\/p>\n\n\n\n<p>&#8220;S\u00e3o Gon\u00e7alo \u00e9 um celeiro de artistas, produzindo muita cultura. S\u00e3o diversos os artistas que levam o nome da cidade para fora do pa\u00eds. S\u00e3o Gon\u00e7alo \u00e9 a segunda cidade mais populosa do Estado. Ent\u00e3o, tudo o que fazemos aqui tem ser grande, como a festa junina, que vai ser n\u00e3o s\u00f3 grande no tamanho, mas tamb\u00e9m na profundidade do tema. Por isso, hoje, trouxemos o Simas, uma pessoa requisitada quando se fala em cultura popular brasileira. Hoje \u00e9 um bate-papo e no pr\u00f3ximo final de semana ser\u00e1 um festejo&#8221;, afirmou.<\/p>\n\n\n\n<p>O historiador, professor e escritor Luiz Antonio Simas destacou que o bate-papo foi muito proveitoso.<\/p>\n\n\n\n<p>&#8220;Nossa conversa focou nas festas juninas, na tradi\u00e7\u00e3o e import\u00e2ncia para a cultura brasileira. Estamos abrindo o \u201cOxente S\u00e3ogon\u00e7a\u201d com muita reflex\u00e3o e um bate-papo muito importante quando se fala em cultura junina&#8221;, disse.<\/p>\n\n\n\n<p>Al\u00e9m da palestra, no in\u00edcio do evento foi feita uma homenagem ao cordelista cearense Z\u00e9 Salvador, autor de mais de 100 t\u00edtulos, sendo 18 deles dedicados a S\u00e3o Gon\u00e7alo. Ele tamb\u00e9m \u00e9 figura central na preserva\u00e7\u00e3o da mem\u00f3ria nordestina no munic\u00edpio. Em seu discurso, Z\u00e9 destacou que se sente um gon\u00e7alense de cora\u00e7\u00e3o.<\/p>\n\n\n\n<p>&#8220;Eu recebo essa homenagem com muita naturalidade e p\u00e9 no ch\u00e3o. \u00c9 uma alegria, estou muito feliz, vim para S\u00e3o Gon\u00e7alo em 1977, com 20 anos de idade, e me considero um gon\u00e7alense de cora\u00e7\u00e3o, foi aqui que constitui fam\u00edlia e tenho muito orgulho de viver aqui&#8221;, afirmou.<\/p>\n\n\n\n<p>O festival \u201cOxente S\u00e3ogon\u00e7a\u201d \u00e9 uma realiza\u00e7\u00e3o da Daumas &amp; Daumas Cultura e Bem-Estar, com apoio da Secretaria de Turismo e Cultura da Prefeitura de S\u00e3o Gon\u00e7alo, por meio de recursos da Pol\u00edtica Nacional Aldir Blanc e Minist\u00e9rio da Cultura.<\/p>\n\n\n\n<p><strong>Programa\u00e7\u00e3o continua no fim de semana<\/strong>&nbsp;\u2013 Com programa\u00e7\u00e3o gratuita nos dias 27, 28 e 29 de junho e no dia 5 de julho, no Centro de Tradi\u00e7\u00f5es Nordestinas, o p\u00fablico poder\u00e1 curtir shows ao vivo com as bandas Quebra Telha e William Gomes &amp; Tradicional Ervadoce, apresenta\u00e7\u00f5es com DJs, comidas t\u00edpicas, brincadeiras interativas, circo tem\u00e1tico e concursos de quadrilha. As fam\u00edlias tamb\u00e9m poder\u00e3o aproveitar o \u201cArrai\u00e1 do Picadeiro\u201d, uma atra\u00e7\u00e3o especial com palha\u00e7aria, acrobacias e a participa\u00e7\u00e3o do Palha\u00e7o Topet\u00e3o e do Malabarista Campello.<\/p>\n\n\n\n<p><em>Fotos: Fabio Guimar\u00e3es<\/em><\/p>\n\n\n\n<p><strong><em>S\u00e3o Gon\u00e7alo vai mudar: Not\u00edcias de S\u00e3o Gon\u00e7alo e toda regi\u00e3o.<\/em><\/strong><\/p>\n\n\n\n<figure class=\"wp-block-image size-large\"><img decoding=\"async\" width=\"722\" height=\"1024\" src=\"https:\/\/sgvaimudar.com.br\/wp-content\/uploads\/2023\/10\/Anuncie-aqui-a5-1-722x1024.png\" alt=\"\" class=\"wp-image-3627\" srcset=\"https:\/\/sgvaimudar.com.br\/wp-content\/uploads\/2023\/10\/Anuncie-aqui-a5-1-722x1024.png 722w, https:\/\/sgvaimudar.com.br\/wp-content\/uploads\/2023\/10\/Anuncie-aqui-a5-1-212x300.png 212w, https:\/\/sgvaimudar.com.br\/wp-content\/uploads\/2023\/10\/Anuncie-aqui-a5-1-768x1089.png 768w, https:\/\/sgvaimudar.com.br\/wp-content\/uploads\/2023\/10\/Anuncie-aqui-a5-1-1083x1536.png 1083w, https:\/\/sgvaimudar.com.br\/wp-content\/uploads\/2023\/10\/Anuncie-aqui-a5-1-1444x2048.png 1444w, https:\/\/sgvaimudar.com.br\/wp-content\/uploads\/2023\/10\/Anuncie-aqui-a5-1.png 1750w\" sizes=\"(max-width: 722px) 100vw, 722px\" \/><\/figure>\n","protected":false},"excerpt":{"rendered":"<p>Programa\u00e7\u00e3o seguir\u00e1 durante o final de semana com muita festa no Centro de Tradi\u00e7\u00f5es Nordestinas, em Neves S\u00e3o Gon\u00e7alo deu&hellip;<\/p>\n","protected":false},"author":5,"featured_media":27027,"comment_status":"open","ping_status":"open","sticky":false,"template":"","format":"standard","meta":{"fifu_image_url":"","fifu_image_alt":"","footnotes":""},"categories":[6],"tags":[47,75],"class_list":["post-27025","post","type-post","status-publish","format-standard","has-post-thumbnail","hentry","category-entretenimento","tag-rj","tag-sao-goncalo"],"_links":{"self":[{"href":"https:\/\/sgvaimudar.com.br\/index.php\/wp-json\/wp\/v2\/posts\/27025","targetHints":{"allow":["GET"]}}],"collection":[{"href":"https:\/\/sgvaimudar.com.br\/index.php\/wp-json\/wp\/v2\/posts"}],"about":[{"href":"https:\/\/sgvaimudar.com.br\/index.php\/wp-json\/wp\/v2\/types\/post"}],"author":[{"embeddable":true,"href":"https:\/\/sgvaimudar.com.br\/index.php\/wp-json\/wp\/v2\/users\/5"}],"replies":[{"embeddable":true,"href":"https:\/\/sgvaimudar.com.br\/index.php\/wp-json\/wp\/v2\/comments?post=27025"}],"version-history":[{"count":1,"href":"https:\/\/sgvaimudar.com.br\/index.php\/wp-json\/wp\/v2\/posts\/27025\/revisions"}],"predecessor-version":[{"id":27028,"href":"https:\/\/sgvaimudar.com.br\/index.php\/wp-json\/wp\/v2\/posts\/27025\/revisions\/27028"}],"wp:featuredmedia":[{"embeddable":true,"href":"https:\/\/sgvaimudar.com.br\/index.php\/wp-json\/wp\/v2\/media\/27027"}],"wp:attachment":[{"href":"https:\/\/sgvaimudar.com.br\/index.php\/wp-json\/wp\/v2\/media?parent=27025"}],"wp:term":[{"taxonomy":"category","embeddable":true,"href":"https:\/\/sgvaimudar.com.br\/index.php\/wp-json\/wp\/v2\/categories?post=27025"},{"taxonomy":"post_tag","embeddable":true,"href":"https:\/\/sgvaimudar.com.br\/index.php\/wp-json\/wp\/v2\/tags?post=27025"}],"curies":[{"name":"wp","href":"https:\/\/api.w.org\/{rel}","templated":true}]}}