{"id":27011,"date":"2025-06-25T21:00:00","date_gmt":"2025-06-26T00:00:00","guid":{"rendered":"https:\/\/sgvaimudar.com.br\/?p=27011"},"modified":"2025-06-25T10:21:05","modified_gmt":"2025-06-25T13:21:05","slug":"doi-no-bolso-pedagio-na-br-101-vai-ficar-mais-caro-a-partir-desta-sexta-27","status":"publish","type":"post","link":"https:\/\/sgvaimudar.com.br\/index.php\/2025\/06\/25\/doi-no-bolso-pedagio-na-br-101-vai-ficar-mais-caro-a-partir-desta-sexta-27\/","title":{"rendered":"D\u00f3i no bolso: Ped\u00e1gio na BR-101 vai ficar mais caro a partir desta sexta 27"},"content":{"rendered":"\n<p><em>Com o reajuste, a tarifa b\u00e1sica passa a ser de R$ 7,50<\/em><\/p>\n\n\n\n<p>A sexta-feira (27\/6) vai marcar o in\u00edcio do reajuste das tarifas nas cinco pra\u00e7as de ped\u00e1gio da BR-101 Norte. A medida, formalizada pela Delibera\u00e7\u00e3o SUROD n\u00ba 627, foi publicada no Di\u00e1rio Oficial da Uni\u00e3o na ter\u00e7a-feira (24).<br><br>\ud835\udc0d\ud835\udc28\ud835\udc2f\ud835\udc28 \ud835\udc2f\ud835\udc1a\ud835\udc25\ud835\udc28\ud835\udc2b \ud835\udc1e \ud835\udc2d\ud835\udc2b\ud835\udc1e\ud835\udc1c\ud835\udc21\ud835\udc28 \ud835\udc1a\ud835\udc1b\ud835\udc2b\ud835\udc1a\ud835\udc27\ud835\udc20\ud835\udc22\ud835\udc1d\ud835\udc28<br>Com o reajuste, a tarifa b\u00e1sica passa a ser de R$ 7,50. O aumento afeta o trecho da rodovia que se estende da divisa entre o Rio de Janeiro e o Esp\u00edrito Santo, em Campos dos Goytacazes, at\u00e9 a cidade de Niter\u00f3i.<br><br>Segundo a Arteris Fluminense, concession\u00e1ria respons\u00e1vel pela via, o reajuste \u00e9 calculado com base na varia\u00e7\u00e3o do \u00cdndice de pre\u00e7os ao Consumidor Amplo (IPCA) acumulado entre maio de 2024 e maio de 2025. <\/p>\n\n\n\n<p>As pra\u00e7as de ped\u00e1gio impactadas s\u00e3o: P1 e P2, em Campos dos Goytacazes; P3, em Casimiro de Abreu; P4, em Rio Bonito e P5, em S\u00e3o Gon\u00e7alo.<\/p>\n\n\n\n<p>A Arteris Fluminense destaca que investiu cerca de R$ 4,7 bilh\u00f5es em obras, manuten\u00e7\u00e3o e melhorias operacionais na rodovia. &#8220;Desse montante, aproximadamente R$ 1,5 bilh\u00e3o foi direcionado para a duplica\u00e7\u00e3o de 130 quil\u00f4metros da BR-101, especialmente entre Rio Bonito e Campos dos Goytacazes, visando aumentar a seguran\u00e7a dos usu\u00e1rios e impulsionar o desenvolvimento econ\u00f4mico do estado&#8221;, disse a concession\u00e1ria no texto.                                                                                                         <\/p>\n\n\n\n<p><em>Reportagem: Mauro J\u00fanior<\/em><\/p>\n\n\n\n<p><strong><em>Fa\u00e7a sua den\u00fancia pelo nosso WhatsApp: (21) <\/em><\/strong><strong><em>99744 5345<\/em><\/strong><strong><em><\/em><\/strong><\/p>\n\n\n\n<p><strong><em>S\u00e3o Gon\u00e7alo vai mudar: Not\u00edcias de S\u00e3o Gon\u00e7alo e toda regi\u00e3o.<\/em><\/strong><\/p>\n\n\n\n<figure class=\"wp-block-image size-large\"><img fetchpriority=\"high\" decoding=\"async\" width=\"1024\" height=\"252\" src=\"https:\/\/sgvaimudar.com.br\/wp-content\/uploads\/2025\/03\/Anuncie-Aqui-Sao-Goncalo-vai-mudar-1024x252.jpg\" alt=\"\" class=\"wp-image-22693\" srcset=\"https:\/\/sgvaimudar.com.br\/wp-content\/uploads\/2025\/03\/Anuncie-Aqui-Sao-Goncalo-vai-mudar-1024x252.jpg 1024w, https:\/\/sgvaimudar.com.br\/wp-content\/uploads\/2025\/03\/Anuncie-Aqui-Sao-Goncalo-vai-mudar-300x74.jpg 300w, https:\/\/sgvaimudar.com.br\/wp-content\/uploads\/2025\/03\/Anuncie-Aqui-Sao-Goncalo-vai-mudar-768x189.jpg 768w, https:\/\/sgvaimudar.com.br\/wp-content\/uploads\/2025\/03\/Anuncie-Aqui-Sao-Goncalo-vai-mudar-1536x378.jpg 1536w, https:\/\/sgvaimudar.com.br\/wp-content\/uploads\/2025\/03\/Anuncie-Aqui-Sao-Goncalo-vai-mudar-2048x504.jpg 2048w\" sizes=\"(max-width: 1024px) 100vw, 1024px\" \/><\/figure>\n","protected":false},"excerpt":{"rendered":"<p>Com o reajuste, a tarifa b\u00e1sica passa a ser de R$ 7,50 A sexta-feira (27\/6) vai marcar o in\u00edcio do&hellip;<\/p>\n","protected":false},"author":5,"featured_media":27012,"comment_status":"open","ping_status":"open","sticky":false,"template":"","format":"standard","meta":{"fifu_image_url":"","fifu_image_alt":"","footnotes":""},"categories":[3],"tags":[47,75],"class_list":["post-27011","post","type-post","status-publish","format-standard","has-post-thumbnail","hentry","category-sao-goncalo","tag-rj","tag-sao-goncalo"],"_links":{"self":[{"href":"https:\/\/sgvaimudar.com.br\/index.php\/wp-json\/wp\/v2\/posts\/27011","targetHints":{"allow":["GET"]}}],"collection":[{"href":"https:\/\/sgvaimudar.com.br\/index.php\/wp-json\/wp\/v2\/posts"}],"about":[{"href":"https:\/\/sgvaimudar.com.br\/index.php\/wp-json\/wp\/v2\/types\/post"}],"author":[{"embeddable":true,"href":"https:\/\/sgvaimudar.com.br\/index.php\/wp-json\/wp\/v2\/users\/5"}],"replies":[{"embeddable":true,"href":"https:\/\/sgvaimudar.com.br\/index.php\/wp-json\/wp\/v2\/comments?post=27011"}],"version-history":[{"count":1,"href":"https:\/\/sgvaimudar.com.br\/index.php\/wp-json\/wp\/v2\/posts\/27011\/revisions"}],"predecessor-version":[{"id":27013,"href":"https:\/\/sgvaimudar.com.br\/index.php\/wp-json\/wp\/v2\/posts\/27011\/revisions\/27013"}],"wp:featuredmedia":[{"embeddable":true,"href":"https:\/\/sgvaimudar.com.br\/index.php\/wp-json\/wp\/v2\/media\/27012"}],"wp:attachment":[{"href":"https:\/\/sgvaimudar.com.br\/index.php\/wp-json\/wp\/v2\/media?parent=27011"}],"wp:term":[{"taxonomy":"category","embeddable":true,"href":"https:\/\/sgvaimudar.com.br\/index.php\/wp-json\/wp\/v2\/categories?post=27011"},{"taxonomy":"post_tag","embeddable":true,"href":"https:\/\/sgvaimudar.com.br\/index.php\/wp-json\/wp\/v2\/tags?post=27011"}],"curies":[{"name":"wp","href":"https:\/\/api.w.org\/{rel}","templated":true}]}}