{"id":27008,"date":"2025-06-25T19:00:00","date_gmt":"2025-06-25T22:00:00","guid":{"rendered":"https:\/\/sgvaimudar.com.br\/?p=27008"},"modified":"2025-06-25T10:01:04","modified_gmt":"2025-06-25T13:01:04","slug":"defesa-civil-do-rio-reforca-orientacao-para-populacao-se-cadastrar-em-servico-gratuito-de-sms","status":"publish","type":"post","link":"https:\/\/sgvaimudar.com.br\/index.php\/2025\/06\/25\/defesa-civil-do-rio-reforca-orientacao-para-populacao-se-cadastrar-em-servico-gratuito-de-sms\/","title":{"rendered":"Defesa Civil do Rio refor\u00e7a orienta\u00e7\u00e3o para popula\u00e7\u00e3o se cadastrar em servi\u00e7o gratuito de SMS"},"content":{"rendered":"\n<p><em>Alertas recebidos pelo 40199 norteiam a\u00e7\u00f5es do cidad\u00e3o fluminense para prevenir riscos causados pelas mudan\u00e7as clim\u00e1ticas<\/em><\/p>\n\n\n\n<p>Ap\u00f3s a chegada oficial do inverno, no \u00faltimo fim de semana, o estado do Rio de Janeiro recebe uma nova frente fria a partir desta ter\u00e7a-feira (24\/06). Para receber alertas sobre condi\u00e7\u00f5es meteorol\u00f3gicas, a Defesa Civil Estadual orienta a popula\u00e7\u00e3o a cadastrar o n\u00famero do CEP no n\u00famero 40199.&nbsp;<\/p>\n\n\n\n<p>A chegada da nova frente fria deixa o tempo inst\u00e1vel e com queda acentuada de temperatura para os pr\u00f3ximos dias, em todo territ\u00f3rio fluminense. C\u00e9u nublado a encoberto e chuvas fracas a moderadas marcam a previs\u00e3o do tempo para esta ter\u00e7a-feira. No dia de hoje, as temperaturas ter\u00e3o suas m\u00e1ximas e m\u00ednimas invertidas. A temperatura m\u00e1xima ser\u00e1 de 28\u00b0C e temperatura m\u00ednima de 10\u00b0C. Os ventos estar\u00e3o moderados, com rajadas de vento moderado a forte, podendo chegar a 70 Km\/h. Na quarta (25\/06), as temperaturas caem ainda mais. Para quem costuma se aventurar no mar, mesmo em dias de temperatura mais amena, a Defesa Civil recomenda aten\u00e7\u00e3o redobrada, j\u00e1 que a Marinha emitiu alerta de ressaca, indicando que entrar no mar pode ser arriscado.&nbsp;<\/p>\n\n\n\n<p>A equipe de meteorologia da Sedec-RJ segue monitorando o clima e, em caso de altera\u00e7\u00f5es significativas nas condi\u00e7\u00f5es do tempo, vai orientar os munic\u00edpios para informar a popula\u00e7\u00e3o por meio dos SMS com alertas.<\/p>\n\n\n\n<p>\u2013 O cadastro no servi\u00e7o de alertas pode salvar vidas. As mensagens s\u00e3o gratuitas, abrangem todo o estado e indicam quais a\u00e7\u00f5es s\u00e3o necess\u00e1rias, de acordo com os cen\u00e1rios meteorol\u00f3gicos. A popula\u00e7\u00e3o pode receber avisos sobre baixa umidade relativa do ar, tempestades, ventos fortes, entre outros \u2013 explicou o secret\u00e1rio de Defesa Civil, coronel Tarciso Salles.&nbsp;<\/p>\n\n\n\n<p><strong>Inverno&nbsp;<\/strong><\/p>\n\n\n\n<p>Em 2025, segundo o Cemaden-RJ, \u00f3rg\u00e3o da Secretaria de Defesa Civil do Estado do RJ, o inverno seguir\u00e1 o padr\u00e3o t\u00edpico da esta\u00e7\u00e3o: ser\u00e1 ameno em rela\u00e7\u00e3o \u00e0s temperaturas e seco no que diz respeito \u00e0s chuvas. Apesar da redu\u00e7\u00e3o nas precipita\u00e7\u00f5es, o tempo seco n\u00e3o ser\u00e1 extremo, mantendo-se dentro do esperado para a esta\u00e7\u00e3o. Tamb\u00e9m n\u00e3o s\u00e3o esperadas ondas de frio t\u00e3o longas. Em geral, o per\u00edodo \u00e9 marcado por c\u00e9us limpos, baixa umidade e ventos mais constantes.<\/p>\n\n\n\n<p><strong><em>Fa\u00e7a sua den\u00fancia pelo nosso WhatsApp: (21) <\/em><\/strong><strong><em>99744 5345<\/em><\/strong><strong><em><\/em><\/strong><\/p>\n\n\n\n<p><strong><em>S\u00e3o Gon\u00e7alo vai mudar: Not\u00edcias de S\u00e3o Gon\u00e7alo e toda regi\u00e3o.<\/em><\/strong><\/p>\n\n\n\n<figure class=\"wp-block-image size-large\"><img fetchpriority=\"high\" decoding=\"async\" width=\"1024\" height=\"252\" src=\"https:\/\/sgvaimudar.com.br\/wp-content\/uploads\/2025\/03\/Anuncie-Aqui-Sao-Goncalo-vai-mudar-1024x252.jpg\" alt=\"\" class=\"wp-image-22693\" srcset=\"https:\/\/sgvaimudar.com.br\/wp-content\/uploads\/2025\/03\/Anuncie-Aqui-Sao-Goncalo-vai-mudar-1024x252.jpg 1024w, https:\/\/sgvaimudar.com.br\/wp-content\/uploads\/2025\/03\/Anuncie-Aqui-Sao-Goncalo-vai-mudar-300x74.jpg 300w, https:\/\/sgvaimudar.com.br\/wp-content\/uploads\/2025\/03\/Anuncie-Aqui-Sao-Goncalo-vai-mudar-768x189.jpg 768w, https:\/\/sgvaimudar.com.br\/wp-content\/uploads\/2025\/03\/Anuncie-Aqui-Sao-Goncalo-vai-mudar-1536x378.jpg 1536w, https:\/\/sgvaimudar.com.br\/wp-content\/uploads\/2025\/03\/Anuncie-Aqui-Sao-Goncalo-vai-mudar-2048x504.jpg 2048w\" sizes=\"(max-width: 1024px) 100vw, 1024px\" \/><\/figure>\n","protected":false},"excerpt":{"rendered":"<p>Alertas recebidos pelo 40199 norteiam a\u00e7\u00f5es do cidad\u00e3o fluminense para prevenir riscos causados pelas mudan\u00e7as clim\u00e1ticas Ap\u00f3s a chegada oficial&hellip;<\/p>\n","protected":false},"author":5,"featured_media":27009,"comment_status":"open","ping_status":"open","sticky":false,"template":"","format":"standard","meta":{"fifu_image_url":"","fifu_image_alt":"","footnotes":""},"categories":[4],"tags":[47],"class_list":["post-27008","post","type-post","status-publish","format-standard","has-post-thumbnail","hentry","category-brasil","tag-rj"],"_links":{"self":[{"href":"https:\/\/sgvaimudar.com.br\/index.php\/wp-json\/wp\/v2\/posts\/27008","targetHints":{"allow":["GET"]}}],"collection":[{"href":"https:\/\/sgvaimudar.com.br\/index.php\/wp-json\/wp\/v2\/posts"}],"about":[{"href":"https:\/\/sgvaimudar.com.br\/index.php\/wp-json\/wp\/v2\/types\/post"}],"author":[{"embeddable":true,"href":"https:\/\/sgvaimudar.com.br\/index.php\/wp-json\/wp\/v2\/users\/5"}],"replies":[{"embeddable":true,"href":"https:\/\/sgvaimudar.com.br\/index.php\/wp-json\/wp\/v2\/comments?post=27008"}],"version-history":[{"count":1,"href":"https:\/\/sgvaimudar.com.br\/index.php\/wp-json\/wp\/v2\/posts\/27008\/revisions"}],"predecessor-version":[{"id":27010,"href":"https:\/\/sgvaimudar.com.br\/index.php\/wp-json\/wp\/v2\/posts\/27008\/revisions\/27010"}],"wp:featuredmedia":[{"embeddable":true,"href":"https:\/\/sgvaimudar.com.br\/index.php\/wp-json\/wp\/v2\/media\/27009"}],"wp:attachment":[{"href":"https:\/\/sgvaimudar.com.br\/index.php\/wp-json\/wp\/v2\/media?parent=27008"}],"wp:term":[{"taxonomy":"category","embeddable":true,"href":"https:\/\/sgvaimudar.com.br\/index.php\/wp-json\/wp\/v2\/categories?post=27008"},{"taxonomy":"post_tag","embeddable":true,"href":"https:\/\/sgvaimudar.com.br\/index.php\/wp-json\/wp\/v2\/tags?post=27008"}],"curies":[{"name":"wp","href":"https:\/\/api.w.org\/{rel}","templated":true}]}}