{"id":27005,"date":"2025-06-25T17:00:00","date_gmt":"2025-06-25T20:00:00","guid":{"rendered":"https:\/\/sgvaimudar.com.br\/?p=27005"},"modified":"2025-06-25T09:57:38","modified_gmt":"2025-06-25T12:57:38","slug":"porto-niteroiense-celebra-100-anos-de-historia-e-destaque-no-setor-offshore","status":"publish","type":"post","link":"https:\/\/sgvaimudar.com.br\/index.php\/2025\/06\/25\/porto-niteroiense-celebra-100-anos-de-historia-e-destaque-no-setor-offshore\/","title":{"rendered":"Porto niteroiense celebra 100 anos de hist\u00f3ria e destaque no setor offshore"},"content":{"rendered":"\n<p><em>Originalmente o espa\u00e7o foi dedicado \u00e0 importa\u00e7\u00e3o de trigo para o Moinho Atl\u00e2ntico<\/em><\/p>\n\n\n\n<p>O Porto de Niter\u00f3i, nesta ter\u00e7a-feira (24\/6\/2025), completou 100 anos de uma trajet\u00f3ria marcada pela import\u00e2ncia hist\u00f3rica e pela voca\u00e7\u00e3o para a log\u00edstica e o desenvolvimento econ\u00f4mico do Rio de Janeiro e do Brasil. <\/p>\n\n\n\n<p>Fundado por decreto federal em 1925, com um cais de 100 metros e um armaz\u00e9m para carga geral, o Porto de Niter\u00f3i cresceu e evoluiu para se tornar uma refer\u00eancia no setor offshore e de reparos navais.<\/p>\n\n\n\n<p>A infraestrutura do porto teve sua concess\u00e3o extinta em 1976, quando suas opera\u00e7\u00f5es e propriedades foram incorporadas \u00e0 Companhia Docas do Rio de Janeiro. A mudan\u00e7a ampliou seu escopo e consolidou Niter\u00f3i como um importante centro de suporte \u00e0s opera\u00e7\u00f5es offshore, atendendo \u00e0s crescentes demandas das ind\u00fastrias de \u00f3leo e g\u00e1s.<\/p>\n\n\n\n<p>Atualmente, o Porto de Niter\u00f3i concentra suas opera\u00e7\u00f5es em atendimento \u00e0s atividades offshore, com destaque para os terminais Nitshore e NitPort \u2013 considerados as mais modernas bases de log\u00edstica para o setor de \u00f3leo e g\u00e1s na Am\u00e9rica Latina. <\/p>\n\n\n\n<p>Os terminais oferecem uma ampla infraestrutura para suportar opera\u00e7\u00f5es de fabrica\u00e7\u00e3o, manuten\u00e7\u00e3o e repara\u00e7\u00e3o de equipamentos e m\u00f3dulos de plataformas, al\u00e9m de disponibilizar servi\u00e7os como aluguel de guindastes e empilhadeiras, aluguel de cont\u00eaineres e escrit\u00f3rios para opera\u00e7\u00f5es portu\u00e1rias, tanques de cimento, perfura\u00e7\u00e3o e completa\u00e7\u00e3o.<\/p>\n\n\n\n<p>Ao longo de um s\u00e9culo de opera\u00e7\u00f5es, o Porto de Niter\u00f3i tornou-se uma importante conex\u00e3o entre a cidade e o mar, ampliando sua relev\u00e2ncia para toda a ind\u00fastria offshore nacional e internacional. <\/p>\n\n\n\n<p>&#8220;A PortosRio parabeniza todos que fazem e fizeram parte dessa trajet\u00f3ria centen\u00e1ria e reafirma seu compromisso com a efici\u00eancia, a sustentabilidade e a inova\u00e7\u00e3o nas opera\u00e7\u00f5es portu\u00e1rias, contribuindo para o desenvolvimento econ\u00f4mico e social do Rio de Janeiro e do pa\u00eds&#8221;, escreveu a empresas em suas postagens.<\/p>\n\n\n\n<p><strong><em>S\u00e3o Gon\u00e7alo vai mudar: Not\u00edcias de S\u00e3o Gon\u00e7alo e toda regi\u00e3o.<\/em><\/strong><\/p>\n\n\n\n<figure class=\"wp-block-image size-large\"><img fetchpriority=\"high\" decoding=\"async\" width=\"1024\" height=\"252\" src=\"https:\/\/sgvaimudar.com.br\/wp-content\/uploads\/2025\/03\/Anuncie-Aqui-Sao-Goncalo-vai-mudar-1024x252.jpg\" alt=\"\" class=\"wp-image-22693\" srcset=\"https:\/\/sgvaimudar.com.br\/wp-content\/uploads\/2025\/03\/Anuncie-Aqui-Sao-Goncalo-vai-mudar-1024x252.jpg 1024w, https:\/\/sgvaimudar.com.br\/wp-content\/uploads\/2025\/03\/Anuncie-Aqui-Sao-Goncalo-vai-mudar-300x74.jpg 300w, https:\/\/sgvaimudar.com.br\/wp-content\/uploads\/2025\/03\/Anuncie-Aqui-Sao-Goncalo-vai-mudar-768x189.jpg 768w, https:\/\/sgvaimudar.com.br\/wp-content\/uploads\/2025\/03\/Anuncie-Aqui-Sao-Goncalo-vai-mudar-1536x378.jpg 1536w, https:\/\/sgvaimudar.com.br\/wp-content\/uploads\/2025\/03\/Anuncie-Aqui-Sao-Goncalo-vai-mudar-2048x504.jpg 2048w\" sizes=\"(max-width: 1024px) 100vw, 1024px\" \/><\/figure>\n","protected":false},"excerpt":{"rendered":"<p>Originalmente o espa\u00e7o foi dedicado \u00e0 importa\u00e7\u00e3o de trigo para o Moinho Atl\u00e2ntico O Porto de Niter\u00f3i, nesta ter\u00e7a-feira (24\/6\/2025),&hellip;<\/p>\n","protected":false},"author":5,"featured_media":27006,"comment_status":"open","ping_status":"open","sticky":false,"template":"","format":"standard","meta":{"fifu_image_url":"","fifu_image_alt":"","footnotes":""},"categories":[34],"tags":[47],"class_list":["post-27005","post","type-post","status-publish","format-standard","has-post-thumbnail","hentry","category-niteroi","tag-rj"],"_links":{"self":[{"href":"https:\/\/sgvaimudar.com.br\/index.php\/wp-json\/wp\/v2\/posts\/27005","targetHints":{"allow":["GET"]}}],"collection":[{"href":"https:\/\/sgvaimudar.com.br\/index.php\/wp-json\/wp\/v2\/posts"}],"about":[{"href":"https:\/\/sgvaimudar.com.br\/index.php\/wp-json\/wp\/v2\/types\/post"}],"author":[{"embeddable":true,"href":"https:\/\/sgvaimudar.com.br\/index.php\/wp-json\/wp\/v2\/users\/5"}],"replies":[{"embeddable":true,"href":"https:\/\/sgvaimudar.com.br\/index.php\/wp-json\/wp\/v2\/comments?post=27005"}],"version-history":[{"count":1,"href":"https:\/\/sgvaimudar.com.br\/index.php\/wp-json\/wp\/v2\/posts\/27005\/revisions"}],"predecessor-version":[{"id":27007,"href":"https:\/\/sgvaimudar.com.br\/index.php\/wp-json\/wp\/v2\/posts\/27005\/revisions\/27007"}],"wp:featuredmedia":[{"embeddable":true,"href":"https:\/\/sgvaimudar.com.br\/index.php\/wp-json\/wp\/v2\/media\/27006"}],"wp:attachment":[{"href":"https:\/\/sgvaimudar.com.br\/index.php\/wp-json\/wp\/v2\/media?parent=27005"}],"wp:term":[{"taxonomy":"category","embeddable":true,"href":"https:\/\/sgvaimudar.com.br\/index.php\/wp-json\/wp\/v2\/categories?post=27005"},{"taxonomy":"post_tag","embeddable":true,"href":"https:\/\/sgvaimudar.com.br\/index.php\/wp-json\/wp\/v2\/tags?post=27005"}],"curies":[{"name":"wp","href":"https:\/\/api.w.org\/{rel}","templated":true}]}}