{"id":27001,"date":"2025-06-25T15:00:00","date_gmt":"2025-06-25T18:00:00","guid":{"rendered":"https:\/\/sgvaimudar.com.br\/?p=27001"},"modified":"2025-06-25T09:51:46","modified_gmt":"2025-06-25T12:51:46","slug":"maricaenses-promovem-2o-festival-de-blues-rock-e-jazz-com-grandes-nomes-da-musica-brasileira","status":"publish","type":"post","link":"https:\/\/sgvaimudar.com.br\/index.php\/2025\/06\/25\/maricaenses-promovem-2o-festival-de-blues-rock-e-jazz-com-grandes-nomes-da-musica-brasileira\/","title":{"rendered":"Maricaenses promovem 2\u00ba Festival de Blues, Rock e Jazz com grandes nomes da m\u00fasica brasileira"},"content":{"rendered":"\n<p><em>Evento gratuito acontece no Parque Nanci e re\u00fane atra\u00e7\u00f5es nacionais entre os dias 4 e 13 de julho<\/em><\/p>\n\n\n\n<p>O munic\u00edpio de Maric\u00e1, por meio da Secretaria de Cultura e das Utopias, vai realizar, entre os dias 4 e 13 de julho, a segunda edi\u00e7\u00e3o do Festival de Blues, Rock e Jazz, no bairro Parque Nanci. O evento gratuito promete reunir grandes nomes da m\u00fasica brasileira em apresenta\u00e7\u00f5es que celebram o talento, a liberdade criativa e a for\u00e7a desses estilos que marcaram gera\u00e7\u00f5es.<\/p>\n\n\n\n<p>Durante dez dias, o Parque Nanci se tornar\u00e1 um verdadeiro palco a c\u00e9u aberto, com shows de artistas consagrados e novos talentos do cen\u00e1rio musical. O p\u00fablico poder\u00e1 desfrutar de noites vibrantes, com muita cultura, lazer e boa m\u00fasica, em um ambiente democr\u00e1tico e acolhedor.<\/p>\n\n\n\n<figure class=\"wp-block-image size-large\"><img fetchpriority=\"high\" decoding=\"async\" width=\"819\" height=\"1024\" src=\"https:\/\/sgvaimudar.com.br\/wp-content\/uploads\/2025\/06\/WhatsApp-Image-2025-06-24-at-18.55.22-819x1024.jpeg\" alt=\"\" class=\"wp-image-27002\" srcset=\"https:\/\/sgvaimudar.com.br\/wp-content\/uploads\/2025\/06\/WhatsApp-Image-2025-06-24-at-18.55.22-819x1024.jpeg 819w, https:\/\/sgvaimudar.com.br\/wp-content\/uploads\/2025\/06\/WhatsApp-Image-2025-06-24-at-18.55.22-240x300.jpeg 240w, https:\/\/sgvaimudar.com.br\/wp-content\/uploads\/2025\/06\/WhatsApp-Image-2025-06-24-at-18.55.22-768x960.jpeg 768w, https:\/\/sgvaimudar.com.br\/wp-content\/uploads\/2025\/06\/WhatsApp-Image-2025-06-24-at-18.55.22.jpeg 1080w\" sizes=\"(max-width: 819px) 100vw, 819px\" \/><\/figure>\n\n\n\n<p>Com uma programa\u00e7\u00e3o diversa e de alta qualidade, o festival refor\u00e7a o compromisso da Prefeitura de Maric\u00e1 com a valoriza\u00e7\u00e3o da arte, o acesso \u00e0 cultura e o fortalecimento da identidade musical brasileira.<\/p>\n\n\n\n<p>A programa\u00e7\u00e3o completa ser\u00e1 divulgada em breve nos canais oficiais da Prefeitura.<\/p>\n\n\n\n<p><strong><em>S\u00e3o Gon\u00e7alo vai mudar: Not\u00edcias de S\u00e3o Gon\u00e7alo e toda regi\u00e3o.<\/em><\/strong><\/p>\n\n\n\n<figure class=\"wp-block-image size-full\"><img decoding=\"async\" width=\"251\" height=\"88\" src=\"https:\/\/sgvaimudar.com.br\/wp-content\/uploads\/2023\/08\/Logo.png\" alt=\"\" class=\"wp-image-2738\" \/><\/figure>\n","protected":false},"excerpt":{"rendered":"<p>Evento gratuito acontece no Parque Nanci e re\u00fane atra\u00e7\u00f5es nacionais entre os dias 4 e 13 de julho O munic\u00edpio&hellip;<\/p>\n","protected":false},"author":5,"featured_media":27003,"comment_status":"open","ping_status":"open","sticky":false,"template":"","format":"standard","meta":{"fifu_image_url":"","fifu_image_alt":"","footnotes":""},"categories":[6],"tags":[47],"class_list":["post-27001","post","type-post","status-publish","format-standard","has-post-thumbnail","hentry","category-entretenimento","tag-rj"],"_links":{"self":[{"href":"https:\/\/sgvaimudar.com.br\/index.php\/wp-json\/wp\/v2\/posts\/27001","targetHints":{"allow":["GET"]}}],"collection":[{"href":"https:\/\/sgvaimudar.com.br\/index.php\/wp-json\/wp\/v2\/posts"}],"about":[{"href":"https:\/\/sgvaimudar.com.br\/index.php\/wp-json\/wp\/v2\/types\/post"}],"author":[{"embeddable":true,"href":"https:\/\/sgvaimudar.com.br\/index.php\/wp-json\/wp\/v2\/users\/5"}],"replies":[{"embeddable":true,"href":"https:\/\/sgvaimudar.com.br\/index.php\/wp-json\/wp\/v2\/comments?post=27001"}],"version-history":[{"count":1,"href":"https:\/\/sgvaimudar.com.br\/index.php\/wp-json\/wp\/v2\/posts\/27001\/revisions"}],"predecessor-version":[{"id":27004,"href":"https:\/\/sgvaimudar.com.br\/index.php\/wp-json\/wp\/v2\/posts\/27001\/revisions\/27004"}],"wp:featuredmedia":[{"embeddable":true,"href":"https:\/\/sgvaimudar.com.br\/index.php\/wp-json\/wp\/v2\/media\/27003"}],"wp:attachment":[{"href":"https:\/\/sgvaimudar.com.br\/index.php\/wp-json\/wp\/v2\/media?parent=27001"}],"wp:term":[{"taxonomy":"category","embeddable":true,"href":"https:\/\/sgvaimudar.com.br\/index.php\/wp-json\/wp\/v2\/categories?post=27001"},{"taxonomy":"post_tag","embeddable":true,"href":"https:\/\/sgvaimudar.com.br\/index.php\/wp-json\/wp\/v2\/tags?post=27001"}],"curies":[{"name":"wp","href":"https:\/\/api.w.org\/{rel}","templated":true}]}}