{"id":26994,"date":"2025-06-25T14:00:00","date_gmt":"2025-06-25T17:00:00","guid":{"rendered":"https:\/\/sgvaimudar.com.br\/?p=26994"},"modified":"2025-06-25T09:45:53","modified_gmt":"2025-06-25T12:45:53","slug":"voce-se-foi-fazendo-o-que-mais-gostava-pai-de-juliana-marins-faz-forte-desabafo-apos-tragedia","status":"publish","type":"post","link":"https:\/\/sgvaimudar.com.br\/index.php\/2025\/06\/25\/voce-se-foi-fazendo-o-que-mais-gostava-pai-de-juliana-marins-faz-forte-desabafo-apos-tragedia\/","title":{"rendered":"\u201cVoc\u00ea se foi fazendo o que mais gostava\u201d: pai de Juliana Marins faz forte desabafo ap\u00f3s trag\u00e9dia"},"content":{"rendered":"\n<p><em>Juliana Marins foi encontrada morta, nesta ter\u00e7a-feira (24), 72 horas ap\u00f3s cair no penhasco do monte Rinjani, na Indon\u00e9sia<\/em><\/p>\n\n\n\n<p>Manoel Marins, pai de Juliana Marins \u2014&nbsp;jovem brasileira que morreu ap\u00f3s cair de um penhasco durante uma trilha no vulc\u00e3o Rinjani, na Indon\u00e9sia \u2014 se pronunciou publicamente pela primeira vez desde a trag\u00e9dia.<\/p>\n\n\n\n<p>Na noite desta ter\u00e7a-feira (24), por volta das 22h (hor\u00e1rio de Bras\u00edlia), Manoel publicou uma homenagem emocionante \u00e0 filha em seu perfil no Instagram. Ele compartilhou uma foto de Juliana&nbsp;sozinha, acompanhada da frase:&nbsp;\u201cPeda\u00e7o tirado de mim\u201d.<\/p>\n\n\n\n<figure class=\"wp-block-image size-full\"><img fetchpriority=\"high\" decoding=\"async\" width=\"1024\" height=\"683\" src=\"https:\/\/sgvaimudar.com.br\/wp-content\/uploads\/2025\/06\/Tupi-Thumb-do-Site-100-1024x683-1.jpg\" alt=\"\" class=\"wp-image-26996\" srcset=\"https:\/\/sgvaimudar.com.br\/wp-content\/uploads\/2025\/06\/Tupi-Thumb-do-Site-100-1024x683-1.jpg 1024w, https:\/\/sgvaimudar.com.br\/wp-content\/uploads\/2025\/06\/Tupi-Thumb-do-Site-100-1024x683-1-300x200.jpg 300w, https:\/\/sgvaimudar.com.br\/wp-content\/uploads\/2025\/06\/Tupi-Thumb-do-Site-100-1024x683-1-768x512.jpg 768w\" sizes=\"(max-width: 1024px) 100vw, 1024px\" \/><\/figure>\n\n\n\n<p>Na legenda da publica\u00e7\u00e3o, o pai escolheu a letra da m\u00fasica&nbsp;<em>\u201cPeda\u00e7o de Mim\u201d<\/em>, de Chico Buarque, como forma de expressar sua dor.&nbsp;Confira um trecho:<\/p>\n\n\n\n<p>\u201c<em>Oh, peda\u00e7o de mim<br>Oh, metade arrancada de mim<br>Leva o vulto teu<br>Que a saudade \u00e9 o rev\u00e9s de um parto<br>A saudade \u00e9 arrumar o quarto<br>Do filho que j\u00e1 morreu<\/em><\/p>\n\n\n\n<p><em>Oh, peda\u00e7o de mim<br>Oh, metade amputada de mim<br>Leva o que h\u00e1 de ti<br>Que a saudade d\u00f3i latejada<br>\u00c9 assim como uma fisgada<br>No membro que j\u00e1 perdi<\/em>\u201d.<\/p>\n\n\n\n<h2 class=\"wp-block-heading\">\u201cSe foi fazendo o que mais gostava\u201d<\/h2>\n\n\n\n<p>J\u00e1 na manh\u00e3 desta quarta-feira (25), Manoel fez um novo desabafo nas redes sociais. Em um texto repleto de dor e amor, ele compartilhou lembran\u00e7as da&nbsp;filha, seus sonhos e o impacto que deixou na vida de todos ao seu redor.<\/p>\n\n\n\n<p>Manoel, relembrou o quanto Juliana era alegre, determinada e cheia de vida. \u201cAh, Juju, minha linda, meu tesouro, minha filha, meu amor. Voc\u00ea sempre foi muito especial. Sapeca, inquieta, de sorriso lindo e uma imensa vontade de viver intensamente\u201d.<\/p>\n\n\n\n<p>Segundo ele, Juliana&nbsp;estava muito feliz por realizar o sonho de fazer um mochil\u00e3o pela \u00c1sia, uma viagem que havia planejado com dedica\u00e7\u00e3o e para a qual recusou ajuda financeira dos pais.<\/p>\n\n\n\n<p>\u201cNo in\u00edcio deste ano nos disse que faria esse mochil\u00e3o agora enquanto era jovem e n\u00f3s te apoiamos. Quando lhe perguntei se queria que lhe d\u00e9ssemos algum dinheiro para ajudar na viagem, voc\u00ea nos disse: \u2018jamais.\u2019 Voc\u00ea viajou com seus pr\u00f3prios recursos que ganhou como fruto do seu trabalho. E como voc\u00ea estava feliz realizando esse sonho. E como n\u00f3s ficamos felizes com a sua felicidade. Voc\u00ea se foi fazendo o que mais gostava e isso conforta um pouco o nosso cora\u00e7\u00e3o\u201d, escreveu ele.<\/p>\n\n\n\n<p>O governador em exerc\u00edcio, Rodrigo Bacellar, soltou uma nota de pesar sobre a morte da jovem Juliana Marins na Indon\u00e9sia:<br><em>&#8220;\u00c9 imposs\u00edvel n\u00e3o se comover com a morte da jovem brasileira na Indon\u00e9sia, ap\u00f3s quatro dias de ang\u00fastia. Natural de Niter\u00f3i, no nosso Estado do Rio, ela teve seus sonhos interrompidos de maneira \u00a0tr\u00e1gica \u2014 uma perda que abalou o Brasil e o mundo. Me solidarizo com sua fam\u00edlia, seus amigos e com todos que torceram por um desfecho diferente. Que Deus conforte o cora\u00e7\u00e3o dos que sofrem com essa dor imensa&#8221;<\/em>, disse o governador em exerc\u00edcio.<\/p>\n\n\n\n<p><strong>CHEIA DE AMOR<\/strong> &#8211; Manoel tamb\u00e9m destacou que os planos da filha iam al\u00e9m da viagem. Ela pensava no futuro dos pais e da irm\u00e3, Mariana, e demonstrava carinho e cuidado com todos da fam\u00edlia.<\/p>\n\n\n\n<p>\u201cSempre preocupada comigo e com a Estela. Dizia que iria cuidar de n\u00f3s na nossa velhice, embora eu lhe dissesse que isso n\u00e3o era necess\u00e1rio, que voc\u00ea deveria viver a sua vida. Fica a&nbsp;sua presen\u00e7a em nossa casa, no seu quarto, no seu lugar preferido no sof\u00e1 da sala. Fica a sua presen\u00e7a marcante na vida de quem teve o privil\u00e9gio de te conhecer e de conviver contigo. E, especialmente, no meu cora\u00e7\u00e3o , no da sua m\u00e3e e no da sua irm\u00e3\u201d.<\/p>\n\n\n\n<p>Na despedida, o pai mencionou uma promessa que os dois haviam feito: \u201cVoa, Juju, voa. Voa para os bra\u00e7os do Pai Eterno. Ficaremos na certeza de nos reencontrarmos um dia e fazer aquele voo de parapente que est\u00e1vamos programando para o seu anivers\u00e1rio\u201d.<\/p>\n\n\n\n<h2 class=\"wp-block-heading\">A trag\u00e9dia<\/h2>\n\n\n\n<p>Juliana Marins&nbsp;fazia uma trilha no monte Rinjani, na Indon\u00e9sia, na manh\u00e3 de s\u00e1bado (21), quando caiu em um penhasco. Ap\u00f3s turistas registrarem a localiza\u00e7\u00e3o da brasileira e as imagens viralizarem, equipes de resgate iniciaram buscas pela jovem.<\/p>\n\n\n\n<p>No domingo (22), as condi\u00e7\u00f5es clim\u00e1ticas na regi\u00e3o impediram o procedimento de salvamento da jovem. <\/p>\n\n\n\n<figure class=\"wp-block-image size-full\"><img decoding=\"async\" width=\"841\" height=\"479\" src=\"https:\/\/sgvaimudar.com.br\/wp-content\/uploads\/2025\/06\/vulcao.jpg\" alt=\"\" class=\"wp-image-26774\" srcset=\"https:\/\/sgvaimudar.com.br\/wp-content\/uploads\/2025\/06\/vulcao.jpg 841w, https:\/\/sgvaimudar.com.br\/wp-content\/uploads\/2025\/06\/vulcao-300x171.jpg 300w, https:\/\/sgvaimudar.com.br\/wp-content\/uploads\/2025\/06\/vulcao-768x437.jpg 768w\" sizes=\"(max-width: 841px) 100vw, 841px\" \/><\/figure>\n\n\n\n<p>J\u00e1 na segunda (23), as autoridades da Indon\u00e9sia confirmaram que&nbsp;Juliana foi localizada novamente. Monitorada por drones, ela foi vista \u201cvisualmente im\u00f3vel\u201d a uma profundidade de aproximadamente 500 metros.<\/p>\n\n\n\n<p>Por fim, na manh\u00e3 desta ter\u00e7a-feira, ap\u00f3s mais de 72 horas do acidente, a equipe de resgate conseguiu chegar at\u00e9 o local onde Juliana estava, no entanto, ela foi encontrada sem vida.<\/p>\n\n\n\n<p><strong><em>S\u00e3o Gon\u00e7alo vai mudar: Not\u00edcias de S\u00e3o Gon\u00e7alo e toda regi\u00e3o.<\/em><\/strong><\/p>\n\n\n\n<figure class=\"wp-block-image size-large\"><img decoding=\"async\" width=\"1024\" height=\"1024\" src=\"https:\/\/sgvaimudar.com.br\/wp-content\/uploads\/2025\/06\/Portoes-abertos-logo-mais-tem-Fluminense-em-campo-1024x1024.jpg\" alt=\"\" class=\"wp-image-26162\" srcset=\"https:\/\/sgvaimudar.com.br\/wp-content\/uploads\/2025\/06\/Portoes-abertos-logo-mais-tem-Fluminense-em-campo-1024x1024.jpg 1024w, https:\/\/sgvaimudar.com.br\/wp-content\/uploads\/2025\/06\/Portoes-abertos-logo-mais-tem-Fluminense-em-campo-300x300.jpg 300w, https:\/\/sgvaimudar.com.br\/wp-content\/uploads\/2025\/06\/Portoes-abertos-logo-mais-tem-Fluminense-em-campo-150x150.jpg 150w, https:\/\/sgvaimudar.com.br\/wp-content\/uploads\/2025\/06\/Portoes-abertos-logo-mais-tem-Fluminense-em-campo-768x768.jpg 768w, https:\/\/sgvaimudar.com.br\/wp-content\/uploads\/2025\/06\/Portoes-abertos-logo-mais-tem-Fluminense-em-campo.jpg 1080w\" sizes=\"(max-width: 1024px) 100vw, 1024px\" \/><\/figure>\n","protected":false},"excerpt":{"rendered":"<p>Juliana Marins foi encontrada morta, nesta ter\u00e7a-feira (24), 72 horas ap\u00f3s cair no penhasco do monte Rinjani, na Indon\u00e9sia Manoel&hellip;<\/p>\n","protected":false},"author":5,"featured_media":26995,"comment_status":"open","ping_status":"open","sticky":false,"template":"","format":"standard","meta":{"fifu_image_url":"","fifu_image_alt":"","footnotes":""},"categories":[1],"tags":[47],"class_list":["post-26994","post","type-post","status-publish","format-standard","has-post-thumbnail","hentry","category-mundo","tag-rj"],"_links":{"self":[{"href":"https:\/\/sgvaimudar.com.br\/index.php\/wp-json\/wp\/v2\/posts\/26994","targetHints":{"allow":["GET"]}}],"collection":[{"href":"https:\/\/sgvaimudar.com.br\/index.php\/wp-json\/wp\/v2\/posts"}],"about":[{"href":"https:\/\/sgvaimudar.com.br\/index.php\/wp-json\/wp\/v2\/types\/post"}],"author":[{"embeddable":true,"href":"https:\/\/sgvaimudar.com.br\/index.php\/wp-json\/wp\/v2\/users\/5"}],"replies":[{"embeddable":true,"href":"https:\/\/sgvaimudar.com.br\/index.php\/wp-json\/wp\/v2\/comments?post=26994"}],"version-history":[{"count":2,"href":"https:\/\/sgvaimudar.com.br\/index.php\/wp-json\/wp\/v2\/posts\/26994\/revisions"}],"predecessor-version":[{"id":27000,"href":"https:\/\/sgvaimudar.com.br\/index.php\/wp-json\/wp\/v2\/posts\/26994\/revisions\/27000"}],"wp:featuredmedia":[{"embeddable":true,"href":"https:\/\/sgvaimudar.com.br\/index.php\/wp-json\/wp\/v2\/media\/26995"}],"wp:attachment":[{"href":"https:\/\/sgvaimudar.com.br\/index.php\/wp-json\/wp\/v2\/media?parent=26994"}],"wp:term":[{"taxonomy":"category","embeddable":true,"href":"https:\/\/sgvaimudar.com.br\/index.php\/wp-json\/wp\/v2\/categories?post=26994"},{"taxonomy":"post_tag","embeddable":true,"href":"https:\/\/sgvaimudar.com.br\/index.php\/wp-json\/wp\/v2\/tags?post=26994"}],"curies":[{"name":"wp","href":"https:\/\/api.w.org\/{rel}","templated":true}]}}