{"id":26987,"date":"2025-06-25T13:00:00","date_gmt":"2025-06-25T16:00:00","guid":{"rendered":"https:\/\/sgvaimudar.com.br\/?p=26987"},"modified":"2025-06-25T09:18:40","modified_gmt":"2025-06-25T12:18:40","slug":"festa-de-sao-joao-batista-e-encerrada-com-tradicao-e-novo-reconhecimento-como-patrimonio-cultural-de-itaborai","status":"publish","type":"post","link":"https:\/\/sgvaimudar.com.br\/index.php\/2025\/06\/25\/festa-de-sao-joao-batista-e-encerrada-com-tradicao-e-novo-reconhecimento-como-patrimonio-cultural-de-itaborai\/","title":{"rendered":"Festa de S\u00e3o Jo\u00e3o Batista \u00e9 encerrada com tradi\u00e7\u00e3o e novo reconhecimento como Patrim\u00f4nio Cultural de Itabora\u00ed"},"content":{"rendered":"\n<p><em>A festa foi realizada na Pra\u00e7a Marechal Floriano Peixoto, no Centro<\/em><\/p>\n\n\n\n<p>O munic\u00edpio de Itabora\u00ed celebrou com grande entusiasmo e emo\u00e7\u00e3o o encerramento da tradicional Festa em Honra a S\u00e3o Jo\u00e3o Batista, padroeiro do munic\u00edpio, nesta ter\u00e7a-feira (24\/06). <\/p>\n\n\n\n<p>A festividade reuniu milhares de pessoas durante cinco dias de programa\u00e7\u00e3o, marcada por momentos de f\u00e9, manifesta\u00e7\u00f5es culturais e forte participa\u00e7\u00e3o da comunidade.<\/p>\n\n\n\n<p>Organizada pela Par\u00f3quia S\u00e3o Jo\u00e3o Batista com apoio da Prefeitura de Itabora\u00ed, a festa deste ano foi ainda mais especial. A promulga\u00e7\u00e3o da Lei n\u00ba 3.073, de 13 de junho de 2025, reconheceu oficialmente a Festa de S\u00e3o Jo\u00e3o Batista como Patrim\u00f4nio Cultural Imaterial de Itabora\u00ed, refor\u00e7ando seu valor para a identidade, mem\u00f3ria afetiva e tradi\u00e7\u00e3o da cidade.<\/p>\n\n\n\n<p>A programa\u00e7\u00e3o, que teve in\u00edcio na \u00faltima sexta-feira (20\/06), contou com novenas, missas campais, shows cat\u00f3licos, gincanas, leil\u00f5es, almo\u00e7o com pratos t\u00edpicos, show de pr\u00eamios, o tradicional acendimento da fogueira e o quadrilh\u00e3o com o Setor Juventude. O encerramento, no dia dedicado a S\u00e3o Jo\u00e3o Batista, teve missas celebradas pelos padres Max e Leo, prociss\u00e3o, al\u00e9m do Ter\u00e7o da Miseric\u00f3rdia e m\u00fasica ao vivo.<\/p>\n\n\n\n<p>O secret\u00e1rio municipal de Turismo e Eventos, Jos\u00e9 Carlos Cobra, celebrou o sucesso da edi\u00e7\u00e3o deste ano.<\/p>\n\n\n\n<p>\u201cVer a Festa de S\u00e3o Jo\u00e3o agora reconhecida como Patrim\u00f4nio Cultural Imaterial \u00e9 motivo de muito orgulho para nossa cidade. \u00c9 uma tradi\u00e7\u00e3o que faz parte da alma de Itabora\u00ed, que une f\u00e9, cultura, hist\u00f3ria e a participa\u00e7\u00e3o da nossa comunidade. A Prefeitura \u00e9 parceira para que essa festa cres\u00e7a a cada ano, com estrutura, seguran\u00e7a e respeito \u00e0 nossa identidade\u201d, afirmou o secret\u00e1rio.<\/p>\n\n\n\n<p>A festa foi marcada por grande participa\u00e7\u00e3o popular desde o primeiro dia. As missas, shows cat\u00f3licos e toda a programa\u00e7\u00e3o, pensada para toda a fam\u00edlia, emocionaram o p\u00fablico. As barraquinhas de comidas t\u00edpicas, o brech\u00f3 comunit\u00e1rio e as atividades pensadas para todas as idades tamb\u00e9m fizeram sucesso.<\/p>\n\n\n\n<p>Para Val\u00e9ria Souza, de 43 anos, moradora do bairro Outeiro das Pedras, participar da festa foi uma experi\u00eancia especial.<\/p>\n\n\n\n<p>\u201cAcompanhei quase todos os dias da festa e hoje fiz quest\u00e3o de vir com meus filhos para a missa e a prociss\u00e3o. \u00c9 um momento de f\u00e9, de uni\u00e3o com a comunidade. Tudo estava muito bonito, organizado e cheio de significado. Foi emocionante!\u201d, destacou a vendedora.<\/p>\n\n\n\n<p>A Festa de S\u00e3o Jo\u00e3o Batista reafirma seu papel como uma das mais importantes do calend\u00e1rio municipal, sendo n\u00e3o apenas uma manifesta\u00e7\u00e3o religiosa, mas tamb\u00e9m um s\u00edmbolo da cultura popular itaboraiense.<\/p>\n\n\n\n<p><strong><em>S\u00e3o Gon\u00e7alo vai mudar: Not\u00edcias de S\u00e3o Gon\u00e7alo e toda regi\u00e3o.<\/em><\/strong><\/p>\n\n\n\n<figure class=\"wp-block-image size-large\"><img fetchpriority=\"high\" decoding=\"async\" width=\"1024\" height=\"252\" src=\"https:\/\/sgvaimudar.com.br\/wp-content\/uploads\/2023\/10\/Anuncie-Aqui-Sao-Goncalo-vai-mudar-2-1024x252.jpg\" alt=\"\" class=\"wp-image-3625\" srcset=\"https:\/\/sgvaimudar.com.br\/wp-content\/uploads\/2023\/10\/Anuncie-Aqui-Sao-Goncalo-vai-mudar-2-1024x252.jpg 1024w, https:\/\/sgvaimudar.com.br\/wp-content\/uploads\/2023\/10\/Anuncie-Aqui-Sao-Goncalo-vai-mudar-2-300x74.jpg 300w, https:\/\/sgvaimudar.com.br\/wp-content\/uploads\/2023\/10\/Anuncie-Aqui-Sao-Goncalo-vai-mudar-2-768x189.jpg 768w, https:\/\/sgvaimudar.com.br\/wp-content\/uploads\/2023\/10\/Anuncie-Aqui-Sao-Goncalo-vai-mudar-2-1536x378.jpg 1536w, https:\/\/sgvaimudar.com.br\/wp-content\/uploads\/2023\/10\/Anuncie-Aqui-Sao-Goncalo-vai-mudar-2-2048x504.jpg 2048w\" sizes=\"(max-width: 1024px) 100vw, 1024px\" \/><\/figure>\n","protected":false},"excerpt":{"rendered":"<p>A festa foi realizada na Pra\u00e7a Marechal Floriano Peixoto, no Centro O munic\u00edpio de Itabora\u00ed celebrou com grande entusiasmo e&hellip;<\/p>\n","protected":false},"author":5,"featured_media":26989,"comment_status":"open","ping_status":"open","sticky":false,"template":"","format":"standard","meta":{"fifu_image_url":"","fifu_image_alt":"","footnotes":""},"categories":[6],"tags":[47],"class_list":["post-26987","post","type-post","status-publish","format-standard","has-post-thumbnail","hentry","category-entretenimento","tag-rj"],"_links":{"self":[{"href":"https:\/\/sgvaimudar.com.br\/index.php\/wp-json\/wp\/v2\/posts\/26987","targetHints":{"allow":["GET"]}}],"collection":[{"href":"https:\/\/sgvaimudar.com.br\/index.php\/wp-json\/wp\/v2\/posts"}],"about":[{"href":"https:\/\/sgvaimudar.com.br\/index.php\/wp-json\/wp\/v2\/types\/post"}],"author":[{"embeddable":true,"href":"https:\/\/sgvaimudar.com.br\/index.php\/wp-json\/wp\/v2\/users\/5"}],"replies":[{"embeddable":true,"href":"https:\/\/sgvaimudar.com.br\/index.php\/wp-json\/wp\/v2\/comments?post=26987"}],"version-history":[{"count":1,"href":"https:\/\/sgvaimudar.com.br\/index.php\/wp-json\/wp\/v2\/posts\/26987\/revisions"}],"predecessor-version":[{"id":26990,"href":"https:\/\/sgvaimudar.com.br\/index.php\/wp-json\/wp\/v2\/posts\/26987\/revisions\/26990"}],"wp:featuredmedia":[{"embeddable":true,"href":"https:\/\/sgvaimudar.com.br\/index.php\/wp-json\/wp\/v2\/media\/26989"}],"wp:attachment":[{"href":"https:\/\/sgvaimudar.com.br\/index.php\/wp-json\/wp\/v2\/media?parent=26987"}],"wp:term":[{"taxonomy":"category","embeddable":true,"href":"https:\/\/sgvaimudar.com.br\/index.php\/wp-json\/wp\/v2\/categories?post=26987"},{"taxonomy":"post_tag","embeddable":true,"href":"https:\/\/sgvaimudar.com.br\/index.php\/wp-json\/wp\/v2\/tags?post=26987"}],"curies":[{"name":"wp","href":"https:\/\/api.w.org\/{rel}","templated":true}]}}