{"id":26982,"date":"2025-06-25T12:00:00","date_gmt":"2025-06-25T15:00:00","guid":{"rendered":"https:\/\/sgvaimudar.com.br\/?p=26982"},"modified":"2025-06-25T09:13:41","modified_gmt":"2025-06-25T12:13:41","slug":"projeto-meu-ambiente-ensina-sobre-animais-e-povos-da-floresta-amazonica","status":"publish","type":"post","link":"https:\/\/sgvaimudar.com.br\/index.php\/2025\/06\/25\/projeto-meu-ambiente-ensina-sobre-animais-e-povos-da-floresta-amazonica\/","title":{"rendered":"Projeto &#8220;Meu Ambiente&#8221; ensina sobre animais e povos da Floresta Amaz\u00f4nica"},"content":{"rendered":"\n<p><em>Bingo infantil interativo fez alus\u00e3o ao Dia da Amaz\u00f4nia em escola municipal<\/em><\/p>\n\n\n\n<p>Mais de 25 crian\u00e7as do 4\u00b0 ano do Ensino Fundamental do Ciep 414 Municipalizado Tarso de Castro, em Ipi\u00edba, participaram, nesta tarde de ter\u00e7a-feira (24), do Projeto \u201cMeu Ambiente\u201d. A atividade do dia, um bingo infantil educativo, fez alus\u00e3o ao Dia da Amaz\u00f4nia, comemorado em 5 de setembro.<\/p>\n\n\n\n<p>O Projeto &#8220;Meu Ambiente&#8221; \u00e9 realizado pela Secretaria de Meio Ambiente e Transportes da Prefeitura de S\u00e3o Gon\u00e7alo, em parceria com a Secretaria de Educa\u00e7\u00e3o. De forma l\u00fadica e interativa, o bingo infantil ensina sobre animais, povos e esp\u00e9cies vegetais da Floresta Amaz\u00f4nica.<\/p>\n\n\n\n<figure class=\"wp-block-image size-large\"><img fetchpriority=\"high\" decoding=\"async\" width=\"1024\" height=\"684\" src=\"https:\/\/sgvaimudar.com.br\/wp-content\/uploads\/2025\/06\/unnamed-8-9-1024x684.jpg\" alt=\"\" class=\"wp-image-26983\" srcset=\"https:\/\/sgvaimudar.com.br\/wp-content\/uploads\/2025\/06\/unnamed-8-9-1024x684.jpg 1024w, https:\/\/sgvaimudar.com.br\/wp-content\/uploads\/2025\/06\/unnamed-8-9-300x200.jpg 300w, https:\/\/sgvaimudar.com.br\/wp-content\/uploads\/2025\/06\/unnamed-8-9-768x513.jpg 768w, https:\/\/sgvaimudar.com.br\/wp-content\/uploads\/2025\/06\/unnamed-8-9-1536x1027.jpg 1536w, https:\/\/sgvaimudar.com.br\/wp-content\/uploads\/2025\/06\/unnamed-8-9.jpg 1616w\" sizes=\"(max-width: 1024px) 100vw, 1024px\" \/><\/figure>\n\n\n\n<p>A educadora ambiental e coordenadora do projeto, Glauce Batista Junior, explicou sobre a din\u00e2mica do jogo.<\/p>\n\n\n\n<p>&#8220;O bingo tem\u00e1tico sobre a preserva\u00e7\u00e3o da Amaz\u00f4nia constituiu uma estrat\u00e9gia did\u00e1tica simples, l\u00fadica e eficaz para sensibilizar e instruir crian\u00e7as acerca da floresta. A atividade explicou sobre seus animais, povos, esp\u00e9cies vegetais e os cuidados necess\u00e1rios com o meio ambiente. Por meio do jogo, os alunos tiveram a oportunidade de se familiarizar com elementos caracter\u00edsticos da Amaz\u00f4nia de maneira envolvente e prazerosa&#8221;, disse a educadora.<\/p>\n\n\n\n<figure class=\"wp-block-image size-large\"><img decoding=\"async\" width=\"1024\" height=\"684\" src=\"https:\/\/sgvaimudar.com.br\/wp-content\/uploads\/2025\/06\/unnamed-6-9-1024x684.jpg\" alt=\"\" class=\"wp-image-26984\" srcset=\"https:\/\/sgvaimudar.com.br\/wp-content\/uploads\/2025\/06\/unnamed-6-9-1024x684.jpg 1024w, https:\/\/sgvaimudar.com.br\/wp-content\/uploads\/2025\/06\/unnamed-6-9-300x200.jpg 300w, https:\/\/sgvaimudar.com.br\/wp-content\/uploads\/2025\/06\/unnamed-6-9-768x513.jpg 768w, https:\/\/sgvaimudar.com.br\/wp-content\/uploads\/2025\/06\/unnamed-6-9-1536x1027.jpg 1536w, https:\/\/sgvaimudar.com.br\/wp-content\/uploads\/2025\/06\/unnamed-6-9.jpg 1616w\" sizes=\"(max-width: 1024px) 100vw, 1024px\" \/><\/figure>\n\n\n\n<p>Mirna Soares, orientadora pedag\u00f3gica do Ciep 414, explicou que a\u00e7\u00f5es como essa fazem com que os alunos aprendam novas temas e de novas formas.<\/p>\n\n\n\n<p>&#8220;Todo conte\u00fado integrado \u00e9 sempre importante e estamos aberto a novos conte\u00fados integrados, que enriquecem os nossos alunos. Essas atividades enriquecem o que \u00e9 ensinado pelos professores dentro da sala de aula, com mais profundidade. As crian\u00e7as aprendem de formas diversas e esses ensinamentos s\u00e3o levados para casa e s\u00e3o repassados para os pais tamb\u00e9m&#8221;, afirmou a orientadora.<\/p>\n\n\n\n<p>Isabella Torres Siqueira, de 10 anos, deu sua opini\u00e3o sobre a atividade.<\/p>\n\n\n\n<p>&#8220;Gostei muito, aprendi o nome de todos os animais, alguns eu n\u00e3o conhecia. Foi muito legal e vou contar sobre o que entendi na minha casa&#8221;, disse a aluna.<\/p>\n\n\n\n<p>O Projeto \u201cMeu Ambiente\u201d tem como objetivo principal integrar a educa\u00e7\u00e3o ambiental ao cotidiano escolar, promovendo atividades pr\u00e1ticas, viv\u00eancias e reflex\u00f5es sobre temas do calend\u00e1rio ambiental, como reciclagem, preserva\u00e7\u00e3o, consumo consciente e sustentabilidade.<\/p>\n\n\n\n<p>A iniciativa faz parte do Programa Municipal de Educa\u00e7\u00e3o Ambiental (ProMEA S\u00e3o Gon\u00e7alo) e atende \u00e0s diretrizes da Resolu\u00e7\u00e3o Conjunta SEAS\/Inea N\u00ba 039\/2021.<\/p>\n\n\n\n<p><em>Fotos: Renan Otto<\/em><\/p>\n\n\n\n<p><strong><em>S\u00e3o Gon\u00e7alo vai mudar: Not\u00edcias de S\u00e3o Gon\u00e7alo e toda regi\u00e3o.<\/em><\/strong><\/p>\n\n\n\n<figure class=\"wp-block-image size-large\"><img decoding=\"async\" width=\"1024\" height=\"252\" src=\"https:\/\/sgvaimudar.com.br\/wp-content\/uploads\/2025\/03\/Anuncie-Aqui-Sao-Goncalo-vai-mudar-1024x252.jpg\" alt=\"\" class=\"wp-image-22693\" srcset=\"https:\/\/sgvaimudar.com.br\/wp-content\/uploads\/2025\/03\/Anuncie-Aqui-Sao-Goncalo-vai-mudar-1024x252.jpg 1024w, https:\/\/sgvaimudar.com.br\/wp-content\/uploads\/2025\/03\/Anuncie-Aqui-Sao-Goncalo-vai-mudar-300x74.jpg 300w, https:\/\/sgvaimudar.com.br\/wp-content\/uploads\/2025\/03\/Anuncie-Aqui-Sao-Goncalo-vai-mudar-768x189.jpg 768w, https:\/\/sgvaimudar.com.br\/wp-content\/uploads\/2025\/03\/Anuncie-Aqui-Sao-Goncalo-vai-mudar-1536x378.jpg 1536w, https:\/\/sgvaimudar.com.br\/wp-content\/uploads\/2025\/03\/Anuncie-Aqui-Sao-Goncalo-vai-mudar-2048x504.jpg 2048w\" sizes=\"(max-width: 1024px) 100vw, 1024px\" \/><\/figure>\n","protected":false},"excerpt":{"rendered":"<p>Bingo infantil interativo fez alus\u00e3o ao Dia da Amaz\u00f4nia em escola municipal Mais de 25 crian\u00e7as do 4\u00b0 ano do&hellip;<\/p>\n","protected":false},"author":5,"featured_media":26985,"comment_status":"open","ping_status":"open","sticky":false,"template":"","format":"standard","meta":{"fifu_image_url":"","fifu_image_alt":"","footnotes":""},"categories":[3],"tags":[47,75],"class_list":["post-26982","post","type-post","status-publish","format-standard","has-post-thumbnail","hentry","category-sao-goncalo","tag-rj","tag-sao-goncalo"],"_links":{"self":[{"href":"https:\/\/sgvaimudar.com.br\/index.php\/wp-json\/wp\/v2\/posts\/26982","targetHints":{"allow":["GET"]}}],"collection":[{"href":"https:\/\/sgvaimudar.com.br\/index.php\/wp-json\/wp\/v2\/posts"}],"about":[{"href":"https:\/\/sgvaimudar.com.br\/index.php\/wp-json\/wp\/v2\/types\/post"}],"author":[{"embeddable":true,"href":"https:\/\/sgvaimudar.com.br\/index.php\/wp-json\/wp\/v2\/users\/5"}],"replies":[{"embeddable":true,"href":"https:\/\/sgvaimudar.com.br\/index.php\/wp-json\/wp\/v2\/comments?post=26982"}],"version-history":[{"count":1,"href":"https:\/\/sgvaimudar.com.br\/index.php\/wp-json\/wp\/v2\/posts\/26982\/revisions"}],"predecessor-version":[{"id":26986,"href":"https:\/\/sgvaimudar.com.br\/index.php\/wp-json\/wp\/v2\/posts\/26982\/revisions\/26986"}],"wp:featuredmedia":[{"embeddable":true,"href":"https:\/\/sgvaimudar.com.br\/index.php\/wp-json\/wp\/v2\/media\/26985"}],"wp:attachment":[{"href":"https:\/\/sgvaimudar.com.br\/index.php\/wp-json\/wp\/v2\/media?parent=26982"}],"wp:term":[{"taxonomy":"category","embeddable":true,"href":"https:\/\/sgvaimudar.com.br\/index.php\/wp-json\/wp\/v2\/categories?post=26982"},{"taxonomy":"post_tag","embeddable":true,"href":"https:\/\/sgvaimudar.com.br\/index.php\/wp-json\/wp\/v2\/tags?post=26982"}],"curies":[{"name":"wp","href":"https:\/\/api.w.org\/{rel}","templated":true}]}}