{"id":26979,"date":"2025-06-25T11:00:00","date_gmt":"2025-06-25T14:00:00","guid":{"rendered":"https:\/\/sgvaimudar.com.br\/?p=26979"},"modified":"2025-06-25T09:04:19","modified_gmt":"2025-06-25T12:04:19","slug":"sao-goncalo-oferece-oficinas-de-economia-criativa-no-setor-cultural","status":"publish","type":"post","link":"https:\/\/sgvaimudar.com.br\/index.php\/2025\/06\/25\/sao-goncalo-oferece-oficinas-de-economia-criativa-no-setor-cultural\/","title":{"rendered":"S\u00e3o Gon\u00e7alo oferece oficinas de economia criativa no setor cultural\u00a0"},"content":{"rendered":"\n<p><em>As aulas acontecer\u00e3o durante todo m\u00eas de julho&nbsp;<\/em><\/p>\n\n\n\n<p>A Secretaria de Turismo e Cultura do munic\u00edpio de S\u00e3o Gon\u00e7alo, a partir da pr\u00f3xima semana, vai oferecer, nos dias 2, 9, 16 e 23 de julho, das 17h \u00e0s 18h, no Centro Cultural Joaquim Lavoura, oficinas do projeto \u201cEconomia Criativa: Desenvolvimento e Empreendedorismo\u201d, realizado com recursos da Pol\u00edtica Nacional Aldir Blanc (PNAB), do Minist\u00e9rio da Cultura e Governo Federal.<\/p>\n\n\n\n<p>O projeto tem como objetivo fortalecer iniciativas culturais da cidade, ampliar redes de atua\u00e7\u00e3o e proporcionar ferramentas pr\u00e1ticas para a sustentabilidade dos projetos no campo da Economia Criativa.<\/p>\n\n\n\n<p>A programa\u00e7\u00e3o contar\u00e1 com encontros presenciais e din\u00e2micos, abordando temas como modelos de neg\u00f3cios criativos, estrat\u00e9gias de sustentabilidade financeira, elabora\u00e7\u00e3o de projetos culturais e oportunidades de fomento p\u00fablico e privado.<\/p>\n\n\n\n<p>Para participar os interessados devem se inscrever at\u00e9 o dia 1\u00ba de julho e podem ser feitas pelo link:&nbsp;<a href=\"https:\/\/click.cse360.com.br\/Click\/AddCampaignEmailClick\/a1f35631-330e-453b-3dbd-08ddae9ddf5a\/https%253a%252f%252fdocs.google.com%252fforms%252fd%252fe%252f1FAIpQLSeyTAo9xOQB7iPBEGkdHoQdPZKinsyLONTwg3MFIFZ3kYk00w%252fviewform\/ac66966e-2b55-4484-fb2c-08dc491eed5f\/jornalistaws@gmail.com\/False\" rel=\"noreferrer noopener\" target=\"_blank\"><u>https:\/\/docs.google.com\/forms\/d\/e\/1FAIpQLSeyTAo9xOQB7iPBEGkdHoQdPZKinsyLONTwg3MFIFZ3kYk00w\/viewform<\/u><\/a>&nbsp;<\/p>\n\n\n\n<p><em>Foto: Fabio Guimar\u00e3es<\/em><\/p>\n\n\n\n<p><strong><em>S\u00e3o Gon\u00e7alo vai mudar: Not\u00edcias de S\u00e3o Gon\u00e7alo e toda regi\u00e3o.<\/em><\/strong><\/p>\n\n\n\n<figure class=\"wp-block-image size-large\"><img fetchpriority=\"high\" decoding=\"async\" width=\"1024\" height=\"252\" src=\"https:\/\/sgvaimudar.com.br\/wp-content\/uploads\/2025\/03\/Anuncie-Aqui-Sao-Goncalo-vai-mudar-1024x252.jpg\" alt=\"\" class=\"wp-image-22693\" srcset=\"https:\/\/sgvaimudar.com.br\/wp-content\/uploads\/2025\/03\/Anuncie-Aqui-Sao-Goncalo-vai-mudar-1024x252.jpg 1024w, https:\/\/sgvaimudar.com.br\/wp-content\/uploads\/2025\/03\/Anuncie-Aqui-Sao-Goncalo-vai-mudar-300x74.jpg 300w, https:\/\/sgvaimudar.com.br\/wp-content\/uploads\/2025\/03\/Anuncie-Aqui-Sao-Goncalo-vai-mudar-768x189.jpg 768w, https:\/\/sgvaimudar.com.br\/wp-content\/uploads\/2025\/03\/Anuncie-Aqui-Sao-Goncalo-vai-mudar-1536x378.jpg 1536w, https:\/\/sgvaimudar.com.br\/wp-content\/uploads\/2025\/03\/Anuncie-Aqui-Sao-Goncalo-vai-mudar-2048x504.jpg 2048w\" sizes=\"(max-width: 1024px) 100vw, 1024px\" \/><\/figure>\n","protected":false},"excerpt":{"rendered":"<p>As aulas acontecer\u00e3o durante todo m\u00eas de julho&nbsp; A Secretaria de Turismo e Cultura do munic\u00edpio de S\u00e3o Gon\u00e7alo, a&hellip;<\/p>\n","protected":false},"author":5,"featured_media":26980,"comment_status":"open","ping_status":"open","sticky":false,"template":"","format":"standard","meta":{"fifu_image_url":"","fifu_image_alt":"","footnotes":""},"categories":[6],"tags":[47,75],"class_list":["post-26979","post","type-post","status-publish","format-standard","has-post-thumbnail","hentry","category-entretenimento","tag-rj","tag-sao-goncalo"],"_links":{"self":[{"href":"https:\/\/sgvaimudar.com.br\/index.php\/wp-json\/wp\/v2\/posts\/26979","targetHints":{"allow":["GET"]}}],"collection":[{"href":"https:\/\/sgvaimudar.com.br\/index.php\/wp-json\/wp\/v2\/posts"}],"about":[{"href":"https:\/\/sgvaimudar.com.br\/index.php\/wp-json\/wp\/v2\/types\/post"}],"author":[{"embeddable":true,"href":"https:\/\/sgvaimudar.com.br\/index.php\/wp-json\/wp\/v2\/users\/5"}],"replies":[{"embeddable":true,"href":"https:\/\/sgvaimudar.com.br\/index.php\/wp-json\/wp\/v2\/comments?post=26979"}],"version-history":[{"count":1,"href":"https:\/\/sgvaimudar.com.br\/index.php\/wp-json\/wp\/v2\/posts\/26979\/revisions"}],"predecessor-version":[{"id":26981,"href":"https:\/\/sgvaimudar.com.br\/index.php\/wp-json\/wp\/v2\/posts\/26979\/revisions\/26981"}],"wp:featuredmedia":[{"embeddable":true,"href":"https:\/\/sgvaimudar.com.br\/index.php\/wp-json\/wp\/v2\/media\/26980"}],"wp:attachment":[{"href":"https:\/\/sgvaimudar.com.br\/index.php\/wp-json\/wp\/v2\/media?parent=26979"}],"wp:term":[{"taxonomy":"category","embeddable":true,"href":"https:\/\/sgvaimudar.com.br\/index.php\/wp-json\/wp\/v2\/categories?post=26979"},{"taxonomy":"post_tag","embeddable":true,"href":"https:\/\/sgvaimudar.com.br\/index.php\/wp-json\/wp\/v2\/tags?post=26979"}],"curies":[{"name":"wp","href":"https:\/\/api.w.org\/{rel}","templated":true}]}}