{"id":26950,"date":"2025-06-24T11:25:37","date_gmt":"2025-06-24T14:25:37","guid":{"rendered":"https:\/\/sgvaimudar.com.br\/?p=26950"},"modified":"2025-06-24T11:25:38","modified_gmt":"2025-06-24T14:25:38","slug":"juliana-marins-niteroiense-que-caiu-em-trilha-de-vulcao-na-indonesia-e-encontrada-sem-vida-diz-familia","status":"publish","type":"post","link":"https:\/\/sgvaimudar.com.br\/index.php\/2025\/06\/24\/juliana-marins-niteroiense-que-caiu-em-trilha-de-vulcao-na-indonesia-e-encontrada-sem-vida-diz-familia\/","title":{"rendered":"Juliana Marins, niteroiense que caiu em trilha de vulc\u00e3o na Indon\u00e9sia, \u00e9 encontrada sem vida, diz fam\u00edlia"},"content":{"rendered":"\n<p><em>Neste 4\u00ba dia de buscas, a equipe de resgate chegou a montar um acampamento avan\u00e7ado perto de onde ela estava no parque nacional. Fam\u00edlia reclamou da demora<\/em><\/p>\n\n\n\n<p>Juliana Marins, a brasileira de 26 anos que\u00a0no s\u00e1bado (21) caiu em penhasco de um vulc\u00e3o na trilha do Monte Rinjani, na Indon\u00e9sia, n\u00e3o resistiu. A informa\u00e7\u00e3o doi compartilhada pelo perfil criado pela fam\u00edlia no fim da manh\u00e3 desta ter\u00e7a-feira (24).<\/p>\n\n\n\n<p>\u201cHoje, a equipe de resgate conseguiu chegar at\u00e9 o local onde Juliana Marins estava.\u00a0Com imensa tristeza, informamos que ela n\u00e3o resistiu.\u00a0Seguimos muito gratos por todas as ora\u00e7\u00f5es, mensagens de carinho e apoio que temos recebido\u201d, escreveu a fam\u00edlia na postagem.<\/p>\n\n\n\n<figure class=\"wp-block-image size-large is-resized\"><img fetchpriority=\"high\" decoding=\"async\" width=\"768\" height=\"1024\" src=\"https:\/\/sgvaimudar.com.br\/wp-content\/uploads\/2025\/06\/Ate-agora-nao-recebemos-nenhuma-nota-oficial-nenhum-posicionamento-claro-do-Itamaraty-ou-da-Embaixada-do-Brasil-na-Indonesia-sobre-o-desaparecimento-e-o-estado-real-da-Juliana-no-vulcao-Rinjani.A-maior-parte-da-768x1024.jpg\" alt=\"\" class=\"wp-image-26859\" style=\"aspect-ratio:0.75;width:693px;height:auto\" srcset=\"https:\/\/sgvaimudar.com.br\/wp-content\/uploads\/2025\/06\/Ate-agora-nao-recebemos-nenhuma-nota-oficial-nenhum-posicionamento-claro-do-Itamaraty-ou-da-Embaixada-do-Brasil-na-Indonesia-sobre-o-desaparecimento-e-o-estado-real-da-Juliana-no-vulcao-Rinjani.A-maior-parte-da-768x1024.jpg 768w, https:\/\/sgvaimudar.com.br\/wp-content\/uploads\/2025\/06\/Ate-agora-nao-recebemos-nenhuma-nota-oficial-nenhum-posicionamento-claro-do-Itamaraty-ou-da-Embaixada-do-Brasil-na-Indonesia-sobre-o-desaparecimento-e-o-estado-real-da-Juliana-no-vulcao-Rinjani.A-maior-parte-da-225x300.jpg 225w, https:\/\/sgvaimudar.com.br\/wp-content\/uploads\/2025\/06\/Ate-agora-nao-recebemos-nenhuma-nota-oficial-nenhum-posicionamento-claro-do-Itamaraty-ou-da-Embaixada-do-Brasil-na-Indonesia-sobre-o-desaparecimento-e-o-estado-real-da-Juliana-no-vulcao-Rinjani.A-maior-parte-da.jpg 1080w\" sizes=\"(max-width: 768px) 100vw, 768px\" \/><\/figure>\n\n\n\n<p>Neste 4\u00ba dia de buscas, os socorristas chegaram a montar um acampamento avan\u00e7ado perto de onde ela estava no parque nacional. Um time de socorristas teve de descer o equivalente a um Corcovado pela encosta \u00edngreme para chegar at\u00e9 a jovem.<\/p>\n\n\n\n<p>Em atualiza\u00e7\u00e3o&#8230;<\/p>\n\n\n\n<p><strong><em>Fa\u00e7a sua den\u00fancia pelo nosso WhatsApp: (21) <\/em><\/strong><strong><em>99744 5345<\/em><\/strong><strong><em><\/em><\/strong><\/p>\n\n\n\n<p><strong><em>S\u00e3o Gon\u00e7alo vai mudar: Not\u00edcias de S\u00e3o Gon\u00e7alo e toda regi\u00e3o.<\/em><\/strong><\/p>\n\n\n\n<figure class=\"wp-block-image size-large\"><img decoding=\"async\" width=\"1024\" height=\"252\" src=\"https:\/\/sgvaimudar.com.br\/wp-content\/uploads\/2025\/03\/Anuncie-Aqui-Sao-Goncalo-vai-mudar-1024x252.jpg\" alt=\"\" class=\"wp-image-22693\" srcset=\"https:\/\/sgvaimudar.com.br\/wp-content\/uploads\/2025\/03\/Anuncie-Aqui-Sao-Goncalo-vai-mudar-1024x252.jpg 1024w, https:\/\/sgvaimudar.com.br\/wp-content\/uploads\/2025\/03\/Anuncie-Aqui-Sao-Goncalo-vai-mudar-300x74.jpg 300w, https:\/\/sgvaimudar.com.br\/wp-content\/uploads\/2025\/03\/Anuncie-Aqui-Sao-Goncalo-vai-mudar-768x189.jpg 768w, https:\/\/sgvaimudar.com.br\/wp-content\/uploads\/2025\/03\/Anuncie-Aqui-Sao-Goncalo-vai-mudar-1536x378.jpg 1536w, https:\/\/sgvaimudar.com.br\/wp-content\/uploads\/2025\/03\/Anuncie-Aqui-Sao-Goncalo-vai-mudar-2048x504.jpg 2048w\" sizes=\"(max-width: 1024px) 100vw, 1024px\" \/><\/figure>\n","protected":false},"excerpt":{"rendered":"<p>Neste 4\u00ba dia de buscas, a equipe de resgate chegou a montar um acampamento avan\u00e7ado perto de onde ela estava&hellip;<\/p>\n","protected":false},"author":5,"featured_media":26943,"comment_status":"open","ping_status":"open","sticky":false,"template":"","format":"standard","meta":{"fifu_image_url":"","fifu_image_alt":"","footnotes":""},"categories":[1],"tags":[],"class_list":["post-26950","post","type-post","status-publish","format-standard","has-post-thumbnail","hentry","category-mundo"],"_links":{"self":[{"href":"https:\/\/sgvaimudar.com.br\/index.php\/wp-json\/wp\/v2\/posts\/26950","targetHints":{"allow":["GET"]}}],"collection":[{"href":"https:\/\/sgvaimudar.com.br\/index.php\/wp-json\/wp\/v2\/posts"}],"about":[{"href":"https:\/\/sgvaimudar.com.br\/index.php\/wp-json\/wp\/v2\/types\/post"}],"author":[{"embeddable":true,"href":"https:\/\/sgvaimudar.com.br\/index.php\/wp-json\/wp\/v2\/users\/5"}],"replies":[{"embeddable":true,"href":"https:\/\/sgvaimudar.com.br\/index.php\/wp-json\/wp\/v2\/comments?post=26950"}],"version-history":[{"count":1,"href":"https:\/\/sgvaimudar.com.br\/index.php\/wp-json\/wp\/v2\/posts\/26950\/revisions"}],"predecessor-version":[{"id":26951,"href":"https:\/\/sgvaimudar.com.br\/index.php\/wp-json\/wp\/v2\/posts\/26950\/revisions\/26951"}],"wp:featuredmedia":[{"embeddable":true,"href":"https:\/\/sgvaimudar.com.br\/index.php\/wp-json\/wp\/v2\/media\/26943"}],"wp:attachment":[{"href":"https:\/\/sgvaimudar.com.br\/index.php\/wp-json\/wp\/v2\/media?parent=26950"}],"wp:term":[{"taxonomy":"category","embeddable":true,"href":"https:\/\/sgvaimudar.com.br\/index.php\/wp-json\/wp\/v2\/categories?post=26950"},{"taxonomy":"post_tag","embeddable":true,"href":"https:\/\/sgvaimudar.com.br\/index.php\/wp-json\/wp\/v2\/tags?post=26950"}],"curies":[{"name":"wp","href":"https:\/\/api.w.org\/{rel}","templated":true}]}}