{"id":26945,"date":"2025-06-24T21:00:00","date_gmt":"2025-06-25T00:00:00","guid":{"rendered":"https:\/\/sgvaimudar.com.br\/?p=26945"},"modified":"2025-06-24T10:46:10","modified_gmt":"2025-06-24T13:46:10","slug":"defesa-de-bolsonaro-pede-para-acompanhar-acareacao-entre-cid-e-braga-netto","status":"publish","type":"post","link":"https:\/\/sgvaimudar.com.br\/index.php\/2025\/06\/24\/defesa-de-bolsonaro-pede-para-acompanhar-acareacao-entre-cid-e-braga-netto\/","title":{"rendered":"Defesa de Bolsonaro pede para acompanhar acarea\u00e7\u00e3o entre Cid e Braga Netto"},"content":{"rendered":"\n<p><em>Audi\u00eancia foi realizada no STF; o encontro foi solicitado pelos advogados do general <\/em><\/p>\n\n\n\n<p>A defesa do ex-presidente Jair Bolsonaro (PL) pediu nesta 2\u00aa feira (23\/6) autoriza\u00e7\u00e3o para acompanhar a audi\u00eancia presencial de acarea\u00e7\u00e3o entre Mauro Cid, ex-ajudante de ordens, e o general Braga Netto, que foi realizada no STF (Supremo Tribunal Federal) nesta 3\u00aa feira (24.jun), \u00e0s 10h, na a\u00e7\u00e3o penal sobre a tentativa de golpe. <\/p>\n\n\n\n<p>Na peti\u00e7\u00e3o enviada ao ministro Alexandre de Moraes, a defesa disse que entrou em contato com o cerimonial da Corte e foi informada de que o acesso ser\u00e1 liberado s\u00f3 aos advogados dos r\u00e9us que ser\u00e3o acareados e n\u00e3o haver\u00e1 nenhum tipo de transmiss\u00e3o. <\/p>\n\n\n\n<p>\u201cTratando-se de ato de instru\u00e7\u00e3o probat\u00f3ria realizada no \u00e2mbito de a\u00e7\u00e3o penal, requer-se que seja garantido acesso \u00e0 audi\u00eancia ao subscritor da presente peti\u00e7\u00e3o, advogado constitu\u00eddo na presente a\u00e7\u00e3o penal, que ir\u00e1 se deslocar para Bras\u00edlia a fim de acompanhar presencialmente a audi\u00eancia designada\u201d, solicitou a defesa de Bolsonaro. A acarea\u00e7\u00e3o entre Cid e Braga Netto foi solicitada pela defesa do general. <\/p>\n\n\n\n<p>Os advogados sustentam que s\u00e3o necess\u00e1rios esclarecimentos sobre as acusa\u00e7\u00f5es de que o general discutiu o plano Punhal Verde e Amarelo \u2013 plano para matar autoridades e que teria entregue a Cid dinheiro em uma sacola de vinho.<\/p>\n\n\n\n<p>Ambos s\u00e3o r\u00e9us na a\u00e7\u00e3o penal. Cid assinou acordo de dela\u00e7\u00e3o premiada com a PF (Pol\u00edcia Federal) e tamb\u00e9m est\u00e1 na condi\u00e7\u00e3o de delator. No in\u00edcio deste m\u00eas, Braga Netto foi interrogado por Moraes e negou ter conhecimento do Punhal Verde Amarelo e de ter repassado ao tenente-coronel dinheiro dentro de uma sacola de vinho para que fosse entregue a militares que faziam parte do esquadr\u00e3o de elite do Ex\u00e9rcito, chamados de \u201ckids-pretos\u201d.<\/p>\n\n\n\n<p>O general est\u00e1 preso desde dezembro do ano passado sob a acusa\u00e7\u00e3o de obstruir a investiga\u00e7\u00e3o sobre a tentativa de golpe de Estado e tentar obter detalhes dos depoimentos de dela\u00e7\u00e3o de Cid.<\/p>\n\n\n\n<p>Moraes tamb\u00e9m autorizou uma acarea\u00e7\u00e3o entre Anderson Torres, ex-ministro da Justi\u00e7a e ex-secret\u00e1rio de Seguran\u00e7a P\u00fablica do Distrito Federal, e o ex-comandante do Ex\u00e9rcito, general Freire Gomes. <\/p>\n\n\n\n<p>A audi\u00eancia foi realizada \u00e0s 11h, depois da audi\u00eancia entre Cid e Braga Netto. Torres tamb\u00e9m \u00e9 um dos r\u00e9us do n\u00facleo 1. Segundo a defesa, a acarea\u00e7\u00e3o \u00e9 necess\u00e1ria para esclarecer contradi\u00e7\u00f5es nos depoimentos do general \u00e0 Pol\u00edcia Federal durante as investiga\u00e7\u00f5es. <\/p>\n\n\n\n<p>Gomes foi ouvido como testemunha e estava na reuni\u00e3o na qual Bolsonaro teria apresentado estudos para sugerir a ades\u00e3o das For\u00e7as Armadas \u00e0 tentativa de golpe, em 2022.<\/p>\n\n\n\n<p><em>Fonte Ag\u00eancia Brasil<\/em><\/p>\n\n\n\n<p><strong><em>S\u00e3o Gon\u00e7alo vai mudar: Not\u00edcias de S\u00e3o Gon\u00e7alo e toda regi\u00e3o.<\/em><\/strong><\/p>\n\n\n\n<figure class=\"wp-block-image size-large\"><img fetchpriority=\"high\" decoding=\"async\" width=\"1024\" height=\"252\" src=\"https:\/\/sgvaimudar.com.br\/wp-content\/uploads\/2025\/03\/Anuncie-Aqui-Sao-Goncalo-vai-mudar-1024x252.jpg\" alt=\"\" class=\"wp-image-22693\" srcset=\"https:\/\/sgvaimudar.com.br\/wp-content\/uploads\/2025\/03\/Anuncie-Aqui-Sao-Goncalo-vai-mudar-1024x252.jpg 1024w, https:\/\/sgvaimudar.com.br\/wp-content\/uploads\/2025\/03\/Anuncie-Aqui-Sao-Goncalo-vai-mudar-300x74.jpg 300w, https:\/\/sgvaimudar.com.br\/wp-content\/uploads\/2025\/03\/Anuncie-Aqui-Sao-Goncalo-vai-mudar-768x189.jpg 768w, https:\/\/sgvaimudar.com.br\/wp-content\/uploads\/2025\/03\/Anuncie-Aqui-Sao-Goncalo-vai-mudar-1536x378.jpg 1536w, https:\/\/sgvaimudar.com.br\/wp-content\/uploads\/2025\/03\/Anuncie-Aqui-Sao-Goncalo-vai-mudar-2048x504.jpg 2048w\" sizes=\"(max-width: 1024px) 100vw, 1024px\" \/><\/figure>\n\n\n\n<p><\/p>\n\n\n\n<p><\/p>\n\n\n\n<p><\/p>\n\n\n\n<p><\/p>\n\n\n\n<p><\/p>\n\n\n\n<p><\/p>\n","protected":false},"excerpt":{"rendered":"<p>Audi\u00eancia foi realizada no STF; o encontro foi solicitado pelos advogados do general A defesa do ex-presidente Jair Bolsonaro (PL)&hellip;<\/p>\n","protected":false},"author":5,"featured_media":26946,"comment_status":"open","ping_status":"open","sticky":false,"template":"","format":"standard","meta":{"fifu_image_url":"","fifu_image_alt":"","footnotes":""},"categories":[4],"tags":[],"class_list":["post-26945","post","type-post","status-publish","format-standard","has-post-thumbnail","hentry","category-brasil"],"_links":{"self":[{"href":"https:\/\/sgvaimudar.com.br\/index.php\/wp-json\/wp\/v2\/posts\/26945","targetHints":{"allow":["GET"]}}],"collection":[{"href":"https:\/\/sgvaimudar.com.br\/index.php\/wp-json\/wp\/v2\/posts"}],"about":[{"href":"https:\/\/sgvaimudar.com.br\/index.php\/wp-json\/wp\/v2\/types\/post"}],"author":[{"embeddable":true,"href":"https:\/\/sgvaimudar.com.br\/index.php\/wp-json\/wp\/v2\/users\/5"}],"replies":[{"embeddable":true,"href":"https:\/\/sgvaimudar.com.br\/index.php\/wp-json\/wp\/v2\/comments?post=26945"}],"version-history":[{"count":1,"href":"https:\/\/sgvaimudar.com.br\/index.php\/wp-json\/wp\/v2\/posts\/26945\/revisions"}],"predecessor-version":[{"id":26947,"href":"https:\/\/sgvaimudar.com.br\/index.php\/wp-json\/wp\/v2\/posts\/26945\/revisions\/26947"}],"wp:featuredmedia":[{"embeddable":true,"href":"https:\/\/sgvaimudar.com.br\/index.php\/wp-json\/wp\/v2\/media\/26946"}],"wp:attachment":[{"href":"https:\/\/sgvaimudar.com.br\/index.php\/wp-json\/wp\/v2\/media?parent=26945"}],"wp:term":[{"taxonomy":"category","embeddable":true,"href":"https:\/\/sgvaimudar.com.br\/index.php\/wp-json\/wp\/v2\/categories?post=26945"},{"taxonomy":"post_tag","embeddable":true,"href":"https:\/\/sgvaimudar.com.br\/index.php\/wp-json\/wp\/v2\/tags?post=26945"}],"curies":[{"name":"wp","href":"https:\/\/api.w.org\/{rel}","templated":true}]}}