{"id":26939,"date":"2025-06-24T17:00:00","date_gmt":"2025-06-24T20:00:00","guid":{"rendered":"https:\/\/sgvaimudar.com.br\/?p=26939"},"modified":"2025-06-24T10:20:42","modified_gmt":"2025-06-24T13:20:42","slug":"mprj-firma-acordo-com-rodrigo-neves-para-combater-ocupacoes-irregulares","status":"publish","type":"post","link":"https:\/\/sgvaimudar.com.br\/index.php\/2025\/06\/24\/mprj-firma-acordo-com-rodrigo-neves-para-combater-ocupacoes-irregulares\/","title":{"rendered":"MPRJ firma acordo com Rodrigo Neves para combater ocupa\u00e7\u00f5es irregulares"},"content":{"rendered":"\n<p><em>Autoridades se comprometeram a enfrentar um grave problema urbano<\/em><\/p>\n\n\n\n<p>O Minist\u00e9rio P\u00fablico do Estado do Rio de Janeiro (MPRJ) firmou, na quarta-feira (18\/06), um acordo de coopera\u00e7\u00e3o t\u00e9cnica, com o munic\u00edpio de Niter\u00f3i, para o interc\u00e2mbio de informa\u00e7\u00f5es relacionadas ao combate a ocupa\u00e7\u00f5es e constru\u00e7\u00f5es irregulares na cidade. O acordo foi assinado pelo procurador-geral de Justi\u00e7a, Antonio Jos\u00e9 Campos Moreira, e pelo prefeito de Niter\u00f3i, Rodrigo Neves.<\/p>\n\n\n\n<p>\u201cEsse \u00e9 um acordo de extrema import\u00e2ncia porque aproxima o MPRJ e a prefeitura de Niter\u00f3i no enfrentamento de um grave problema urbano, que \u00e9 a ocupa\u00e7\u00e3o irregular do solo, principalmente em \u00e1reas de prote\u00e7\u00e3o ambiental. Acreditamos que ele possa produzir excelentes resultados em favor da sociedade e frear o avan\u00e7o da criminalidade, uma vez que, por tr\u00e1s da ocupa\u00e7\u00e3o irregular, s\u00e3o criados locais dominados por delinquentes\u201d, destacou Antonio Jos\u00e9 Campos Moreira.<\/p>\n\n\n\n<p>O acordo, que ter\u00e1 validade de cinco anos, prev\u00ea a uni\u00e3o de a\u00e7\u00f5es para prevenir o avan\u00e7o do crime organizado, atrav\u00e9s da troca de informa\u00e7\u00f5es, elementos, materiais e outros dados, em especial os encontrados pelo munic\u00edpio em opera\u00e7\u00f5es de ordenamento urbano e combate a ocupa\u00e7\u00f5es e constru\u00e7\u00f5es ilegais, estando ou n\u00e3o em \u00e1reas de prote\u00e7\u00e3o ambiental.<\/p>\n\n\n\n<p>Entre os objetivos est\u00e1 o de identificar \u00e1reas de ocupa\u00e7\u00e3o irregular do solo urbano, muitas vezes ocupadas pela criminalidade organizada, e dar celeridade e efetividade \u00e0s a\u00e7\u00f5es de preven\u00e7\u00e3o e repress\u00e3o a crimes ambientais e outras infra\u00e7\u00f5es \u00e0 legisla\u00e7\u00e3o urban\u00edstico-ambiental.<\/p>\n\n\n\n<p>Al\u00e9m disso, o acordo prev\u00ea apoio operacional rec\u00edproco para a execu\u00e7\u00e3o de opera\u00e7\u00f5es de demoli\u00e7\u00e3o, o compartilhamento de ferramentas aplicadas \u00e0 obten\u00e7\u00e3o, reuni\u00e3o, an\u00e1lise e difus\u00e3o de dados, e o estabelecimento de rotinas e procedimentos padronizados de atua\u00e7\u00e3o.<\/p>\n\n\n\n<p>Para o prefeito de Niter\u00f3i, o acordo aperfei\u00e7oa a capacidade de a\u00e7\u00e3o do poder p\u00fablico. \u201cAcreditamos que esse acordo vai servir para proteger ainda mais a cidade e os cidad\u00e3os. Niter\u00f3i vem enfrentando, ao longo dos anos, o crime organizado e a ocupa\u00e7\u00e3o desordenada de \u00e1reas de preserva\u00e7\u00e3o ambiental, mas a coopera\u00e7\u00e3o com o MPRJ eleva e amplia nossa capacidade de a\u00e7\u00e3o\u201d, afirmou Rodrigo Neves.<\/p>\n\n\n\n<p>Pelo MPRJ, tamb\u00e9m participaram da assinatura do acordo o subprocurador-geral de Justi\u00e7a de Atua\u00e7\u00e3o Especializada, Cl\u00e1udio Varela, o subprocurador-geral de Justi\u00e7a de Administra\u00e7\u00e3o, Eduardo Lima Neto, o coordenador do Grupo de Atua\u00e7\u00e3o Especializada em Meio Ambiente (GAEMA\/MPRJ), Jos\u00e9 Alexandre Maximino, o subcoordenador criminal do GAEMA\/MPRJ, Leonardo Cu\u00f1a, o chefe de Gabinete, Guilherme Schueler, e a assessora da chefia de Gabinete, Carina Senna.<\/p>\n\n\n\n<p>Pela prefeitura de Niter\u00f3i, estiveram presentes a vice-prefeita, Isabel Swan, a secret\u00e1ria da Mulher, Thaiana Ivia, o procurador-geral do munic\u00edpio, T\u00e9cio Lins e Silva, o subprocurador-geral do munic\u00edpio, Francisco Miguel Soares, e a assessora especial, Marina Peluso Teixeira.<\/p>\n\n\n\n<p><strong><em>Fa\u00e7a sua den\u00fancia pelo nosso WhatsApp: (21) <\/em><\/strong><strong><em>99744 5345<\/em><\/strong><strong><em><\/em><\/strong><\/p>\n\n\n\n<p><strong><em>S\u00e3o Gon\u00e7alo vai mudar: Not\u00edcias de S\u00e3o Gon\u00e7alo e toda regi\u00e3o.<\/em><\/strong><\/p>\n\n\n\n<figure class=\"wp-block-image size-large\"><img fetchpriority=\"high\" decoding=\"async\" width=\"1024\" height=\"252\" src=\"https:\/\/sgvaimudar.com.br\/wp-content\/uploads\/2025\/03\/Anuncie-Aqui-Sao-Goncalo-vai-mudar-1024x252.jpg\" alt=\"\" class=\"wp-image-22693\" srcset=\"https:\/\/sgvaimudar.com.br\/wp-content\/uploads\/2025\/03\/Anuncie-Aqui-Sao-Goncalo-vai-mudar-1024x252.jpg 1024w, https:\/\/sgvaimudar.com.br\/wp-content\/uploads\/2025\/03\/Anuncie-Aqui-Sao-Goncalo-vai-mudar-300x74.jpg 300w, https:\/\/sgvaimudar.com.br\/wp-content\/uploads\/2025\/03\/Anuncie-Aqui-Sao-Goncalo-vai-mudar-768x189.jpg 768w, https:\/\/sgvaimudar.com.br\/wp-content\/uploads\/2025\/03\/Anuncie-Aqui-Sao-Goncalo-vai-mudar-1536x378.jpg 1536w, https:\/\/sgvaimudar.com.br\/wp-content\/uploads\/2025\/03\/Anuncie-Aqui-Sao-Goncalo-vai-mudar-2048x504.jpg 2048w\" sizes=\"(max-width: 1024px) 100vw, 1024px\" \/><\/figure>\n","protected":false},"excerpt":{"rendered":"<p>Autoridades se comprometeram a enfrentar um grave problema urbano O Minist\u00e9rio P\u00fablico do Estado do Rio de Janeiro (MPRJ) firmou,&hellip;<\/p>\n","protected":false},"author":5,"featured_media":26940,"comment_status":"open","ping_status":"open","sticky":false,"template":"","format":"standard","meta":{"fifu_image_url":"","fifu_image_alt":"","footnotes":""},"categories":[34],"tags":[41,47],"class_list":["post-26939","post","type-post","status-publish","format-standard","has-post-thumbnail","hentry","category-niteroi","tag-conflito","tag-rj"],"_links":{"self":[{"href":"https:\/\/sgvaimudar.com.br\/index.php\/wp-json\/wp\/v2\/posts\/26939","targetHints":{"allow":["GET"]}}],"collection":[{"href":"https:\/\/sgvaimudar.com.br\/index.php\/wp-json\/wp\/v2\/posts"}],"about":[{"href":"https:\/\/sgvaimudar.com.br\/index.php\/wp-json\/wp\/v2\/types\/post"}],"author":[{"embeddable":true,"href":"https:\/\/sgvaimudar.com.br\/index.php\/wp-json\/wp\/v2\/users\/5"}],"replies":[{"embeddable":true,"href":"https:\/\/sgvaimudar.com.br\/index.php\/wp-json\/wp\/v2\/comments?post=26939"}],"version-history":[{"count":1,"href":"https:\/\/sgvaimudar.com.br\/index.php\/wp-json\/wp\/v2\/posts\/26939\/revisions"}],"predecessor-version":[{"id":26941,"href":"https:\/\/sgvaimudar.com.br\/index.php\/wp-json\/wp\/v2\/posts\/26939\/revisions\/26941"}],"wp:featuredmedia":[{"embeddable":true,"href":"https:\/\/sgvaimudar.com.br\/index.php\/wp-json\/wp\/v2\/media\/26940"}],"wp:attachment":[{"href":"https:\/\/sgvaimudar.com.br\/index.php\/wp-json\/wp\/v2\/media?parent=26939"}],"wp:term":[{"taxonomy":"category","embeddable":true,"href":"https:\/\/sgvaimudar.com.br\/index.php\/wp-json\/wp\/v2\/categories?post=26939"},{"taxonomy":"post_tag","embeddable":true,"href":"https:\/\/sgvaimudar.com.br\/index.php\/wp-json\/wp\/v2\/tags?post=26939"}],"curies":[{"name":"wp","href":"https:\/\/api.w.org\/{rel}","templated":true}]}}