{"id":26936,"date":"2025-06-24T15:00:00","date_gmt":"2025-06-24T18:00:00","guid":{"rendered":"https:\/\/sgvaimudar.com.br\/?p=26936"},"modified":"2025-06-24T10:10:37","modified_gmt":"2025-06-24T13:10:37","slug":"governador-em-exercicio-sanciona-lei-que-dispensa-pagamento-antecipado-de-taxa-judiciaria-em-cobranca-de-honorarios","status":"publish","type":"post","link":"https:\/\/sgvaimudar.com.br\/index.php\/2025\/06\/24\/governador-em-exercicio-sanciona-lei-que-dispensa-pagamento-antecipado-de-taxa-judiciaria-em-cobranca-de-honorarios\/","title":{"rendered":"Governador em exerc\u00edcio sanciona lei que dispensa pagamento antecipado de taxa judici\u00e1ria em cobran\u00e7a de honor\u00e1rios"},"content":{"rendered":"\n<p><em>A nova medida vale para honor\u00e1rios contratuais ou sucumb\u00eanciais, e abrange todas as fases do processo no \u00e2mbito da Justi\u00e7a Estadual<br><\/em><br>O governador em exerc\u00edcio Rodrigo Bacellar do Rio de Janeiro, sancionou, nesta segunda-feira (23\/06), uma lei, publicada em edi\u00e7\u00e3o extra do Di\u00e1rio Oficial, que dispensa o pagamento antecipado da taxa judici\u00e1ria por advogados regularmente inscritos na OAB-RJ e que entrarem com a\u00e7\u00f5es de cobran\u00e7a ou execu\u00e7\u00e3o de honor\u00e1rios, no \u00e2mbito da Justi\u00e7a Estadual. <\/p>\n\n\n\n<p>A san\u00e7\u00e3o da nova lei foi acompanhada pela presidente da Ordem, Ana Tereza Bas\u00edlio; al\u00e9m do secret\u00e1rio\u00a0da Casa Civil, Nicola Miccione, e do secret\u00e1rio de Governo, Andr\u00e9 Moura.<\/p>\n\n\n\n<p>\u2013 Tive a oportunidade de presidir a vota\u00e7\u00e3o desse projeto na Alerj, e agora de sancion\u00e1-lo como governador em exerc\u00edcio.&nbsp;O pagamento da taxa judici\u00e1ria para o ajuizamento dessas a\u00e7\u00f5es imp\u00f5e \u00f4nus excessivo aos profissionais, especialmente \u00e0queles em in\u00edcio de carreira, dificultando o acesso \u00e0 Justi\u00e7a e a efetiva\u00e7\u00e3o de seus direitos. A san\u00e7\u00e3o dessa medida \u00e9 uma defesa dos direitos dos advogados e advogadas \u2013 destacou Bacellar.<\/p>\n\n\n\n<p>A nova Lei 10.816\/2025 \u00e9 oriunda do Projeto de Lei 5.512\/25, que foi aprovado na Alerj no dia 10 de junho. A medida vale para honor\u00e1rios contratuais ou sucumb\u00eanciais, e abrange todas as fases do processo, inclusive recursos e incidentes processuais. Ainda de acordo com o texto da norma, \u00e9 permitido que o pagamento da taxa seja realizado apenas ao final da a\u00e7\u00e3o, poupando o profissional do desembolso imediato. A dispensa n\u00e3o impede a condena\u00e7\u00e3o da parte vencida ao pagamento da taxa judici\u00e1ria e das despesas processuais.<\/p>\n\n\n\n<p>\u2013 \u00c9 um dia hist\u00f3rico para a advocacia. Estamos nos sentindo muito prestigiados e valorizados, a&nbsp;advocacia precisa dessas medidas, sobretudo no interior, onde muitas vezes os profissionais s\u00e3o afetados por falta de recursos. Esse \u00e9 um grande incentivo para n\u00f3s, uma verdadeira conquista \u2013 celebrou a presidente da OAB, Ana Tereza Bas\u00edlio.&nbsp;<\/p>\n\n\n\n<p>Tamb\u00e9m participaram da reuni\u00e3o o procurador da Alerj, Robson Maciel; al\u00e9m de representantes da OAB.<\/p>\n\n\n\n<p><em>Foto: Rafael Campos<\/em><\/p>\n\n\n\n<p><strong><em>S\u00e3o Gon\u00e7alo vai mudar: Not\u00edcias de S\u00e3o Gon\u00e7alo e toda regi\u00e3o.<\/em><\/strong><\/p>\n\n\n\n<figure class=\"wp-block-image size-large\"><img fetchpriority=\"high\" decoding=\"async\" width=\"722\" height=\"1024\" src=\"https:\/\/sgvaimudar.com.br\/wp-content\/uploads\/2023\/10\/Anuncie-aqui-a5-722x1024.png\" alt=\"\" class=\"wp-image-3623\" srcset=\"https:\/\/sgvaimudar.com.br\/wp-content\/uploads\/2023\/10\/Anuncie-aqui-a5-722x1024.png 722w, https:\/\/sgvaimudar.com.br\/wp-content\/uploads\/2023\/10\/Anuncie-aqui-a5-212x300.png 212w, https:\/\/sgvaimudar.com.br\/wp-content\/uploads\/2023\/10\/Anuncie-aqui-a5-768x1089.png 768w, https:\/\/sgvaimudar.com.br\/wp-content\/uploads\/2023\/10\/Anuncie-aqui-a5-1083x1536.png 1083w, https:\/\/sgvaimudar.com.br\/wp-content\/uploads\/2023\/10\/Anuncie-aqui-a5-1444x2048.png 1444w, https:\/\/sgvaimudar.com.br\/wp-content\/uploads\/2023\/10\/Anuncie-aqui-a5.png 1750w\" sizes=\"(max-width: 722px) 100vw, 722px\" \/><\/figure>\n","protected":false},"excerpt":{"rendered":"<p>A nova medida vale para honor\u00e1rios contratuais ou sucumb\u00eanciais, e abrange todas as fases do processo no \u00e2mbito da Justi\u00e7a&hellip;<\/p>\n","protected":false},"author":5,"featured_media":26937,"comment_status":"open","ping_status":"open","sticky":false,"template":"","format":"standard","meta":{"fifu_image_url":"","fifu_image_alt":"","footnotes":""},"categories":[4],"tags":[47],"class_list":["post-26936","post","type-post","status-publish","format-standard","has-post-thumbnail","hentry","category-brasil","tag-rj"],"_links":{"self":[{"href":"https:\/\/sgvaimudar.com.br\/index.php\/wp-json\/wp\/v2\/posts\/26936","targetHints":{"allow":["GET"]}}],"collection":[{"href":"https:\/\/sgvaimudar.com.br\/index.php\/wp-json\/wp\/v2\/posts"}],"about":[{"href":"https:\/\/sgvaimudar.com.br\/index.php\/wp-json\/wp\/v2\/types\/post"}],"author":[{"embeddable":true,"href":"https:\/\/sgvaimudar.com.br\/index.php\/wp-json\/wp\/v2\/users\/5"}],"replies":[{"embeddable":true,"href":"https:\/\/sgvaimudar.com.br\/index.php\/wp-json\/wp\/v2\/comments?post=26936"}],"version-history":[{"count":1,"href":"https:\/\/sgvaimudar.com.br\/index.php\/wp-json\/wp\/v2\/posts\/26936\/revisions"}],"predecessor-version":[{"id":26938,"href":"https:\/\/sgvaimudar.com.br\/index.php\/wp-json\/wp\/v2\/posts\/26936\/revisions\/26938"}],"wp:featuredmedia":[{"embeddable":true,"href":"https:\/\/sgvaimudar.com.br\/index.php\/wp-json\/wp\/v2\/media\/26937"}],"wp:attachment":[{"href":"https:\/\/sgvaimudar.com.br\/index.php\/wp-json\/wp\/v2\/media?parent=26936"}],"wp:term":[{"taxonomy":"category","embeddable":true,"href":"https:\/\/sgvaimudar.com.br\/index.php\/wp-json\/wp\/v2\/categories?post=26936"},{"taxonomy":"post_tag","embeddable":true,"href":"https:\/\/sgvaimudar.com.br\/index.php\/wp-json\/wp\/v2\/tags?post=26936"}],"curies":[{"name":"wp","href":"https:\/\/api.w.org\/{rel}","templated":true}]}}