{"id":26933,"date":"2025-06-24T14:00:00","date_gmt":"2025-06-24T17:00:00","guid":{"rendered":"https:\/\/sgvaimudar.com.br\/?p=26933"},"modified":"2025-06-24T10:03:37","modified_gmt":"2025-06-24T13:03:37","slug":"policia-militar-prende-acusado-de-trafico-de-drogas-em-rio-bonito","status":"publish","type":"post","link":"https:\/\/sgvaimudar.com.br\/index.php\/2025\/06\/24\/policia-militar-prende-acusado-de-trafico-de-drogas-em-rio-bonito\/","title":{"rendered":"Pol\u00edcia Militar prende acusado de tr\u00e1fico de drogas em Rio Bonito"},"content":{"rendered":"\n<p><em>O envolvido identificado como Carlos Allan da Concei\u00e7\u00e3o Leal foi preso e encaminhado para a 119\u00aa Delegacia de Pol\u00edcia, uma quantidade de drogas tamb\u00e9m foi apreendida<\/em><\/p>\n\n\n\n<p>Os policiais militares do Patamo (Patrulhamento T\u00e1tico M\u00f3vel) da 3\u00aa CIA do 35\u00ba BPM prenderam na noite desta segunda-feira (23\/6) um acusado de tr\u00e1fico de drogas respons\u00e1vel por comercializar entorpecentes na Comunidade da Mangueira, em Rio Bonito.<\/p>\n\n\n\n<p><strong>DIN\u00c2MICA <\/strong>&#8211; Segundo relatos da guarni\u00e7\u00e3o, uma equipe estava em patrulhamento, juntamente com o RAS XIII, quando recebeu a informa\u00e7\u00e3o de que criminosos estariam na pr\u00e1tica de tr\u00e1fico de drogas na Estrada Velha da Posse.<\/p>\n\n\n\n<p>Na a\u00e7\u00e3o, os agentes visualizaram Carlos Allan com uma sacola na m\u00e3o que ao avistar a viatura tentou fugir. No entanto, ap\u00f3s realizar buscas os policiais detiveram o acusado que estava escondido atr\u00e1s de uma garagem e junto dele os agentes encontraram uma sacola contendo um celular, R$ 146,00 em esp\u00e9cie, 65 pinos de coca\u00edna, 13 tiras de maconha, 20 pedras de crack e tr\u00eas frascos de lol\u00f3.<\/p>\n\n\n\n<p>Ap\u00f3s a abordagem os policiais procederam de imediato para 119\u00aa DP para aprecia\u00e7\u00e3o da autoridade policial.<\/p>\n\n\n\n<p><strong><em>Fa\u00e7a sua den\u00fancia pelo nosso WhatsApp: (21) <\/em><\/strong><strong><em>99744 5345<\/em><\/strong><strong><em><\/em><\/strong><\/p>\n\n\n\n<p><strong><em>S\u00e3o Gon\u00e7alo vai mudar: Not\u00edcias de S\u00e3o Gon\u00e7alo e toda regi\u00e3o.<\/em><\/strong><\/p>\n\n\n\n<figure class=\"wp-block-image size-large\"><img fetchpriority=\"high\" decoding=\"async\" width=\"1024\" height=\"252\" src=\"https:\/\/sgvaimudar.com.br\/wp-content\/uploads\/2025\/03\/Anuncie-Aqui-Sao-Goncalo-vai-mudar-1024x252.jpg\" alt=\"\" class=\"wp-image-22693\" srcset=\"https:\/\/sgvaimudar.com.br\/wp-content\/uploads\/2025\/03\/Anuncie-Aqui-Sao-Goncalo-vai-mudar-1024x252.jpg 1024w, https:\/\/sgvaimudar.com.br\/wp-content\/uploads\/2025\/03\/Anuncie-Aqui-Sao-Goncalo-vai-mudar-300x74.jpg 300w, https:\/\/sgvaimudar.com.br\/wp-content\/uploads\/2025\/03\/Anuncie-Aqui-Sao-Goncalo-vai-mudar-768x189.jpg 768w, https:\/\/sgvaimudar.com.br\/wp-content\/uploads\/2025\/03\/Anuncie-Aqui-Sao-Goncalo-vai-mudar-1536x378.jpg 1536w, https:\/\/sgvaimudar.com.br\/wp-content\/uploads\/2025\/03\/Anuncie-Aqui-Sao-Goncalo-vai-mudar-2048x504.jpg 2048w\" sizes=\"(max-width: 1024px) 100vw, 1024px\" \/><\/figure>\n","protected":false},"excerpt":{"rendered":"<p>O envolvido identificado como Carlos Allan da Concei\u00e7\u00e3o Leal foi preso e encaminhado para a 119\u00aa Delegacia de Pol\u00edcia, uma&hellip;<\/p>\n","protected":false},"author":5,"featured_media":26934,"comment_status":"open","ping_status":"open","sticky":false,"template":"","format":"standard","meta":{"fifu_image_url":"","fifu_image_alt":"","footnotes":""},"categories":[32],"tags":[41,40,47],"class_list":["post-26933","post","type-post","status-publish","format-standard","has-post-thumbnail","hentry","category-casos-de-policia","tag-conflito","tag-guerra","tag-rj"],"_links":{"self":[{"href":"https:\/\/sgvaimudar.com.br\/index.php\/wp-json\/wp\/v2\/posts\/26933","targetHints":{"allow":["GET"]}}],"collection":[{"href":"https:\/\/sgvaimudar.com.br\/index.php\/wp-json\/wp\/v2\/posts"}],"about":[{"href":"https:\/\/sgvaimudar.com.br\/index.php\/wp-json\/wp\/v2\/types\/post"}],"author":[{"embeddable":true,"href":"https:\/\/sgvaimudar.com.br\/index.php\/wp-json\/wp\/v2\/users\/5"}],"replies":[{"embeddable":true,"href":"https:\/\/sgvaimudar.com.br\/index.php\/wp-json\/wp\/v2\/comments?post=26933"}],"version-history":[{"count":1,"href":"https:\/\/sgvaimudar.com.br\/index.php\/wp-json\/wp\/v2\/posts\/26933\/revisions"}],"predecessor-version":[{"id":26935,"href":"https:\/\/sgvaimudar.com.br\/index.php\/wp-json\/wp\/v2\/posts\/26933\/revisions\/26935"}],"wp:featuredmedia":[{"embeddable":true,"href":"https:\/\/sgvaimudar.com.br\/index.php\/wp-json\/wp\/v2\/media\/26934"}],"wp:attachment":[{"href":"https:\/\/sgvaimudar.com.br\/index.php\/wp-json\/wp\/v2\/media?parent=26933"}],"wp:term":[{"taxonomy":"category","embeddable":true,"href":"https:\/\/sgvaimudar.com.br\/index.php\/wp-json\/wp\/v2\/categories?post=26933"},{"taxonomy":"post_tag","embeddable":true,"href":"https:\/\/sgvaimudar.com.br\/index.php\/wp-json\/wp\/v2\/tags?post=26933"}],"curies":[{"name":"wp","href":"https:\/\/api.w.org\/{rel}","templated":true}]}}