{"id":26928,"date":"2025-06-24T19:00:00","date_gmt":"2025-06-24T22:00:00","guid":{"rendered":"https:\/\/sgvaimudar.com.br\/?p=26928"},"modified":"2025-06-24T10:34:05","modified_gmt":"2025-06-24T13:34:05","slug":"primeira-turma-de-medicina-do-passaporte-universitario-e-formada-em-marica","status":"publish","type":"post","link":"https:\/\/sgvaimudar.com.br\/index.php\/2025\/06\/24\/primeira-turma-de-medicina-do-passaporte-universitario-e-formada-em-marica\/","title":{"rendered":"Primeira turma de Medicina do Passaporte Universit\u00e1rio \u00e9 formada em Maric\u00e1"},"content":{"rendered":"\n<p><em>Cerim\u00f4nia reuniu 31 estudantes maricaenses formados pelo programa que oferece acesso gratuito ao ensino superior<\/em><\/p>\n\n\n\n<p>A Prefeitura de Maric\u00e1, por meio da Secretaria de Educa\u00e7\u00e3o, realizou nesta segunda-feira (23\/06) a cerim\u00f4nia de formatura da primeira turma de Medicina do Programa Passaporte Universit\u00e1rio. <\/p>\n\n\n\n<p>O evento aconteceu no sal\u00e3o nobre do Clube Comary, em Teres\u00f3polis, na Regi\u00e3o Serrana do Rio de Janeiro, e reuniu 91 formandos do curso de Medicina do Centro Universit\u00e1rio Serra dos \u00d3rg\u00e3os (Unifeso) &#8211; sendo 31 deles bolsistas do programa municipal.<\/p>\n\n\n\n<p>O secret\u00e1rio de Educa\u00e7\u00e3o, Rodrigo Moura, celebrou o momento como uma conquista coletiva da cidade. \u201cHoje foi uma manh\u00e3 emocionante, porque estamos formando a primeira turma do curso de Medicina do programa Passaporte Universit\u00e1rio. \u00c9 um momento feliz e de comemora\u00e7\u00e3o para a nossa cidade. Maric\u00e1 est\u00e1 investindo na Educa\u00e7\u00e3o como um caminho de transforma\u00e7\u00e3o social\u201d, declarou.<\/p>\n\n\n\n<p>Para os formandos, o momento tamb\u00e9m foi de emo\u00e7\u00e3o e gratid\u00e3o. Gabriele de Freitas, de 26 anos, destacou a import\u00e2ncia do programa da Prefeitura. \u201c\u00c9 indescrit\u00edvel o que estamos sentindo hoje. Se n\u00e3o fosse o Passaporte Universit\u00e1rio, com certeza n\u00e3o estaria realizando meu sonho de ser m\u00e9dica\u201d, disse.<\/p>\n\n\n\n<p>Moradora do bairro Ponta Grossa, Luana Machado Fonseca, de 29 anos, relembrou das dificuldades at\u00e9 conseguir ingressar no curso superior. \u201cTentei vestibular por seis anos. Medicina era um sonho distante, mas o Passaporte Universit\u00e1rio permitiu que ele se tornasse realidade. \u00c9 o dia mais feliz da minha vida\u201d, comemorou.<\/p>\n\n\n\n<p>O sentimento foi compartilhado pelos familiares. S\u00f4nia Henrique, de 63 anos, m\u00e3e do formando Murilo Henrique, relembrou a trajet\u00f3ria do filho e tamb\u00e9m destacou sua pr\u00f3pria conquista. \u201cMe formei em Psicologia pelo Passaporte h\u00e1 um ano. Esse programa \u00e9 um sonho realizado para pais e filhos que n\u00e3o tiveram acesso ao ensino superior antes\u201d, disse.<\/p>\n\n\n\n<p>A vereadora Adriana Costa, idealizadora do programa quando esteve \u00e0 frente da Secretaria de Educa\u00e7\u00e3o, destacou o impacto do investimento p\u00fablico. \u201cUma semente foi plantada e regada com muito cuidado. Hoje estamos colhendo os frutos de uma das profiss\u00f5es mais dif\u00edceis e caras de se cursar. O Passaporte Universit\u00e1rio veio para democratizar o acesso ao ensino superior e permitir que a popula\u00e7\u00e3o mais carente tamb\u00e9m possa sonhar alto\u201d, afirmou.<\/p>\n\n\n\n<p>Professor da Unifeso, S\u00e9rgio Sgaraglia, ressaltou relev\u00e2ncia social do projeto. \u201cEsse projeto foi inovador. \u00c9 uma alegria ver tantos jovens realizando esse sonho com apoio de uma pol\u00edtica p\u00fablica bem estruturada\u201d, declarou.<\/p>\n\n\n\n<p><strong>Refer\u00eancia nacional<\/strong><\/p>\n\n\n\n<p>A formatura da primeira turma de Medicina representa um marco na hist\u00f3ria do programa, que tem como objetivo garantir o acesso \u00e0 educa\u00e7\u00e3o de qualidade e promover inclus\u00e3o social por meio da forma\u00e7\u00e3o profissional. Desde sua cria\u00e7\u00e3o, o Passaporte Universit\u00e1rio j\u00e1 beneficiou milhares de estudantes de Maric\u00e1, em cursos nas \u00e1reas de Sa\u00fade, Humanas, Exatas e Tecnol\u00f3gicas. O projeto \u00e9 refer\u00eancia nacional de pol\u00edtica p\u00fablica voltada \u00e0 educa\u00e7\u00e3o superior. Lan\u00e7ado em 2019, o Passaporte Universit\u00e1rio oferece bolsas de estudo integrais para moradores de Maric\u00e1 cursarem o ensino superior em institui\u00e7\u00f5es privadas credenciadas.<\/p>\n\n\n\n<p><strong><em>S\u00e3o Gon\u00e7alo vai mudar: Not\u00edcias de S\u00e3o Gon\u00e7alo e toda regi\u00e3o.<\/em><\/strong><\/p>\n\n\n\n<figure class=\"wp-block-image size-large\"><img fetchpriority=\"high\" decoding=\"async\" width=\"1024\" height=\"252\" src=\"https:\/\/sgvaimudar.com.br\/wp-content\/uploads\/2025\/03\/Anuncie-Aqui-Sao-Goncalo-vai-mudar-1024x252.jpg\" alt=\"\" class=\"wp-image-22693\" srcset=\"https:\/\/sgvaimudar.com.br\/wp-content\/uploads\/2025\/03\/Anuncie-Aqui-Sao-Goncalo-vai-mudar-1024x252.jpg 1024w, https:\/\/sgvaimudar.com.br\/wp-content\/uploads\/2025\/03\/Anuncie-Aqui-Sao-Goncalo-vai-mudar-300x74.jpg 300w, https:\/\/sgvaimudar.com.br\/wp-content\/uploads\/2025\/03\/Anuncie-Aqui-Sao-Goncalo-vai-mudar-768x189.jpg 768w, https:\/\/sgvaimudar.com.br\/wp-content\/uploads\/2025\/03\/Anuncie-Aqui-Sao-Goncalo-vai-mudar-1536x378.jpg 1536w, https:\/\/sgvaimudar.com.br\/wp-content\/uploads\/2025\/03\/Anuncie-Aqui-Sao-Goncalo-vai-mudar-2048x504.jpg 2048w\" sizes=\"(max-width: 1024px) 100vw, 1024px\" \/><\/figure>\n","protected":false},"excerpt":{"rendered":"<p>Cerim\u00f4nia reuniu 31 estudantes maricaenses formados pelo programa que oferece acesso gratuito ao ensino superior A Prefeitura de Maric\u00e1, por&hellip;<\/p>\n","protected":false},"author":5,"featured_media":26929,"comment_status":"open","ping_status":"open","sticky":false,"template":"","format":"standard","meta":{"fifu_image_url":"","fifu_image_alt":"","footnotes":""},"categories":[6],"tags":[47],"class_list":["post-26928","post","type-post","status-publish","format-standard","has-post-thumbnail","hentry","category-entretenimento","tag-rj"],"_links":{"self":[{"href":"https:\/\/sgvaimudar.com.br\/index.php\/wp-json\/wp\/v2\/posts\/26928","targetHints":{"allow":["GET"]}}],"collection":[{"href":"https:\/\/sgvaimudar.com.br\/index.php\/wp-json\/wp\/v2\/posts"}],"about":[{"href":"https:\/\/sgvaimudar.com.br\/index.php\/wp-json\/wp\/v2\/types\/post"}],"author":[{"embeddable":true,"href":"https:\/\/sgvaimudar.com.br\/index.php\/wp-json\/wp\/v2\/users\/5"}],"replies":[{"embeddable":true,"href":"https:\/\/sgvaimudar.com.br\/index.php\/wp-json\/wp\/v2\/comments?post=26928"}],"version-history":[{"count":2,"href":"https:\/\/sgvaimudar.com.br\/index.php\/wp-json\/wp\/v2\/posts\/26928\/revisions"}],"predecessor-version":[{"id":26932,"href":"https:\/\/sgvaimudar.com.br\/index.php\/wp-json\/wp\/v2\/posts\/26928\/revisions\/26932"}],"wp:featuredmedia":[{"embeddable":true,"href":"https:\/\/sgvaimudar.com.br\/index.php\/wp-json\/wp\/v2\/media\/26929"}],"wp:attachment":[{"href":"https:\/\/sgvaimudar.com.br\/index.php\/wp-json\/wp\/v2\/media?parent=26928"}],"wp:term":[{"taxonomy":"category","embeddable":true,"href":"https:\/\/sgvaimudar.com.br\/index.php\/wp-json\/wp\/v2\/categories?post=26928"},{"taxonomy":"post_tag","embeddable":true,"href":"https:\/\/sgvaimudar.com.br\/index.php\/wp-json\/wp\/v2\/tags?post=26928"}],"curies":[{"name":"wp","href":"https:\/\/api.w.org\/{rel}","templated":true}]}}