{"id":26916,"date":"2025-06-24T12:00:00","date_gmt":"2025-06-24T15:00:00","guid":{"rendered":"https:\/\/sgvaimudar.com.br\/?p=26916"},"modified":"2025-06-24T08:53:26","modified_gmt":"2025-06-24T11:53:26","slug":"sao-goncalo-celebra-a-cultura-nordestina-com-forro-circo-e-comidas-tipicas-no-oxente-saogonca-no-proximo-fim-de-semana","status":"publish","type":"post","link":"https:\/\/sgvaimudar.com.br\/index.php\/2025\/06\/24\/sao-goncalo-celebra-a-cultura-nordestina-com-forro-circo-e-comidas-tipicas-no-oxente-saogonca-no-proximo-fim-de-semana\/","title":{"rendered":"S\u00e3o Gon\u00e7alo celebra a cultura nordestina com forr\u00f3, circo e comidas t\u00edpicas no \u201cOxente S\u00e3ogon\u00e7a\u201d no pr\u00f3ximo fim de semana"},"content":{"rendered":"\n<p><em>Festival acontece no Centro de Tradi\u00e7\u00f5es Nordestinas, em Neves, com entrada gratuita, atra\u00e7\u00f5es para toda a fam\u00edlia e estacionamento no local<\/em><\/p>\n\n\n\n<p>O clima de S\u00e3o Jo\u00e3o vai tomar conta de S\u00e3o Gon\u00e7alo neste fim de semana com o \u201cOxente S\u00e3ogon\u00e7a\u201d, festival que celebra a cultura nordestina em grande estilo no Centro de Tradi\u00e7\u00f5es Nordestinas \u201cSevero, Embaixador Nordestino\u201d, no bairro de Neves. <\/p>\n\n\n\n<p>De sexta-feira (27) a domingo (29), o espa\u00e7o ser\u00e1 palco de uma verdadeira imers\u00e3o junina com forr\u00f3 p\u00e9 de serra ao vivo, comidas t\u00edpicas, brincadeiras, circo tem\u00e1tico e muito mais, tudo com entrada franca e estacionamento gratuito.<\/p>\n\n\n\n<figure class=\"wp-block-image size-large\"><img fetchpriority=\"high\" decoding=\"async\" width=\"676\" height=\"1024\" src=\"https:\/\/sgvaimudar.com.br\/wp-content\/uploads\/2025\/06\/unnamed-45-676x1024.jpg\" alt=\"\" class=\"wp-image-26918\" srcset=\"https:\/\/sgvaimudar.com.br\/wp-content\/uploads\/2025\/06\/unnamed-45-676x1024.jpg 676w, https:\/\/sgvaimudar.com.br\/wp-content\/uploads\/2025\/06\/unnamed-45-198x300.jpg 198w, https:\/\/sgvaimudar.com.br\/wp-content\/uploads\/2025\/06\/unnamed-45.jpg 720w\" sizes=\"(max-width: 676px) 100vw, 676px\" \/><\/figure>\n\n\n\n<p>Realizado pela Daumas &amp; Daumas com apoio da Secretaria de Turismo e Cultura da Prefeitura de S\u00e3o Gon\u00e7alo, por meio da Pol\u00edtica Nacional Aldir Blanc, o festival ter\u00e1 sua abertura nesta ter\u00e7a-feira (24), \u00e0s 18h, no Teatro Municipal de S\u00e3o Gon\u00e7alo, com um bate-papo especial do historiador Luiz Antonio Simas sobre as tradi\u00e7\u00f5es juninas brasileiras. Mas \u00e9 a partir desta sexta que a festa se espalha pelos 22 mil metros quadrados do Centro de Tradi\u00e7\u00f5es, com uma programa\u00e7\u00e3o para todos os gostos e idades.<\/p>\n\n\n\n<p>Na sexta-feira e s\u00e1bado, a anima\u00e7\u00e3o come\u00e7a a partir das 18h e o arrasta-p\u00e9 fica por conta das bandas Quebra Telha e William Gomes &amp; Banda, com DJ animando os intervalos. O espa\u00e7o tamb\u00e9m contar\u00e1 com barraquinhas de comidas t\u00edpicas nordestinas, brincadeiras e um clima junino mais raiz do que macaxeira.<\/p>\n\n\n\n<figure class=\"wp-block-image size-large\"><img decoding=\"async\" width=\"754\" height=\"1024\" src=\"https:\/\/sgvaimudar.com.br\/wp-content\/uploads\/2025\/06\/unnamed-1-15-754x1024.jpg\" alt=\"\" class=\"wp-image-26919\" srcset=\"https:\/\/sgvaimudar.com.br\/wp-content\/uploads\/2025\/06\/unnamed-1-15-754x1024.jpg 754w, https:\/\/sgvaimudar.com.br\/wp-content\/uploads\/2025\/06\/unnamed-1-15-221x300.jpg 221w, https:\/\/sgvaimudar.com.br\/wp-content\/uploads\/2025\/06\/unnamed-1-15-768x1044.jpg 768w, https:\/\/sgvaimudar.com.br\/wp-content\/uploads\/2025\/06\/unnamed-1-15-1130x1536.jpg 1130w, https:\/\/sgvaimudar.com.br\/wp-content\/uploads\/2025\/06\/unnamed-1-15-1507x2048.jpg 1507w, https:\/\/sgvaimudar.com.br\/wp-content\/uploads\/2025\/06\/unnamed-1-15.jpg 1544w\" sizes=\"(max-width: 754px) 100vw, 754px\" \/><\/figure>\n\n\n\n<p>J\u00e1 no domingo, o festival come\u00e7a mais cedo, \u00e0s 15h, e tem programa\u00e7\u00e3o especial para as crian\u00e7as com o \u201cArrai\u00e1 do Picadeiro\u201d, um espet\u00e1culo folcl\u00f3rico e circense que re\u00fane malabarismo, palha\u00e7aria e acrobacias, com participa\u00e7\u00e3o do premiado Malabarista Campello e do querido Palha\u00e7o Topet\u00e3o. \u00c0s 16h30, a banda Quebra Telha volta ao palco, seguida pela \u00faltima apresenta\u00e7\u00e3o do fim de semana com William Gomes &amp; Banda. A crian\u00e7ada ainda concorre ao sorteio de uma bicicleta.<\/p>\n\n\n\n<p>E para quem ainda quiser curtir mais um pouquinho, o festival continua no dia 5 de julho com festa julina e quadrilha tradicional \u00e0s 19h, seguida por mais um show da banda Quebra Telha.<\/p>\n\n\n\n<p>\u201cO projeto \u00e9 um presente a todos os gon\u00e7alenses. Afinal, uma cidade que tem um santo violeiro como padroeiro n\u00e3o poderia deixar de celebrar com m\u00fasica, alegria e tradi\u00e7\u00e3o\u201d, destaca o idealizador do evento, Vinicius Daumas.<\/p>\n\n\n\n<p><strong>Servi\u00e7o:<\/strong><\/p>\n\n\n\n<p>Local: Centro de Tradi\u00e7\u00f5es Nordestinas (Rua Jos\u00e9 Augusto Pereira dos Santos, 80 \u2013 Neves, S\u00e3o Gon\u00e7alo)<\/p>\n\n\n\n<p>SEXTA-FEIRA (27\/06)<\/p>\n\n\n\n<p>&#8211; 18h: Abertura dos port\u00f5es<\/p>\n\n\n\n<p>&#8211; 19h \u00e0s 21h: Show \u2013 Banda Quebra Telha<\/p>\n\n\n\n<p>&#8211; 22h \u00e0 0h: Show \u2013 William Gomes &amp; Banda<\/p>\n\n\n\n<p>&#8211; DJ nos intervalos<\/p>\n\n\n\n<p>S\u00c1BADO (28\/06)<\/p>\n\n\n\n<p>&#8211; 18h: Abertura dos port\u00f5es<\/p>\n\n\n\n<p>&#8211; 19h \u00e0s 21h: Show \u2013 Banda Quebra Telha<\/p>\n\n\n\n<p>&#8211; 22h \u00e0 0h: Show \u2013 William Gomes &amp; Banda<\/p>\n\n\n\n<p>&#8211; DJ nos intervalos<\/p>\n\n\n\n<p>DOMINGO (29\/06)<\/p>\n\n\n\n<p>&#8211; 15h \u00e0s 16h: \u201cArrai\u00e1 do Picadeiro\u201d (circo junino com Topet\u00e3o e Malabarista Campello)<\/p>\n\n\n\n<p>&#8211; 16h30 \u00e0s 18h30: Show \u2013 Banda Quebra Telha<\/p>\n\n\n\n<p>&#8211; 19h \u00e0s 21h: Show \u2013 William Gomes &amp; Banda<\/p>\n\n\n\n<p>&#8211; Sorteio de bicicleta para crian\u00e7as<\/p>\n\n\n\n<p>&#8211; DJ nos intervalos<\/p>\n\n\n\n<p>S\u00c1BADO (05\/07)<\/p>\n\n\n\n<p>&#8211; 18h: Abertura dos port\u00f5es<\/p>\n\n\n\n<p>&#8211; 19h \u00e0s 21h: Quadrilha Tradicional<\/p>\n\n\n\n<p>&#8211; 22h \u00e0 0h: Show \u2013 Banda Quebra Telha<\/p>\n\n\n\n<p>&#8211; DJ nos intervalos.<\/p>\n\n\n\n<p><strong><em>S\u00e3o Gon\u00e7alo vai mudar: Not\u00edcias de S\u00e3o Gon\u00e7alo e toda regi\u00e3o.<\/em><\/strong><\/p>\n\n\n\n<figure class=\"wp-block-image size-large\"><img decoding=\"async\" width=\"1024\" height=\"252\" src=\"https:\/\/sgvaimudar.com.br\/wp-content\/uploads\/2025\/03\/Anuncie-Aqui-Sao-Goncalo-vai-mudar-1024x252.jpg\" alt=\"\" class=\"wp-image-22693\" srcset=\"https:\/\/sgvaimudar.com.br\/wp-content\/uploads\/2025\/03\/Anuncie-Aqui-Sao-Goncalo-vai-mudar-1024x252.jpg 1024w, https:\/\/sgvaimudar.com.br\/wp-content\/uploads\/2025\/03\/Anuncie-Aqui-Sao-Goncalo-vai-mudar-300x74.jpg 300w, https:\/\/sgvaimudar.com.br\/wp-content\/uploads\/2025\/03\/Anuncie-Aqui-Sao-Goncalo-vai-mudar-768x189.jpg 768w, https:\/\/sgvaimudar.com.br\/wp-content\/uploads\/2025\/03\/Anuncie-Aqui-Sao-Goncalo-vai-mudar-1536x378.jpg 1536w, https:\/\/sgvaimudar.com.br\/wp-content\/uploads\/2025\/03\/Anuncie-Aqui-Sao-Goncalo-vai-mudar-2048x504.jpg 2048w\" sizes=\"(max-width: 1024px) 100vw, 1024px\" \/><\/figure>\n","protected":false},"excerpt":{"rendered":"<p>Festival acontece no Centro de Tradi\u00e7\u00f5es Nordestinas, em Neves, com entrada gratuita, atra\u00e7\u00f5es para toda a fam\u00edlia e estacionamento no&hellip;<\/p>\n","protected":false},"author":5,"featured_media":26917,"comment_status":"open","ping_status":"open","sticky":false,"template":"","format":"standard","meta":{"fifu_image_url":"","fifu_image_alt":"","footnotes":""},"categories":[6],"tags":[47,75],"class_list":["post-26916","post","type-post","status-publish","format-standard","has-post-thumbnail","hentry","category-entretenimento","tag-rj","tag-sao-goncalo"],"_links":{"self":[{"href":"https:\/\/sgvaimudar.com.br\/index.php\/wp-json\/wp\/v2\/posts\/26916","targetHints":{"allow":["GET"]}}],"collection":[{"href":"https:\/\/sgvaimudar.com.br\/index.php\/wp-json\/wp\/v2\/posts"}],"about":[{"href":"https:\/\/sgvaimudar.com.br\/index.php\/wp-json\/wp\/v2\/types\/post"}],"author":[{"embeddable":true,"href":"https:\/\/sgvaimudar.com.br\/index.php\/wp-json\/wp\/v2\/users\/5"}],"replies":[{"embeddable":true,"href":"https:\/\/sgvaimudar.com.br\/index.php\/wp-json\/wp\/v2\/comments?post=26916"}],"version-history":[{"count":1,"href":"https:\/\/sgvaimudar.com.br\/index.php\/wp-json\/wp\/v2\/posts\/26916\/revisions"}],"predecessor-version":[{"id":26920,"href":"https:\/\/sgvaimudar.com.br\/index.php\/wp-json\/wp\/v2\/posts\/26916\/revisions\/26920"}],"wp:featuredmedia":[{"embeddable":true,"href":"https:\/\/sgvaimudar.com.br\/index.php\/wp-json\/wp\/v2\/media\/26917"}],"wp:attachment":[{"href":"https:\/\/sgvaimudar.com.br\/index.php\/wp-json\/wp\/v2\/media?parent=26916"}],"wp:term":[{"taxonomy":"category","embeddable":true,"href":"https:\/\/sgvaimudar.com.br\/index.php\/wp-json\/wp\/v2\/categories?post=26916"},{"taxonomy":"post_tag","embeddable":true,"href":"https:\/\/sgvaimudar.com.br\/index.php\/wp-json\/wp\/v2\/tags?post=26916"}],"curies":[{"name":"wp","href":"https:\/\/api.w.org\/{rel}","templated":true}]}}