{"id":26912,"date":"2025-06-24T10:59:00","date_gmt":"2025-06-24T13:59:00","guid":{"rendered":"https:\/\/sgvaimudar.com.br\/?p=26912"},"modified":"2025-06-24T08:47:09","modified_gmt":"2025-06-24T11:47:09","slug":"confronto-acaba-com-preso-na-comunidade-do-serrao-em-niteroi-video","status":"publish","type":"post","link":"https:\/\/sgvaimudar.com.br\/index.php\/2025\/06\/24\/confronto-acaba-com-preso-na-comunidade-do-serrao-em-niteroi-video\/","title":{"rendered":"Confronto acaba com preso na Comunidade do Serr\u00e3o, em Niter\u00f3i; v\u00eddeo"},"content":{"rendered":"\n<p><em>Um dos homens, de 21 anos, foi detido ainda com uma pistola calibre 9mm carregada com 11 muni\u00e7\u00f5es<\/em><\/p>\n\n\n\n<p>Uma opera\u00e7\u00e3o policial realizada no fim da tarde desta segunda-feira (23\/6) resultou em um intenso tiroteio e na pris\u00e3o de um homem armado na Travessa da C\u00e2ndida, localizada na Comunidade do Serr\u00e3o, em Niter\u00f3i. As informa\u00e7\u00f5es s\u00e3o da pol\u00edcia.<\/p>\n\n\n\n<p>A Pol\u00edcia Militar disse que foi ao local para averiguar den\u00fancias sobre tr\u00e1fico de drogas e a presen\u00e7a de homens armados. Segundo o 12\u00ba BPM (Niter\u00f3i), assim que chegaram, os agentes foram recebidos a tiros por dois suspeitos. Houve um intenso confronto.<\/p>\n\n\n\n<figure class=\"wp-block-video\"><video height=\"478\" style=\"aspect-ratio: 848 \/ 478;\" width=\"848\" controls src=\"https:\/\/sgvaimudar.com.br\/wp-content\/uploads\/2025\/06\/WhatsApp-Video-2025-06-24-at-08.30.52.mp4\"><\/video><\/figure>\n\n\n\n<p>Um dos homens, de 21 anos, foi detido ainda com uma pistola calibre 9mm carregada com 11 muni\u00e7\u00f5es e um radiotransmissor, de acordo com a PM. Ele j\u00e1 possui anota\u00e7\u00e3o criminal por homic\u00eddio. O segundo envolvido conseguiu fugir em dire\u00e7\u00e3o a uma \u00e1rea de mata e, at\u00e9 o momento, n\u00e3o foi localizado.<\/p>\n\n\n\n<p>Durante buscas na regi\u00e3o, os policiais encontraram uma mochila com 105 inv\u00f3lucros de maconha, 50 pinos de coca\u00edna, R$ 41 em dinheiro e mais um radiotransmissor. Todo o material foi apreendido.<\/p>\n\n\n\n<p>O preso foi levado para a 77\u00aa DP (Icara\u00ed), onde o caso foi registrado como tr\u00e1fico il\u00edcito de drogas e porte ilegal de arma de fogo de uso restrito.\u00a0<\/p>\n\n\n\n<p><strong><em>Fa\u00e7a sua den\u00fancia pelo nosso WhatsApp: (21) <\/em><\/strong><strong><em>99744 5345<\/em><\/strong><strong><em><\/em><\/strong><\/p>\n\n\n\n<p><strong><em>S\u00e3o Gon\u00e7alo vai mudar: Not\u00edcias de S\u00e3o Gon\u00e7alo e toda regi\u00e3o.<\/em><\/strong><\/p>\n\n\n\n<figure class=\"wp-block-image size-large\"><img fetchpriority=\"high\" decoding=\"async\" width=\"1024\" height=\"252\" src=\"https:\/\/sgvaimudar.com.br\/wp-content\/uploads\/2025\/03\/Anuncie-Aqui-Sao-Goncalo-vai-mudar-1024x252.jpg\" alt=\"\" class=\"wp-image-22693\" srcset=\"https:\/\/sgvaimudar.com.br\/wp-content\/uploads\/2025\/03\/Anuncie-Aqui-Sao-Goncalo-vai-mudar-1024x252.jpg 1024w, https:\/\/sgvaimudar.com.br\/wp-content\/uploads\/2025\/03\/Anuncie-Aqui-Sao-Goncalo-vai-mudar-300x74.jpg 300w, https:\/\/sgvaimudar.com.br\/wp-content\/uploads\/2025\/03\/Anuncie-Aqui-Sao-Goncalo-vai-mudar-768x189.jpg 768w, https:\/\/sgvaimudar.com.br\/wp-content\/uploads\/2025\/03\/Anuncie-Aqui-Sao-Goncalo-vai-mudar-1536x378.jpg 1536w, https:\/\/sgvaimudar.com.br\/wp-content\/uploads\/2025\/03\/Anuncie-Aqui-Sao-Goncalo-vai-mudar-2048x504.jpg 2048w\" sizes=\"(max-width: 1024px) 100vw, 1024px\" \/><\/figure>\n","protected":false},"excerpt":{"rendered":"<p>Um dos homens, de 21 anos, foi detido ainda com uma pistola calibre 9mm carregada com 11 muni\u00e7\u00f5es Uma opera\u00e7\u00e3o&hellip;<\/p>\n","protected":false},"author":5,"featured_media":26914,"comment_status":"open","ping_status":"open","sticky":false,"template":"","format":"standard","meta":{"fifu_image_url":"","fifu_image_alt":"","footnotes":""},"categories":[32],"tags":[39,41,47],"class_list":["post-26912","post","type-post","status-publish","format-standard","has-post-thumbnail","hentry","category-casos-de-policia","tag-ataque","tag-conflito","tag-rj"],"_links":{"self":[{"href":"https:\/\/sgvaimudar.com.br\/index.php\/wp-json\/wp\/v2\/posts\/26912","targetHints":{"allow":["GET"]}}],"collection":[{"href":"https:\/\/sgvaimudar.com.br\/index.php\/wp-json\/wp\/v2\/posts"}],"about":[{"href":"https:\/\/sgvaimudar.com.br\/index.php\/wp-json\/wp\/v2\/types\/post"}],"author":[{"embeddable":true,"href":"https:\/\/sgvaimudar.com.br\/index.php\/wp-json\/wp\/v2\/users\/5"}],"replies":[{"embeddable":true,"href":"https:\/\/sgvaimudar.com.br\/index.php\/wp-json\/wp\/v2\/comments?post=26912"}],"version-history":[{"count":1,"href":"https:\/\/sgvaimudar.com.br\/index.php\/wp-json\/wp\/v2\/posts\/26912\/revisions"}],"predecessor-version":[{"id":26915,"href":"https:\/\/sgvaimudar.com.br\/index.php\/wp-json\/wp\/v2\/posts\/26912\/revisions\/26915"}],"wp:featuredmedia":[{"embeddable":true,"href":"https:\/\/sgvaimudar.com.br\/index.php\/wp-json\/wp\/v2\/media\/26914"}],"wp:attachment":[{"href":"https:\/\/sgvaimudar.com.br\/index.php\/wp-json\/wp\/v2\/media?parent=26912"}],"wp:term":[{"taxonomy":"category","embeddable":true,"href":"https:\/\/sgvaimudar.com.br\/index.php\/wp-json\/wp\/v2\/categories?post=26912"},{"taxonomy":"post_tag","embeddable":true,"href":"https:\/\/sgvaimudar.com.br\/index.php\/wp-json\/wp\/v2\/tags?post=26912"}],"curies":[{"name":"wp","href":"https:\/\/api.w.org\/{rel}","templated":true}]}}