{"id":26899,"date":"2025-06-24T10:00:00","date_gmt":"2025-06-24T13:00:00","guid":{"rendered":"https:\/\/sgvaimudar.com.br\/?p=26899"},"modified":"2025-06-24T08:19:48","modified_gmt":"2025-06-24T11:19:48","slug":"defesa-civil-inicia-aulas-da-nova-turma-do-curso-de-voluntarios","status":"publish","type":"post","link":"https:\/\/sgvaimudar.com.br\/index.php\/2025\/06\/24\/defesa-civil-inicia-aulas-da-nova-turma-do-curso-de-voluntarios\/","title":{"rendered":"Defesa Civil inicia aulas da nova turma do Curso de Volunt\u00e1rios"},"content":{"rendered":"\n<p><em>Capacita\u00e7\u00e3o oferece ensinamentos b\u00e1sicos do trabalho da Defesa Civil<\/em><\/p>\n\n\n\n<p>Na manh\u00e3 desta segunda-feira (23), as aulas da terceira turma de 2025 do Curso de Volunt\u00e1rios foram iniciadas pela Defesa Civil de S\u00e3o Gon\u00e7alo. A aula inaugural foi realizada \u00e0s 10h, na Uniasselvi, no Partage Shopping. A capacita\u00e7\u00e3o oferece aulas te\u00f3ricas e pr\u00e1ticas sobre as responsabilidades da Defesa Civil.&nbsp;<\/p>\n\n\n\n<p>O subsecret\u00e1rio da Defesa Civil, major Felipe Assump\u00e7\u00e3o, ministrou a primeira aula e deu detalhes sobre o curso para os alunos.<\/p>\n\n\n\n<p>\u201c\u00c9 um prazer ver mais de cem alunos inscritos para mais uma turma de volunt\u00e1rios. Aqui no curso, todos v\u00e3o conhecer as tarefas da Defesa Civil e entender ainda mais sobre o nosso trabalho. Nossa cidade s\u00f3 tem a ganhar com os cidad\u00e3os que, ap\u00f3s os cinco dias de curso, estar\u00e3o capacitados para o voluntariado\u201d, disse.<\/p>\n\n\n\n<p>O curso \u00e9 composto por cinco m\u00f3dulos, que prop\u00f5em debates sobre temas como no\u00e7\u00f5es b\u00e1sicas de Defesa Civil e voluntariado, comunica\u00e7\u00e3o de emerg\u00eancia, abrigos tempor\u00e1rios, produtos perigosos, combate a princ\u00edpios de inc\u00eandio, atendimento pr\u00e9-hospitalar e a import\u00e2ncia da higieniza\u00e7\u00e3o das resid\u00eancias ap\u00f3s chuvas. Al\u00e9m das aulas te\u00f3ricas, o curso conta com uma aula pr\u00e1tica que ser\u00e1 desenvolvida no encerramento, em uma das \u00c1reas de Prote\u00e7\u00e3o Ambiental (APA) de S\u00e3o Gon\u00e7alo.<\/p>\n\n\n\n<p>A cuidadora de idosos, Eliane Incarna\u00e7\u00e3o, de 54 anos, j\u00e1 realizou um curso de resgate de bombeiros e pretende conhecer mais sobre a Defesa Civil.<\/p>\n\n\n\n<p>\u201cEu me inscrevi no intuito de agregar conhecimento para ajudar ao pr\u00f3ximo, at\u00e9 porque pode ser complementar ao curso de enfermagem que tamb\u00e9m estou fazendo agora. Al\u00e9m disso, gostaria de conhecer novas pessoas e trocar boas experi\u00eancias,\u201d declarou.<\/p>\n\n\n\n<p>Ao final do curso, os alunos ganham um certificado de conclus\u00e3o, sendo necess\u00e1rio o cumprimento das 44 horas de atividades oferecidas durante a capacita\u00e7\u00e3o. Vale destacar que os volunt\u00e1rios saem formados do curso, mas n\u00e3o possuem a capacita\u00e7\u00e3o para salvar e resgatar pessoas como se fossem bombeiros ou agentes da Defesa Civil. Nas a\u00e7\u00f5es, os volunt\u00e1rio t\u00eam um tratamento direcionado, apoiando abrigos, organizando mantimentos nesses locais, catalogando pessoas que precisarem de ajuda.<\/p>\n\n\n\n<p><em>Fotos: Luiz Carvalho<\/em><\/p>\n\n\n\n<p><strong><em>S\u00e3o Gon\u00e7alo vai mudar: Not\u00edcias de S\u00e3o Gon\u00e7alo e toda regi\u00e3o.<\/em><\/strong><\/p>\n\n\n\n<figure class=\"wp-block-image size-large\"><img fetchpriority=\"high\" decoding=\"async\" width=\"1024\" height=\"252\" src=\"https:\/\/sgvaimudar.com.br\/wp-content\/uploads\/2025\/03\/Anuncie-Aqui-Sao-Goncalo-vai-mudar-1024x252.jpg\" alt=\"\" class=\"wp-image-22693\" srcset=\"https:\/\/sgvaimudar.com.br\/wp-content\/uploads\/2025\/03\/Anuncie-Aqui-Sao-Goncalo-vai-mudar-1024x252.jpg 1024w, https:\/\/sgvaimudar.com.br\/wp-content\/uploads\/2025\/03\/Anuncie-Aqui-Sao-Goncalo-vai-mudar-300x74.jpg 300w, https:\/\/sgvaimudar.com.br\/wp-content\/uploads\/2025\/03\/Anuncie-Aqui-Sao-Goncalo-vai-mudar-768x189.jpg 768w, https:\/\/sgvaimudar.com.br\/wp-content\/uploads\/2025\/03\/Anuncie-Aqui-Sao-Goncalo-vai-mudar-1536x378.jpg 1536w, https:\/\/sgvaimudar.com.br\/wp-content\/uploads\/2025\/03\/Anuncie-Aqui-Sao-Goncalo-vai-mudar-2048x504.jpg 2048w\" sizes=\"(max-width: 1024px) 100vw, 1024px\" \/><\/figure>\n","protected":false},"excerpt":{"rendered":"<p>Capacita\u00e7\u00e3o oferece ensinamentos b\u00e1sicos do trabalho da Defesa Civil Na manh\u00e3 desta segunda-feira (23), as aulas da terceira turma de&hellip;<\/p>\n","protected":false},"author":5,"featured_media":26900,"comment_status":"open","ping_status":"open","sticky":false,"template":"","format":"standard","meta":{"fifu_image_url":"","fifu_image_alt":"","footnotes":""},"categories":[3],"tags":[47,75],"class_list":["post-26899","post","type-post","status-publish","format-standard","has-post-thumbnail","hentry","category-sao-goncalo","tag-rj","tag-sao-goncalo"],"_links":{"self":[{"href":"https:\/\/sgvaimudar.com.br\/index.php\/wp-json\/wp\/v2\/posts\/26899","targetHints":{"allow":["GET"]}}],"collection":[{"href":"https:\/\/sgvaimudar.com.br\/index.php\/wp-json\/wp\/v2\/posts"}],"about":[{"href":"https:\/\/sgvaimudar.com.br\/index.php\/wp-json\/wp\/v2\/types\/post"}],"author":[{"embeddable":true,"href":"https:\/\/sgvaimudar.com.br\/index.php\/wp-json\/wp\/v2\/users\/5"}],"replies":[{"embeddable":true,"href":"https:\/\/sgvaimudar.com.br\/index.php\/wp-json\/wp\/v2\/comments?post=26899"}],"version-history":[{"count":1,"href":"https:\/\/sgvaimudar.com.br\/index.php\/wp-json\/wp\/v2\/posts\/26899\/revisions"}],"predecessor-version":[{"id":26901,"href":"https:\/\/sgvaimudar.com.br\/index.php\/wp-json\/wp\/v2\/posts\/26899\/revisions\/26901"}],"wp:featuredmedia":[{"embeddable":true,"href":"https:\/\/sgvaimudar.com.br\/index.php\/wp-json\/wp\/v2\/media\/26900"}],"wp:attachment":[{"href":"https:\/\/sgvaimudar.com.br\/index.php\/wp-json\/wp\/v2\/media?parent=26899"}],"wp:term":[{"taxonomy":"category","embeddable":true,"href":"https:\/\/sgvaimudar.com.br\/index.php\/wp-json\/wp\/v2\/categories?post=26899"},{"taxonomy":"post_tag","embeddable":true,"href":"https:\/\/sgvaimudar.com.br\/index.php\/wp-json\/wp\/v2\/tags?post=26899"}],"curies":[{"name":"wp","href":"https:\/\/api.w.org\/{rel}","templated":true}]}}