{"id":26896,"date":"2025-06-24T08:59:00","date_gmt":"2025-06-24T11:59:00","guid":{"rendered":"https:\/\/sgvaimudar.com.br\/?p=26896"},"modified":"2025-06-24T08:14:06","modified_gmt":"2025-06-24T11:14:06","slug":"caso-joao-pedro-tjrj-retoma-julgamento-de-policiais-que-podem-ir-a-juri-popular","status":"publish","type":"post","link":"https:\/\/sgvaimudar.com.br\/index.php\/2025\/06\/24\/caso-joao-pedro-tjrj-retoma-julgamento-de-policiais-que-podem-ir-a-juri-popular\/","title":{"rendered":"Caso Jo\u00e3o Pedro: TJRJ retoma julgamento de policiais que podem ir a juri popular"},"content":{"rendered":"\n<p><em>Ato \u201cJusti\u00e7a por Jo\u00e3o Pedro\u201d e retomada do julgamento, acontecem nesta ter\u00e7a-feira, dia 24, no Centro do Rio<\/em><\/p>\n\n\n\n<p>O ato Justi\u00e7a por Jo\u00e3o Pedro vai acontecer nesta ter\u00e7a-feira (24\/6), \u00e0s 13 horas, em frente ao Tribunal de Justi\u00e7a do Rio de Janeiro, que fica na Avenida Erasmo Braga 115, no Centro.<\/p>\n\n\n\n<p>Jo\u00e3o Pedro foi assassinado aos 14 anos de idade, dentro de casa, em uma opera\u00e7\u00e3o no Complexo do Salgueiro. A a\u00e7\u00e3o ocorreu em 2015 e nesta segunda-feira, dia 23, ele faria 20 anos de idade.<\/p>\n\n\n\n<p>A fam\u00edlia defende que os pol\u00edcias acusados sejam levados a j\u00fari popular. Segundo o deputado Prof. Josemar (PSOL), os familiares precisam desta resposta da justi\u00e7a.<\/p>\n\n\n\n<p>&#8220;O julgamento que vai decidir se os tr\u00eas policiais civis acusados da morte do menino Jo\u00e3o Pedro Mattos Pinto v\u00e3o a j\u00fari popular foi adiado.\u00a0O desembargador Cezar Augusto Rodrigues da Costa pediu vista do processo, o que significa pedir mais tempo para analisar as alega\u00e7\u00f5es&#8221;, disse o deputado.<img decoding=\"async\" src=\"https:\/\/agenciabrasil.ebc.com.br\/ebc.png?id=1643405&amp;o=node\"><img decoding=\"async\" src=\"https:\/\/agenciabrasil.ebc.com.br\/ebc.gif?id=1643405&amp;o=node\"><\/p>\n\n\n\n<p>Os desembargadores da 6\u00ba C\u00e2mara Criminal do Tribunal de Justi\u00e7a avaliam um recurso do Minist\u00e9rio P\u00fablico e da Defensoria P\u00fablica do Estado do Rio de Janeiro, pedindo que os policiais sejam submetidos a j\u00fari popular, para serem julgados por pessoas comuns..\u00a0<\/p>\n\n\n\n<p>Em 2024, os agentes foram inocentados dos crimes de homic\u00eddio duplamente qualificado e fraude processual por uma decis\u00e3o sum\u00e1ria do ju\u00edzo da 4\u00aa Vara Criminal de S\u00e3o Gon\u00e7alo, cidade onde ocorreu o crime.<\/p>\n\n\n\n<p>Agora, nesta ter\u00e7a, \u00e0s 13h30min, ser\u00e1 retomado o julgamento de recurso do caso, em sess\u00e3o virtual.<\/p>\n\n\n\n<p>Servi\u00e7o: Ato Justi\u00e7a por Jo\u00e3o Pedro<br>Local: em frente ao Tribunal de Justi\u00e7a do Rio (Av. Erasmo Braga, 115 \u2013 Centro)<br>Hora: 11h.<\/p>\n\n\n\n<p><strong><em>Fa\u00e7a sua den\u00fancia pelo nosso WhatsApp: (21) <\/em><\/strong><strong><em>99744 5345<\/em><\/strong><strong><em><\/em><\/strong><\/p>\n\n\n\n<p><strong><em>S\u00e3o Gon\u00e7alo vai mudar: Not\u00edcias de S\u00e3o Gon\u00e7alo e toda regi\u00e3o.<\/em><\/strong><\/p>\n\n\n\n<figure class=\"wp-block-image size-large\"><img fetchpriority=\"high\" decoding=\"async\" width=\"722\" height=\"1024\" src=\"https:\/\/sgvaimudar.com.br\/wp-content\/uploads\/2023\/10\/Anuncie-aqui-a5-722x1024.png\" alt=\"\" class=\"wp-image-3623\" srcset=\"https:\/\/sgvaimudar.com.br\/wp-content\/uploads\/2023\/10\/Anuncie-aqui-a5-722x1024.png 722w, https:\/\/sgvaimudar.com.br\/wp-content\/uploads\/2023\/10\/Anuncie-aqui-a5-212x300.png 212w, https:\/\/sgvaimudar.com.br\/wp-content\/uploads\/2023\/10\/Anuncie-aqui-a5-768x1089.png 768w, https:\/\/sgvaimudar.com.br\/wp-content\/uploads\/2023\/10\/Anuncie-aqui-a5-1083x1536.png 1083w, https:\/\/sgvaimudar.com.br\/wp-content\/uploads\/2023\/10\/Anuncie-aqui-a5-1444x2048.png 1444w, https:\/\/sgvaimudar.com.br\/wp-content\/uploads\/2023\/10\/Anuncie-aqui-a5.png 1750w\" sizes=\"(max-width: 722px) 100vw, 722px\" \/><\/figure>\n","protected":false},"excerpt":{"rendered":"<p>Ato \u201cJusti\u00e7a por Jo\u00e3o Pedro\u201d e retomada do julgamento, acontecem nesta ter\u00e7a-feira, dia 24, no Centro do Rio O ato&hellip;<\/p>\n","protected":false},"author":5,"featured_media":26897,"comment_status":"open","ping_status":"open","sticky":false,"template":"","format":"standard","meta":{"fifu_image_url":"","fifu_image_alt":"","footnotes":""},"categories":[32],"tags":[39,41,40,47,75],"class_list":["post-26896","post","type-post","status-publish","format-standard","has-post-thumbnail","hentry","category-casos-de-policia","tag-ataque","tag-conflito","tag-guerra","tag-rj","tag-sao-goncalo"],"_links":{"self":[{"href":"https:\/\/sgvaimudar.com.br\/index.php\/wp-json\/wp\/v2\/posts\/26896","targetHints":{"allow":["GET"]}}],"collection":[{"href":"https:\/\/sgvaimudar.com.br\/index.php\/wp-json\/wp\/v2\/posts"}],"about":[{"href":"https:\/\/sgvaimudar.com.br\/index.php\/wp-json\/wp\/v2\/types\/post"}],"author":[{"embeddable":true,"href":"https:\/\/sgvaimudar.com.br\/index.php\/wp-json\/wp\/v2\/users\/5"}],"replies":[{"embeddable":true,"href":"https:\/\/sgvaimudar.com.br\/index.php\/wp-json\/wp\/v2\/comments?post=26896"}],"version-history":[{"count":1,"href":"https:\/\/sgvaimudar.com.br\/index.php\/wp-json\/wp\/v2\/posts\/26896\/revisions"}],"predecessor-version":[{"id":26898,"href":"https:\/\/sgvaimudar.com.br\/index.php\/wp-json\/wp\/v2\/posts\/26896\/revisions\/26898"}],"wp:featuredmedia":[{"embeddable":true,"href":"https:\/\/sgvaimudar.com.br\/index.php\/wp-json\/wp\/v2\/media\/26897"}],"wp:attachment":[{"href":"https:\/\/sgvaimudar.com.br\/index.php\/wp-json\/wp\/v2\/media?parent=26896"}],"wp:term":[{"taxonomy":"category","embeddable":true,"href":"https:\/\/sgvaimudar.com.br\/index.php\/wp-json\/wp\/v2\/categories?post=26896"},{"taxonomy":"post_tag","embeddable":true,"href":"https:\/\/sgvaimudar.com.br\/index.php\/wp-json\/wp\/v2\/tags?post=26896"}],"curies":[{"name":"wp","href":"https:\/\/api.w.org\/{rel}","templated":true}]}}