{"id":26893,"date":"2025-06-24T09:00:00","date_gmt":"2025-06-24T12:00:00","guid":{"rendered":"https:\/\/sgvaimudar.com.br\/?p=26893"},"modified":"2025-06-24T07:58:44","modified_gmt":"2025-06-24T10:58:44","slug":"prefeitura-abre-inscricoes-para-educacao-de-jovens-e-adulto","status":"publish","type":"post","link":"https:\/\/sgvaimudar.com.br\/index.php\/2025\/06\/24\/prefeitura-abre-inscricoes-para-educacao-de-jovens-e-adulto\/","title":{"rendered":"Prefeitura abre inscri\u00e7\u00f5es para Educa\u00e7\u00e3o de Jovens e Adulto"},"content":{"rendered":"\n<p><em>Rematr\u00edcula come\u00e7a nesta quarta-feira (25); alunos novos a partir de 7 de julho<\/em><\/p>\n\n\n\n<p>O processo de matr\u00edcula para o segundo semestre da modalidade de ensino Educa\u00e7\u00e3o de Jovens e Adultos (EJA) do munic\u00edpio de S\u00e3o Gon\u00e7alo j\u00e1 tem data para come\u00e7ar. A partir desta quarta-feira (25), os alunos que j\u00e1 est\u00e3o matriculados devem procurar a unidade escolar para fazer a renova\u00e7\u00e3o de matr\u00edcula. Os novos alunos devem realizar a matr\u00edcula, direto na escola, a partir do dia 7 de julho.<\/p>\n\n\n\n<p>O jovem ou adulto que deseja se matricular deve levar os seguintes documentos diretamente na escola que deseja estudar: Certid\u00e3o de nascimento ou casamento; Identidade; Comprovante de Resid\u00eancia com CEP; Duas fotos 3\u00d74; Hist\u00f3rico Escolar ou declara\u00e7\u00e3o de escolaridade. Se o jovem ainda for menor de idade, \u00e9 necess\u00e1rio levar os documentos do respons\u00e1vel.<\/p>\n\n\n\n<p><strong>Unidades que atendem EJA<\/strong><\/p>\n\n\n\n<p>Col\u00e9gio Municipal Presidente Castello Branco&nbsp;\u2013 Boa\u00e7\u00fa<\/p>\n\n\n\n<p>Col\u00e9gio Municipal Ernani Faria \u2013 Neves<\/p>\n\n\n\n<p>Col\u00e9gio Municipal Esteph\u00e2nia de Carvalho \u2013 Laranjal<\/p>\n\n\n\n<p>Escola Municipal Almirante Alfredo Carlos Soares Dutra \u2013 Alc\u00e2ntara<\/p>\n\n\n\n<p>Col\u00e9gio Municipal Amaral Peixoto \u2013 Lindo Parque<\/p>\n\n\n\n<p>Escola Municipal Irene Barbosa Ornellas \u2013 Jardim Catarina<\/p>\n\n\n\n<p>Escola Municipal Jos\u00e9 Manna J\u00fanior \u2013 Nova Cidade<\/p>\n\n\n\n<p>Escola Municipal Leonor Corr\u00eaa \u2013 Trindade<\/p>\n\n\n\n<p>Escola Municipal Luiz Gonzaga- Antonina<\/p>\n\n\n\n<p>Escola Municipal Prefeito Nicanor Ferreira Nunes \u2013 Jardim Catarina<\/p>\n\n\n\n<p>Escola Municipal Aurelina Dias Cavalcanti \u2013 Amendoeira<\/p>\n\n\n\n<p>Escola Municipal&nbsp;Maria Eul\u00e1lia Concei\u00e7\u00e3o de Oliveira Maciel \u2013 Raul Veiga<\/p>\n\n\n\n<p>Escola Municipal Visconde de Sepetiba \u2013 Nova Cidade<\/p>\n\n\n\n<p>Escola Estadual Municipalizada Gaxindiba \u2013 Gaxindiba<\/p>\n\n\n\n<p>Escola Municipal Mario Quintana \u2013 Engenho Pequeno<\/p>\n\n\n\n<p>Escola Municipal An\u00edsio Sp\u00ednola Teixeira \u2013 Santa Luzia<\/p>\n\n\n\n<p>Escola Municipal Jo\u00e3o Cabral de Mello Netto \u2013 Vista Alegre<\/p>\n\n\n\n<p>Escola Municipal C\u00e9lia Pereira da Rosa \u2013 Santa Izabel<\/p>\n\n\n\n<p>Escola Municipal Pastor Haroldo Gomes \u2013 Ita\u00fana.<\/p>\n\n\n\n<p><strong><em>S\u00e3o Gon\u00e7alo vai mudar: Not\u00edcias de S\u00e3o Gon\u00e7alo e toda regi\u00e3o.<\/em><\/strong><\/p>\n\n\n\n<figure class=\"wp-block-image size-large\"><img decoding=\"async\" width=\"1024\" height=\"46\" src=\"https:\/\/sgvaimudar.com.br\/wp-content\/uploads\/2023\/08\/Anuncie-Aqui-Sao-Goncalo-vai-mudar-1024x46.png\" alt=\"\" class=\"wp-image-2740\" srcset=\"https:\/\/sgvaimudar.com.br\/wp-content\/uploads\/2023\/08\/Anuncie-Aqui-Sao-Goncalo-vai-mudar-1024x46.png 1024w, https:\/\/sgvaimudar.com.br\/wp-content\/uploads\/2023\/08\/Anuncie-Aqui-Sao-Goncalo-vai-mudar-300x13.png 300w, https:\/\/sgvaimudar.com.br\/wp-content\/uploads\/2023\/08\/Anuncie-Aqui-Sao-Goncalo-vai-mudar-768x35.png 768w, https:\/\/sgvaimudar.com.br\/wp-content\/uploads\/2023\/08\/Anuncie-Aqui-Sao-Goncalo-vai-mudar-1536x69.png 1536w, https:\/\/sgvaimudar.com.br\/wp-content\/uploads\/2023\/08\/Anuncie-Aqui-Sao-Goncalo-vai-mudar.png 2002w\" sizes=\"(max-width: 1024px) 100vw, 1024px\" \/><\/figure>\n","protected":false},"excerpt":{"rendered":"<p>Rematr\u00edcula come\u00e7a nesta quarta-feira (25); alunos novos a partir de 7 de julho O processo de matr\u00edcula para o segundo&hellip;<\/p>\n","protected":false},"author":5,"featured_media":26894,"comment_status":"open","ping_status":"open","sticky":false,"template":"","format":"standard","meta":{"fifu_image_url":"","fifu_image_alt":"","footnotes":""},"categories":[3],"tags":[47,75],"class_list":["post-26893","post","type-post","status-publish","format-standard","has-post-thumbnail","hentry","category-sao-goncalo","tag-rj","tag-sao-goncalo"],"_links":{"self":[{"href":"https:\/\/sgvaimudar.com.br\/index.php\/wp-json\/wp\/v2\/posts\/26893","targetHints":{"allow":["GET"]}}],"collection":[{"href":"https:\/\/sgvaimudar.com.br\/index.php\/wp-json\/wp\/v2\/posts"}],"about":[{"href":"https:\/\/sgvaimudar.com.br\/index.php\/wp-json\/wp\/v2\/types\/post"}],"author":[{"embeddable":true,"href":"https:\/\/sgvaimudar.com.br\/index.php\/wp-json\/wp\/v2\/users\/5"}],"replies":[{"embeddable":true,"href":"https:\/\/sgvaimudar.com.br\/index.php\/wp-json\/wp\/v2\/comments?post=26893"}],"version-history":[{"count":1,"href":"https:\/\/sgvaimudar.com.br\/index.php\/wp-json\/wp\/v2\/posts\/26893\/revisions"}],"predecessor-version":[{"id":26895,"href":"https:\/\/sgvaimudar.com.br\/index.php\/wp-json\/wp\/v2\/posts\/26893\/revisions\/26895"}],"wp:featuredmedia":[{"embeddable":true,"href":"https:\/\/sgvaimudar.com.br\/index.php\/wp-json\/wp\/v2\/media\/26894"}],"wp:attachment":[{"href":"https:\/\/sgvaimudar.com.br\/index.php\/wp-json\/wp\/v2\/media?parent=26893"}],"wp:term":[{"taxonomy":"category","embeddable":true,"href":"https:\/\/sgvaimudar.com.br\/index.php\/wp-json\/wp\/v2\/categories?post=26893"},{"taxonomy":"post_tag","embeddable":true,"href":"https:\/\/sgvaimudar.com.br\/index.php\/wp-json\/wp\/v2\/tags?post=26893"}],"curies":[{"name":"wp","href":"https:\/\/api.w.org\/{rel}","templated":true}]}}