{"id":26890,"date":"2025-06-24T07:53:50","date_gmt":"2025-06-24T10:53:50","guid":{"rendered":"https:\/\/sgvaimudar.com.br\/?p=26890"},"modified":"2025-06-24T07:53:51","modified_gmt":"2025-06-24T10:53:51","slug":"em-sao-goncalo-funasg-realiza-roda-de-conversa-terapeutica-com-servidores-idosos","status":"publish","type":"post","link":"https:\/\/sgvaimudar.com.br\/index.php\/2025\/06\/24\/em-sao-goncalo-funasg-realiza-roda-de-conversa-terapeutica-com-servidores-idosos\/","title":{"rendered":"Em S\u00e3o Gon\u00e7alo, Funasg realiza roda de conversa terap\u00eautica com servidores idosos"},"content":{"rendered":"\n<p><em>Projeto surgiu em 2021 e vem transformando vidas<\/em><\/p>\n\n\n\n<p>A Funda\u00e7\u00e3o de Assist\u00eancia \u00e0 Sa\u00fade dos Servidores de S\u00e3o Gon\u00e7alo (Funasg) realiza, a cada 15 dias, uma roda de conversa terap\u00eautica com idosos em sua sede, no Centro. O objetivo do projeto \u00e9 promover pertencimento, intera\u00e7\u00e3o social, constru\u00e7\u00e3o de autonomia e fortalecimento de la\u00e7os sociais aos participantes. <\/p>\n\n\n\n<p>Durante a roda de conversa desta segunda-feira (23), por exemplo, o tema do bate-papo estava ligado aos desafios do envelhecimento da popula\u00e7\u00e3o no Brasil.<\/p>\n\n\n\n<p>O projeto, que teve in\u00edcio em dezembro de 2021, \u00e9 encabe\u00e7ado pela psic\u00f3loga Polyana Loureiro Martins e conta com o apoio tamb\u00e9m da assistente social C\u00e1ssia Regina.<\/p>\n\n\n\n<p>&#8220;Esse grupo surgiu em 2021 a partir de uma demanda p\u00f3s-pandemia dos idosos, que chegaram com queixas ligadas ao luto pela perda de familiares, tristeza, sintomas de ansiedade, isolamento e queixas de solid\u00e3o. A partir da\u00ed, sentimos a necessidade de legitimar a dor deles e dar-lhes escuta. Desde ent\u00e3o, demos continuidade ao grupo, que \u00e9 renovado a cada seis meses, quando chamamos outros idosos interessados para participar&#8221;, disse Polyana.<\/p>\n\n\n\n<p>A roda de conversas \u00e9 um espa\u00e7o de trocas para que os participantes possam fazer amizade. \u00c9 o que afirma o presidente da Funasg, Eug\u00eanio Abreu.<\/p>\n\n\n\n<p>&#8220;Esse projeto \u00e9 muito importante porque discute temas ligados ao envelhecimento, \u00e0 solid\u00e3o e problemas familiares. Damos suporte e tamb\u00e9m fazemos com que essas pessoas criem la\u00e7os, se escutem e entendam que h\u00e1 quest\u00f5es compat\u00edveis entre si. Os idosos s\u00e3o entrevistados pela C\u00e1ssia antes de participar, para que possam entrar no grupo. Ela entende se eles possuem as mesmas demandas dos outros participantes para que todos sejam ouvidos e possam ouvir. Tamb\u00e9m aproveitamos o espa\u00e7o e trazemos convidados para falar sobre temas ligados ao grupo. Tudo \u00e9 bastante participativo&#8221;, disse.<\/p>\n\n\n\n<p>Lieni Macedo Gon\u00e7alves, de 73 anos, \u00e9 uma das participantes atuais da roda de conversa e afirma que o grupo a ajudou. Ela passou a frequentar os encontros no in\u00edcio do ano de 2025, ap\u00f3s problemas familiares.<\/p>\n\n\n\n<p>&#8220;Eu n\u00e3o ligava muito para atendimento psicol\u00f3gico at\u00e9 quando foi necess\u00e1rio. A partir da\u00ed, vim aqui, conversei com a C\u00e1ssia e, desde ent\u00e3o, venho ao grupo. Tenho percebido que minha forma de reagir est\u00e1 mudando, est\u00e1 melhor. Para mim, o grupo tem sido fundamental, me sinto abra\u00e7ada e estou muito feliz aqui&#8221;, disse.<\/p>\n\n\n\n<p>A merendeira Jacyra de Oliveira, de 73 anos, tamb\u00e9m participa do grupo. Servidora ativa do munic\u00edpio, ela procurou a roda de conversa depois de passar por lutos.<\/p>\n\n\n\n<p>&#8220;O grupo est\u00e1 sendo \u00f3timo, estou tendo novas atitudes e decis\u00f5es, est\u00e1 me dando muita for\u00e7a. Eu recomendo para todos que puderem fazer. Al\u00e9m disso, estou fazendo novas amizades, adquirindo conhecimento, dentre outras coisas&#8221;, afirmou a merendeira.<\/p>\n\n\n\n<p>Podem participar da roda de conversa servidores ativos e inativos do munic\u00edpio e seus dependentes com mais de 60 anos. Para demonstrar interesse no grupo, basta entrar em contato com a Funasg pelo n\u00famero de Whatsapp: (21) 99254-4448. Os encontros acontecem a cada 15 dias, \u00e0s 9h, e t\u00eam dura\u00e7\u00e3o de uma hora.<\/p>\n\n\n\n<p><em>Fotos: Fabio Guimar\u00e3e<\/em>s<\/p>\n\n\n\n<figure class=\"wp-block-image size-large\"><img decoding=\"async\" width=\"1024\" height=\"46\" src=\"https:\/\/sgvaimudar.com.br\/wp-content\/uploads\/2023\/08\/Anuncie-Aqui-Sao-Goncalo-vai-mudar-1024x46.png\" alt=\"\" class=\"wp-image-2740\" srcset=\"https:\/\/sgvaimudar.com.br\/wp-content\/uploads\/2023\/08\/Anuncie-Aqui-Sao-Goncalo-vai-mudar-1024x46.png 1024w, https:\/\/sgvaimudar.com.br\/wp-content\/uploads\/2023\/08\/Anuncie-Aqui-Sao-Goncalo-vai-mudar-300x13.png 300w, https:\/\/sgvaimudar.com.br\/wp-content\/uploads\/2023\/08\/Anuncie-Aqui-Sao-Goncalo-vai-mudar-768x35.png 768w, https:\/\/sgvaimudar.com.br\/wp-content\/uploads\/2023\/08\/Anuncie-Aqui-Sao-Goncalo-vai-mudar-1536x69.png 1536w, https:\/\/sgvaimudar.com.br\/wp-content\/uploads\/2023\/08\/Anuncie-Aqui-Sao-Goncalo-vai-mudar.png 2002w\" sizes=\"(max-width: 1024px) 100vw, 1024px\" \/><\/figure>\n","protected":false},"excerpt":{"rendered":"<p>Projeto surgiu em 2021 e vem transformando vidas A Funda\u00e7\u00e3o de Assist\u00eancia \u00e0 Sa\u00fade dos Servidores de S\u00e3o Gon\u00e7alo (Funasg)&hellip;<\/p>\n","protected":false},"author":5,"featured_media":26891,"comment_status":"open","ping_status":"open","sticky":false,"template":"","format":"standard","meta":{"fifu_image_url":"","fifu_image_alt":"","footnotes":""},"categories":[7],"tags":[47,75],"class_list":["post-26890","post","type-post","status-publish","format-standard","has-post-thumbnail","hentry","category-saude","tag-rj","tag-sao-goncalo"],"_links":{"self":[{"href":"https:\/\/sgvaimudar.com.br\/index.php\/wp-json\/wp\/v2\/posts\/26890","targetHints":{"allow":["GET"]}}],"collection":[{"href":"https:\/\/sgvaimudar.com.br\/index.php\/wp-json\/wp\/v2\/posts"}],"about":[{"href":"https:\/\/sgvaimudar.com.br\/index.php\/wp-json\/wp\/v2\/types\/post"}],"author":[{"embeddable":true,"href":"https:\/\/sgvaimudar.com.br\/index.php\/wp-json\/wp\/v2\/users\/5"}],"replies":[{"embeddable":true,"href":"https:\/\/sgvaimudar.com.br\/index.php\/wp-json\/wp\/v2\/comments?post=26890"}],"version-history":[{"count":1,"href":"https:\/\/sgvaimudar.com.br\/index.php\/wp-json\/wp\/v2\/posts\/26890\/revisions"}],"predecessor-version":[{"id":26892,"href":"https:\/\/sgvaimudar.com.br\/index.php\/wp-json\/wp\/v2\/posts\/26890\/revisions\/26892"}],"wp:featuredmedia":[{"embeddable":true,"href":"https:\/\/sgvaimudar.com.br\/index.php\/wp-json\/wp\/v2\/media\/26891"}],"wp:attachment":[{"href":"https:\/\/sgvaimudar.com.br\/index.php\/wp-json\/wp\/v2\/media?parent=26890"}],"wp:term":[{"taxonomy":"category","embeddable":true,"href":"https:\/\/sgvaimudar.com.br\/index.php\/wp-json\/wp\/v2\/categories?post=26890"},{"taxonomy":"post_tag","embeddable":true,"href":"https:\/\/sgvaimudar.com.br\/index.php\/wp-json\/wp\/v2\/tags?post=26890"}],"curies":[{"name":"wp","href":"https:\/\/api.w.org\/{rel}","templated":true}]}}