{"id":26862,"date":"2025-06-23T12:00:00","date_gmt":"2025-06-23T15:00:00","guid":{"rendered":"https:\/\/sgvaimudar.com.br\/?p=26862"},"modified":"2025-06-23T09:50:59","modified_gmt":"2025-06-23T12:50:59","slug":"itaborai-vive-o-terceiro-dia-de-festa-de-sao-joao-com-leilao-missa-campal-e-show-catolico","status":"publish","type":"post","link":"https:\/\/sgvaimudar.com.br\/index.php\/2025\/06\/23\/itaborai-vive-o-terceiro-dia-de-festa-de-sao-joao-com-leilao-missa-campal-e-show-catolico\/","title":{"rendered":"Itabora\u00ed vive o terceiro dia de Festa de S\u00e3o Jo\u00e3o com leil\u00e3o, missa campal e show cat\u00f3lico"},"content":{"rendered":"\n<p>O domingo (22\/06) foi mais um dia de f\u00e9, tradi\u00e7\u00e3o e muita anima\u00e7\u00e3o na Festa de S\u00e3o Jo\u00e3o Batista, padroeiro de Itabora\u00ed, realizada na Pra\u00e7a Marechal Floriano Peixoto, no Centro. <\/p>\n\n\n\n<p>Organizada pela Par\u00f3quia S\u00e3o Jo\u00e3o Batista e com apoio da Prefeitura de Itabora\u00ed, a festa segue movimentando o munic\u00edpio, reunindo centenas de moradores e visitantes em um evento que j\u00e1 se consolidou como Patrim\u00f4nio Cultural Imaterial da cidade.<\/p>\n\n\n\n<p>A programa\u00e7\u00e3o do dia come\u00e7ou pela manh\u00e3 com o tradicional leil\u00e3o, seguido do almo\u00e7o com chuleta, atraindo muitas fam\u00edlias para um momento de confraterniza\u00e7\u00e3o e sabores t\u00edpicos. \u00c0 tarde, a movimenta\u00e7\u00e3o continuou com a troca de cartelas e o aguardado Show de Pr\u00eamios.<\/p>\n\n\n\n<figure class=\"wp-block-image size-large\"><img fetchpriority=\"high\" decoding=\"async\" width=\"1024\" height=\"682\" src=\"https:\/\/sgvaimudar.com.br\/wp-content\/uploads\/2025\/06\/Itaborai-vive-o-terceiro-dia-de-Festa-de-Sao-Joao-3-1024x682.jpg\" alt=\"\" class=\"wp-image-26863\" srcset=\"https:\/\/sgvaimudar.com.br\/wp-content\/uploads\/2025\/06\/Itaborai-vive-o-terceiro-dia-de-Festa-de-Sao-Joao-3-1024x682.jpg 1024w, https:\/\/sgvaimudar.com.br\/wp-content\/uploads\/2025\/06\/Itaborai-vive-o-terceiro-dia-de-Festa-de-Sao-Joao-3-300x200.jpg 300w, https:\/\/sgvaimudar.com.br\/wp-content\/uploads\/2025\/06\/Itaborai-vive-o-terceiro-dia-de-Festa-de-Sao-Joao-3-768x512.jpg 768w, https:\/\/sgvaimudar.com.br\/wp-content\/uploads\/2025\/06\/Itaborai-vive-o-terceiro-dia-de-Festa-de-Sao-Joao-3-1536x1023.jpg 1536w, https:\/\/sgvaimudar.com.br\/wp-content\/uploads\/2025\/06\/Itaborai-vive-o-terceiro-dia-de-Festa-de-Sao-Joao-3.jpg 1600w\" sizes=\"(max-width: 1024px) 100vw, 1024px\" \/><\/figure>\n\n\n\n<p>J\u00e1 \u00e0 noite, o clima de f\u00e9 tomou conta da pra\u00e7a com o 8\u00ba dia da Novena, em uma bela Missa Campal celebrada pelo padre Rafael Oliveira, seguida do show cat\u00f3lico da banda Plenitude que animou a todos com m\u00fasicas de louvor e adora\u00e7\u00e3o.<\/p>\n\n\n\n<p>O secret\u00e1rio municipal de Turismo e Eventos, Jos\u00e9 Carlos Cobra, ressaltou o sucesso da festa.<\/p>\n\n\n\n<p>\u201cA cada ano vemos essa festa crescer, se firmando como uma das mais bonitas e tradicionais do nosso calend\u00e1rio. \u00c9 gratificante ver tantas fam\u00edlias participando, vivenciando a f\u00e9 e a cultura popular. A Prefeitura tem muito orgulho de apoiar esse evento que fortalece a identidade e a mem\u00f3ria da nossa cidade&#8221;, afirmou o secret\u00e1rio.<\/p>\n\n\n\n<p>O p\u00e1roco Pe. Rafael Oliveira destacou a participa\u00e7\u00e3o da comunidade.<\/p>\n\n\n\n<p>\u201cA festa est\u00e1 sendo maravilhosa, com uma participa\u00e7\u00e3o popular muito expressiva. A pra\u00e7a est\u00e1 cheia de alegria e de fam\u00edlias reunidas para celebrar, rezar e agradecer a Deus. \u00c9 muito bonito ver essa uni\u00e3o! Amanh\u00e3, teremos o \u00faltimo dia da Novena e o tradicional acendimento da fogueira, que traz muito significado e resgata mem\u00f3rias da inf\u00e2ncia. \u00c9 sempre uma alegria poder proporcionar isso para o cora\u00e7\u00e3o das pessoas&#8221;, expressou o sacerdote.<\/p>\n\n\n\n<p>Quem prestigiou a festa no domingo foi Denise Brasil, de 59 anos, moradora do Jardim Imperial, que compartilhou sua experi\u00eancia.<\/p>\n\n\n\n<p>\u201cEstou amando a festa! \u00c9 o primeiro dia que venho. Achei o ambiente muito familiar! Estou aqui desde \u00e0s 15h, participei da missa, passeei, comi comidas t\u00edpicas e agora estou indo para casa. Quero vir de novo no dia 24, dia do padroeiro\u201d, destacou a artes\u00e3.<\/p>\n\n\n\n<p>A expectativa \u00e9 de que nos pr\u00f3ximos dias a festa receba ainda mais p\u00fablico, encerrando com chave de ouro essa grande celebra\u00e7\u00e3o de f\u00e9, cultura e tradi\u00e7\u00e3o em Itabora\u00ed. A programa\u00e7\u00e3o continua nesta segunda e ter\u00e7a-feira, com momentos especiais que prometem encantar ainda mais o p\u00fablico:<\/p>\n\n\n\n<p><strong>Segunda-feira (23\/06)<br><\/strong>19h \u2013 9\u00ba Dia da Novena \u2013 Santa Missa Campal<br>21h \u2013 Acendimento da Fogueira<br>A seguir \u2013 Louvor Cat\u00f3lico<\/p>\n\n\n\n<p><strong>Ter\u00e7a-feira (24\/06) \u2013 Dia de S\u00e3o Jo\u00e3o Batista<br><\/strong>08h \u2013 Santa Missa com Pe. Max<br>10h \u2013 Santa Missa com Pe. Leo<br>12h \u2013 Almo\u00e7o<br>15h \u2013 Ter\u00e7o da Miseric\u00f3rdia ao Vivo pela R\u00e1dio Catedral<br>19h \u2013 Santa Missa e Prociss\u00e3o<br>21h \u2013 Quadrilh\u00e3o com o Setor Juventude.<\/p>\n\n\n\n<p><strong><em>S\u00e3o Gon\u00e7alo vai mudar: Not\u00edcias de S\u00e3o Gon\u00e7alo e toda regi\u00e3o.<\/em><\/strong><\/p>\n\n\n\n<figure class=\"wp-block-image size-large\"><img decoding=\"async\" width=\"1024\" height=\"252\" src=\"https:\/\/sgvaimudar.com.br\/wp-content\/uploads\/2023\/10\/Anuncie-Aqui-Sao-Goncalo-vai-mudar-1-1024x252.jpg\" alt=\"\" class=\"wp-image-3620\" srcset=\"https:\/\/sgvaimudar.com.br\/wp-content\/uploads\/2023\/10\/Anuncie-Aqui-Sao-Goncalo-vai-mudar-1-1024x252.jpg 1024w, https:\/\/sgvaimudar.com.br\/wp-content\/uploads\/2023\/10\/Anuncie-Aqui-Sao-Goncalo-vai-mudar-1-300x74.jpg 300w, https:\/\/sgvaimudar.com.br\/wp-content\/uploads\/2023\/10\/Anuncie-Aqui-Sao-Goncalo-vai-mudar-1-768x189.jpg 768w, https:\/\/sgvaimudar.com.br\/wp-content\/uploads\/2023\/10\/Anuncie-Aqui-Sao-Goncalo-vai-mudar-1-1536x378.jpg 1536w, https:\/\/sgvaimudar.com.br\/wp-content\/uploads\/2023\/10\/Anuncie-Aqui-Sao-Goncalo-vai-mudar-1-2048x504.jpg 2048w\" sizes=\"(max-width: 1024px) 100vw, 1024px\" \/><\/figure>\n","protected":false},"excerpt":{"rendered":"<p>O domingo (22\/06) foi mais um dia de f\u00e9, tradi\u00e7\u00e3o e muita anima\u00e7\u00e3o na Festa de S\u00e3o Jo\u00e3o Batista, padroeiro&hellip;<\/p>\n","protected":false},"author":5,"featured_media":26864,"comment_status":"open","ping_status":"open","sticky":false,"template":"","format":"standard","meta":{"fifu_image_url":"","fifu_image_alt":"","footnotes":""},"categories":[6],"tags":[47],"class_list":["post-26862","post","type-post","status-publish","format-standard","has-post-thumbnail","hentry","category-entretenimento","tag-rj"],"_links":{"self":[{"href":"https:\/\/sgvaimudar.com.br\/index.php\/wp-json\/wp\/v2\/posts\/26862","targetHints":{"allow":["GET"]}}],"collection":[{"href":"https:\/\/sgvaimudar.com.br\/index.php\/wp-json\/wp\/v2\/posts"}],"about":[{"href":"https:\/\/sgvaimudar.com.br\/index.php\/wp-json\/wp\/v2\/types\/post"}],"author":[{"embeddable":true,"href":"https:\/\/sgvaimudar.com.br\/index.php\/wp-json\/wp\/v2\/users\/5"}],"replies":[{"embeddable":true,"href":"https:\/\/sgvaimudar.com.br\/index.php\/wp-json\/wp\/v2\/comments?post=26862"}],"version-history":[{"count":1,"href":"https:\/\/sgvaimudar.com.br\/index.php\/wp-json\/wp\/v2\/posts\/26862\/revisions"}],"predecessor-version":[{"id":26865,"href":"https:\/\/sgvaimudar.com.br\/index.php\/wp-json\/wp\/v2\/posts\/26862\/revisions\/26865"}],"wp:featuredmedia":[{"embeddable":true,"href":"https:\/\/sgvaimudar.com.br\/index.php\/wp-json\/wp\/v2\/media\/26864"}],"wp:attachment":[{"href":"https:\/\/sgvaimudar.com.br\/index.php\/wp-json\/wp\/v2\/media?parent=26862"}],"wp:term":[{"taxonomy":"category","embeddable":true,"href":"https:\/\/sgvaimudar.com.br\/index.php\/wp-json\/wp\/v2\/categories?post=26862"},{"taxonomy":"post_tag","embeddable":true,"href":"https:\/\/sgvaimudar.com.br\/index.php\/wp-json\/wp\/v2\/tags?post=26862"}],"curies":[{"name":"wp","href":"https:\/\/api.w.org\/{rel}","templated":true}]}}