{"id":26858,"date":"2025-06-23T11:00:00","date_gmt":"2025-06-23T14:00:00","guid":{"rendered":"https:\/\/sgvaimudar.com.br\/?p=26858"},"modified":"2025-06-23T09:47:41","modified_gmt":"2025-06-23T12:47:41","slug":"niteroiense-e-localizada-mas-resgate-e-interrompido-mais-uma-vez","status":"publish","type":"post","link":"https:\/\/sgvaimudar.com.br\/index.php\/2025\/06\/23\/niteroiense-e-localizada-mas-resgate-e-interrompido-mais-uma-vez\/","title":{"rendered":"Niteroiense \u00e9 localizada, mas resgate \u00e9 interrompido\u00a0mais uma vez"},"content":{"rendered":"\n<p>Condi\u00e7\u00f5es meteorol\u00f3gicas dificultam retirada de Juliana do local<\/p>\n\n\n\n<p>A ang\u00fastia continua para a publicit\u00e1ria e moradora de Niter\u00f3i, Juliana Marins, de 26 anos, que segue pelo terceiro dia consecutivo em \u00e1rea de vulc\u00e3o desativado na Indon\u00e9sia, sem \u00e1gua e alimento. Apesar dela ter sido localizada, as condi\u00e7\u00f5es meteorol\u00f3gicas estariam dificultando o trabalho de resgate.&nbsp;<\/p>\n\n\n\n<p>Segundo autoridades brasileiras, a publicit\u00e1ria ainda est\u00e1 abaixo de 350 metros de onde os socorristas conseguiram alcan\u00e7ar o local exato do penhasco no Monte Rinjani. A situa\u00e7\u00e3o gerou revolta nos familiares, que mais uma vez protestaram nas redes sociais. J\u00e1 s\u00e3o mais de 60 horas desde o momento do acidente.\u00a0<\/p>\n\n\n\n<figure class=\"wp-block-video\"><video height=\"480\" style=\"aspect-ratio: 848 \/ 480;\" width=\"848\" controls src=\"https:\/\/sgvaimudar.com.br\/wp-content\/uploads\/2025\/06\/Confirmamos-informacoes-que-dois-alpinistas-bem-experientes-da-regiao-estao-indo-ao-encontro-do-local-do-acidente-de-Juliana.-Nao-temos-a-informacao-se-eles-conseguirao-dar-continuidade-ao-resgate-durante-a-noite.mp4\"><\/video><\/figure>\n\n\n\n<p>&#8220;Um dia inteiro e eles avan\u00e7aram somente 250 metros abaixo. Faltavam 350 metros para chegar na Juliana e eles recuaram mais uma vez! N\u00f3s precisamos de ajuda! N\u00f3s precisamos que o resgate chegue at\u00e9 Juliana com urg\u00eancia [&#8230;] Juliana vai passar mais uma noite sem resgate por neglig\u00eancia!&#8221;, postou no Instagram.<\/p>\n\n\n\n<p>Ainda na postagem, os familiares contestaram a neglig\u00eancia e a demora no resgate. Nas imagens publicadas no Instagram, eles mostraram que o tempo estava limpo por volta das 9h do hor\u00e1rio local. Mais tarde, \u00e0s 16h, o c\u00e9u j\u00e1 estava nublado, com pouca visibilidade. Com isso, eles questionaram o porqu\u00ea do resgate n\u00e3o ter sido realizado nas primeiras horas do dia, quando a condi\u00e7\u00e3o clim\u00e1tica estava favor\u00e1vel.<\/p>\n\n\n\n<figure class=\"wp-block-image size-full\"><img fetchpriority=\"high\" decoding=\"async\" width=\"841\" height=\"479\" src=\"https:\/\/sgvaimudar.com.br\/wp-content\/uploads\/2025\/06\/vulcao.jpg\" alt=\"\" class=\"wp-image-26774\" srcset=\"https:\/\/sgvaimudar.com.br\/wp-content\/uploads\/2025\/06\/vulcao.jpg 841w, https:\/\/sgvaimudar.com.br\/wp-content\/uploads\/2025\/06\/vulcao-300x171.jpg 300w, https:\/\/sgvaimudar.com.br\/wp-content\/uploads\/2025\/06\/vulcao-768x437.jpg 768w\" sizes=\"(max-width: 841px) 100vw, 841px\" \/><\/figure>\n\n\n\n<p>&#8220;Aparentemente \u00e9 padr\u00e3o nessa \u00e9poca do ano que o clima se comporte dessa forma. Eles t\u00eam ci\u00eancia disso e n\u00e3o agilizam o processo de resgate. Lento, sem planejamento, compet\u00eancia e estrutura. Precisamos de ajuda!&#8221;, clamou nas redes sociais.<\/p>\n\n\n\n<p><strong>ENTENDA &#8211; <\/strong>Tudo ocorreu na noite de sexta-feira (20), por volta das 19h (hor\u00e1rio de Bras\u00edlia), equivalente \u00e0s 5h da manh\u00e3 no hor\u00e1rio local. Equipes de resgate foram acionadas e chegaram \u00e0 regi\u00e3o \u00e0s 4h30 (hor\u00e1rio de Bras\u00edlia), ou 14h30 no hor\u00e1rio da Indon\u00e9sia.<\/p>\n\n\n\n<p>A fam\u00edlia de Juliana descobriu, por meio de pessoas que estavam no local, que a jovem n\u00e3o estava acompanhada por um guia no momento da queda, mas sim sozinha.<\/p>\n\n\n\n<p>Segundo relatos, a jovem teria se queixado de cansa\u00e7o e, ao receber a orienta\u00e7\u00e3o para descansar, o guia a teria deixado sozinha no local. Com medo e sem o grupo por perto, Juliana teria ca\u00eddo e despencado de uma altura superior a 300 metros em um trecho \u00edngreme da montanha, numa \u00e1rea de dif\u00edcil acesso onde, conforme informado pela fam\u00edlia, n\u00e3o h\u00e1 possibilidade de resgate por helic\u00f3ptero.<\/p>\n\n\n\n<p>Juliana foi vista pela \u00faltima vez por volta das 17h30 (hor\u00e1rio local) do s\u00e1bado (21), em imagens feitas por turistas com o aux\u00edlio de um drone. Segundo a fam\u00edlia, essas imagens que mostram a jovem ca\u00edda na trilha s\u00e3o reais.<\/p>\n\n\n\n<p>A trilha que Juliana fazia com um grupo guiado na regi\u00e3o estava prevista para durar de 20 a 22 de junho, totalizando tr\u00eas dias e duas noites. Desde fevereiro deste ano, ela est\u00e1 em uma viagem mochil\u00e3o pela \u00c1sia, tendo passado por pa\u00edses como Filipinas, Tail\u00e2ndia e Vietn\u00e3.<\/p>\n\n\n\n<p>Ap\u00f3s o acidente, Juliana n\u00e3o conseguiu contatar a fam\u00edlia diretamente devido \u00e0 falta de sinal. As informa\u00e7\u00f5es chegaram ao Brasil por meio de um grupo de turistas que tamb\u00e9m realizava a trilha e conseguiu entrar em contato com pessoas pr\u00f3ximas \u00e0 jovem utilizando uma rede social. Eles enviaram mensagens para diversos contatos ap\u00f3s encontrarem o perfil dela.<\/p>\n\n\n\n<p><strong>SOBRE JULIANA &#8211; <\/strong>Juliana Marins, nascida em Niter\u00f3i, na Regi\u00e3o Metropolitana do Rio, \u00e9 formada em Publicidade e Propaganda pela Universidade Federal do Rio de Janeiro (UFRJ) e tamb\u00e9m se dedica ao pole dance. Desde fevereiro, ela estava em uma viagem de mochil\u00e3o pela \u00c1sia, tendo visitado pa\u00edses como Filipinas, Vietn\u00e3 e Tail\u00e2ndia antes de chegar \u00e0 Indon\u00e9sia.<\/p>\n\n\n\n<p>Durante a jornada, Juliana compartilhava momentos da viagem nas redes sociais, onde mantinha contato com amigos e seguidores. No entanto, um acidente interrompeu inesperadamente sua trajet\u00f3ria, e agora familiares e amigos acompanham, com ang\u00fastia, as buscas por informa\u00e7\u00f5es sobre seu paradeiro e estado de sa\u00fade.<\/p>\n\n\n\n<p><strong><em>S\u00e3o Gon\u00e7alo vai mudar: Not\u00edcias de S\u00e3o Gon\u00e7alo e toda regi\u00e3o.<\/em><\/strong><\/p>\n\n\n\n<figure class=\"wp-block-image size-large\"><img decoding=\"async\" width=\"1024\" height=\"252\" src=\"https:\/\/sgvaimudar.com.br\/wp-content\/uploads\/2025\/03\/Anuncie-Aqui-Sao-Goncalo-vai-mudar-1024x252.jpg\" alt=\"\" class=\"wp-image-22693\" srcset=\"https:\/\/sgvaimudar.com.br\/wp-content\/uploads\/2025\/03\/Anuncie-Aqui-Sao-Goncalo-vai-mudar-1024x252.jpg 1024w, https:\/\/sgvaimudar.com.br\/wp-content\/uploads\/2025\/03\/Anuncie-Aqui-Sao-Goncalo-vai-mudar-300x74.jpg 300w, https:\/\/sgvaimudar.com.br\/wp-content\/uploads\/2025\/03\/Anuncie-Aqui-Sao-Goncalo-vai-mudar-768x189.jpg 768w, https:\/\/sgvaimudar.com.br\/wp-content\/uploads\/2025\/03\/Anuncie-Aqui-Sao-Goncalo-vai-mudar-1536x378.jpg 1536w, https:\/\/sgvaimudar.com.br\/wp-content\/uploads\/2025\/03\/Anuncie-Aqui-Sao-Goncalo-vai-mudar-2048x504.jpg 2048w\" sizes=\"(max-width: 1024px) 100vw, 1024px\" \/><\/figure>\n","protected":false},"excerpt":{"rendered":"<p>Condi\u00e7\u00f5es meteorol\u00f3gicas dificultam retirada de Juliana do local A ang\u00fastia continua para a publicit\u00e1ria e moradora de Niter\u00f3i, Juliana Marins,&hellip;<\/p>\n","protected":false},"author":5,"featured_media":26859,"comment_status":"open","ping_status":"open","sticky":false,"template":"","format":"standard","meta":{"fifu_image_url":"","fifu_image_alt":"","footnotes":""},"categories":[1],"tags":[47],"class_list":["post-26858","post","type-post","status-publish","format-standard","has-post-thumbnail","hentry","category-mundo","tag-rj"],"_links":{"self":[{"href":"https:\/\/sgvaimudar.com.br\/index.php\/wp-json\/wp\/v2\/posts\/26858","targetHints":{"allow":["GET"]}}],"collection":[{"href":"https:\/\/sgvaimudar.com.br\/index.php\/wp-json\/wp\/v2\/posts"}],"about":[{"href":"https:\/\/sgvaimudar.com.br\/index.php\/wp-json\/wp\/v2\/types\/post"}],"author":[{"embeddable":true,"href":"https:\/\/sgvaimudar.com.br\/index.php\/wp-json\/wp\/v2\/users\/5"}],"replies":[{"embeddable":true,"href":"https:\/\/sgvaimudar.com.br\/index.php\/wp-json\/wp\/v2\/comments?post=26858"}],"version-history":[{"count":1,"href":"https:\/\/sgvaimudar.com.br\/index.php\/wp-json\/wp\/v2\/posts\/26858\/revisions"}],"predecessor-version":[{"id":26861,"href":"https:\/\/sgvaimudar.com.br\/index.php\/wp-json\/wp\/v2\/posts\/26858\/revisions\/26861"}],"wp:featuredmedia":[{"embeddable":true,"href":"https:\/\/sgvaimudar.com.br\/index.php\/wp-json\/wp\/v2\/media\/26859"}],"wp:attachment":[{"href":"https:\/\/sgvaimudar.com.br\/index.php\/wp-json\/wp\/v2\/media?parent=26858"}],"wp:term":[{"taxonomy":"category","embeddable":true,"href":"https:\/\/sgvaimudar.com.br\/index.php\/wp-json\/wp\/v2\/categories?post=26858"},{"taxonomy":"post_tag","embeddable":true,"href":"https:\/\/sgvaimudar.com.br\/index.php\/wp-json\/wp\/v2\/tags?post=26858"}],"curies":[{"name":"wp","href":"https:\/\/api.w.org\/{rel}","templated":true}]}}