{"id":26855,"date":"2025-06-23T10:59:00","date_gmt":"2025-06-23T13:59:00","guid":{"rendered":"https:\/\/sgvaimudar.com.br\/?p=26855"},"modified":"2025-06-23T09:37:35","modified_gmt":"2025-06-23T12:37:35","slug":"policia-civil-prende-o-maior-ladrao-de-bancos-do-rio-de-janeiro-durante-operacao","status":"publish","type":"post","link":"https:\/\/sgvaimudar.com.br\/index.php\/2025\/06\/23\/policia-civil-prende-o-maior-ladrao-de-bancos-do-rio-de-janeiro-durante-operacao\/","title":{"rendered":"Pol\u00edcia Civil prende o maior ladr\u00e3o de bancos do Rio de Janeiro durante opera\u00e7\u00e3o"},"content":{"rendered":"\n<p><em>Agentes cumpriram mandados de pris\u00e3o e de busca e apreens\u00e3o no Complexo do Lins<\/em><\/p>\n\n\n\n<p>O Governo do Estado, por meio da Pol\u00edcia Civil, realizou, nesta segunda-feira (23\/06), opera\u00e7\u00e3o contra uma quadrilha de roubos a institui\u00e7\u00f5es banc\u00e1rias. Durante a a\u00e7\u00e3o, agentes da Delegacia de Roubos e Furtos (DRF) prenderam um dos maiores assaltantes de bancos do estado. <\/p>\n\n\n\n<p>As dilig\u00eancias para cumprimento de mandados de pris\u00e3o e de busca e apreens\u00e3o ocorreram no Complexo do Lins, na Zona Norte. A opera\u00e7\u00e3o contou com o apoio da Delegacia de Repress\u00e3o a Entorpecentes (DRE), Delegacia Especializada em Armas, Muni\u00e7\u00f5es e Explosivos (Desarme) e Delegacia de Roubos e Furtos de Cargas (DRFC).<\/p>\n\n\n\n<p>Desde setembro de 2024, o assaltante foi identificado como autor de, pelo menos, quatro roubos a institui\u00e7\u00f5es banc\u00e1rias. Em todos os casos, ele agiu com viol\u00eancia e grave amea\u00e7a, utilizando arma de fogo, al\u00e9m de subtrair armamentos pertencentes aos vigilantes das ag\u00eancias. O criminoso, que \u00e9 investigado desde que era menor de idade, \u00e9 o l\u00edder da quadrilha e acumula 19 anota\u00e7\u00f5es, incluindo roubos, furtos e tentativa de homic\u00eddio.<\/p>\n\n\n\n<p>De acordo com as investiga\u00e7\u00f5es, o criminoso utiliza o Complexo do Lins, \u00e1rea explorada por fac\u00e7\u00e3o criminosa, como reduto estrat\u00e9gico e base para articula\u00e7\u00e3o log\u00edstica e oculta\u00e7\u00e3o do n\u00facleo criminoso. A investiga\u00e7\u00e3o conduzida pela DRF permitiu o mapeamento da hierarquia do grupo, a identifica\u00e7\u00e3o dos operadores log\u00edsticos e os v\u00ednculos com o tr\u00e1fico local.<\/p>\n\n\n\n<p><strong><em>Fa\u00e7a sua den\u00fancia pelo nosso WhatsApp: (21) <\/em><\/strong><strong><em>99744 5345<\/em><\/strong><strong><em><\/em><\/strong><\/p>\n\n\n\n<p><strong><em>S\u00e3o Gon\u00e7alo vai mudar: Not\u00edcias de S\u00e3o Gon\u00e7alo e toda regi\u00e3o.<\/em><\/strong><\/p>\n\n\n\n<figure class=\"wp-block-image size-large\"><img fetchpriority=\"high\" decoding=\"async\" width=\"1024\" height=\"252\" src=\"https:\/\/sgvaimudar.com.br\/wp-content\/uploads\/2025\/03\/Anuncie-Aqui-Sao-Goncalo-vai-mudar-1024x252.jpg\" alt=\"\" class=\"wp-image-22693\" srcset=\"https:\/\/sgvaimudar.com.br\/wp-content\/uploads\/2025\/03\/Anuncie-Aqui-Sao-Goncalo-vai-mudar-1024x252.jpg 1024w, https:\/\/sgvaimudar.com.br\/wp-content\/uploads\/2025\/03\/Anuncie-Aqui-Sao-Goncalo-vai-mudar-300x74.jpg 300w, https:\/\/sgvaimudar.com.br\/wp-content\/uploads\/2025\/03\/Anuncie-Aqui-Sao-Goncalo-vai-mudar-768x189.jpg 768w, https:\/\/sgvaimudar.com.br\/wp-content\/uploads\/2025\/03\/Anuncie-Aqui-Sao-Goncalo-vai-mudar-1536x378.jpg 1536w, https:\/\/sgvaimudar.com.br\/wp-content\/uploads\/2025\/03\/Anuncie-Aqui-Sao-Goncalo-vai-mudar-2048x504.jpg 2048w\" sizes=\"(max-width: 1024px) 100vw, 1024px\" \/><\/figure>\n","protected":false},"excerpt":{"rendered":"<p>Agentes cumpriram mandados de pris\u00e3o e de busca e apreens\u00e3o no Complexo do Lins O Governo do Estado, por meio&hellip;<\/p>\n","protected":false},"author":5,"featured_media":26856,"comment_status":"open","ping_status":"open","sticky":false,"template":"","format":"standard","meta":{"fifu_image_url":"","fifu_image_alt":"","footnotes":""},"categories":[32],"tags":[39,41,40,47],"class_list":["post-26855","post","type-post","status-publish","format-standard","has-post-thumbnail","hentry","category-casos-de-policia","tag-ataque","tag-conflito","tag-guerra","tag-rj"],"_links":{"self":[{"href":"https:\/\/sgvaimudar.com.br\/index.php\/wp-json\/wp\/v2\/posts\/26855","targetHints":{"allow":["GET"]}}],"collection":[{"href":"https:\/\/sgvaimudar.com.br\/index.php\/wp-json\/wp\/v2\/posts"}],"about":[{"href":"https:\/\/sgvaimudar.com.br\/index.php\/wp-json\/wp\/v2\/types\/post"}],"author":[{"embeddable":true,"href":"https:\/\/sgvaimudar.com.br\/index.php\/wp-json\/wp\/v2\/users\/5"}],"replies":[{"embeddable":true,"href":"https:\/\/sgvaimudar.com.br\/index.php\/wp-json\/wp\/v2\/comments?post=26855"}],"version-history":[{"count":1,"href":"https:\/\/sgvaimudar.com.br\/index.php\/wp-json\/wp\/v2\/posts\/26855\/revisions"}],"predecessor-version":[{"id":26857,"href":"https:\/\/sgvaimudar.com.br\/index.php\/wp-json\/wp\/v2\/posts\/26855\/revisions\/26857"}],"wp:featuredmedia":[{"embeddable":true,"href":"https:\/\/sgvaimudar.com.br\/index.php\/wp-json\/wp\/v2\/media\/26856"}],"wp:attachment":[{"href":"https:\/\/sgvaimudar.com.br\/index.php\/wp-json\/wp\/v2\/media?parent=26855"}],"wp:term":[{"taxonomy":"category","embeddable":true,"href":"https:\/\/sgvaimudar.com.br\/index.php\/wp-json\/wp\/v2\/categories?post=26855"},{"taxonomy":"post_tag","embeddable":true,"href":"https:\/\/sgvaimudar.com.br\/index.php\/wp-json\/wp\/v2\/tags?post=26855"}],"curies":[{"name":"wp","href":"https:\/\/api.w.org\/{rel}","templated":true}]}}