{"id":26850,"date":"2025-06-23T10:00:00","date_gmt":"2025-06-23T13:00:00","guid":{"rendered":"https:\/\/sgvaimudar.com.br\/?p=26850"},"modified":"2025-06-23T09:28:43","modified_gmt":"2025-06-23T12:28:43","slug":"sao-goncalo-vacina-usuarios-de-prep-contra-hepatite-a","status":"publish","type":"post","link":"https:\/\/sgvaimudar.com.br\/index.php\/2025\/06\/23\/sao-goncalo-vacina-usuarios-de-prep-contra-hepatite-a\/","title":{"rendered":"S\u00e3o Gon\u00e7alo vacina usu\u00e1rios de Prep contra Hepatite A"},"content":{"rendered":"\n<p><em>Munic\u00edpio segue orienta\u00e7\u00e3o do Minist\u00e9rio da Sa\u00fade<\/em><\/p>\n\n\n\n<p>A Secretaria de Sa\u00fade da Prefeitura de S\u00e3o Gon\u00e7alo, seguindo orienta\u00e7\u00f5es do Minist\u00e9rio da Sa\u00fade e da Secretaria de Estado de Sa\u00fade, vai realizar a vacina\u00e7\u00e3o com o imunizante contra Hepatite A para os usu\u00e1rios de Profilaxia Pr\u00e9-Exposi\u00e7\u00e3o (Prep) de infec\u00e7\u00e3o por HIV a partir dos 15 anos. A vacina est\u00e1 dispon\u00edvel em dez unidades de sa\u00fade em hor\u00e1rios diferenciados.\u00a0<\/p>\n\n\n\n<p>Os usu\u00e1rios de Prep que nunca foram vacinados poder\u00e3o receber duas doses da vacina contra a Hepatite A com intervalo de seis meses entre a primeira e a segunda dose. As pessoas em Prep previamente vacinadas, mas com esquema incompleto, poder\u00e3o completar as duas doses.&nbsp;<\/p>\n\n\n\n<p>As pessoas em Prep j\u00e1 vacinadas com esquema completo n\u00e3o ser\u00e3o vacinadas novamente. E quem tem alergia a algum dos componentes da vacina tamb\u00e9m n\u00e3o deve se vacinar. Usu\u00e1rios com comprova\u00e7\u00e3o sorol\u00f3gica de infec\u00e7\u00e3o por Hepatite A tamb\u00e9m n\u00e3o podem tomar a vacina.<\/p>\n\n\n\n<p>\u201cA aplica\u00e7\u00e3o da vacina contra Hepatite A nos usu\u00e1rios de Prep se faz necess\u00e1ria por esse p\u00fablico apresentar, desproporcionalmente, maiores taxas de infec\u00e7\u00e3o por Hepatite A. A aplica\u00e7\u00e3o da vacina visa ampliar a cobertura vacinal e reduzir as consequ\u00eancias desta popula\u00e7\u00e3o. Esse p\u00fablico pode apresentar um risco aumentado para a aquisi\u00e7\u00e3o da hepatite A, especialmente devido \u00e0 possibilidade de contato oro-anal durante a atividade sexual\u201d, explicou a coordenadora de Imuniza\u00e7\u00e3o, Ingrid Perni.<\/p>\n\n\n\n<p>A Prep \u00e9 o uso de medica\u00e7\u00e3o oral de antirretrovirais di\u00e1rios por um per\u00edodo para preven\u00e7\u00e3o da transmiss\u00e3o do v\u00edrus da imunodefici\u00eancia humana (HIV\/Aids) em pessoas que n\u00e3o est\u00e3o contaminadas, tendo 98% de efic\u00e1cia. O prop\u00f3sito \u00e9 prevenir e n\u00e3o tratar ou curar a doen\u00e7a. A Prep n\u00e3o protege contra outras ISTs, como s\u00edfilis, clam\u00eddia e gonorr\u00e9ia. Ela \u00e9 indicada para qualquer pessoa com mais de 15 anos e mais de 35 quilos.<\/p>\n\n\n\n<p>Para a vacina\u00e7\u00e3o, os pacientes devem apresentar caderneta de vacina\u00e7\u00e3o, CPF ou cart\u00e3o do Sistema \u00danico de Sa\u00fade (SUS) e a receita para comprovar a indica\u00e7\u00e3o.<\/p>\n\n\n\n<p><strong>Locais de vacina\u00e7\u00e3o de segunda a sexta, das 8h \u00e0s 16h<\/strong><\/p>\n\n\n\n<p>Polo Sanit\u00e1rio H\u00e9lio Cruz, Alc\u00e2ntara<\/p>\n\n\n\n<p>Polo Sanit\u00e1rio Washington Luiz, Z\u00e9 Garoto<\/p>\n\n\n\n<p>Polo Sanit\u00e1rio Paulo Marques Rangel, Porto do Rosa<\/p>\n\n\n\n<p>Polo Sanit\u00e1rio Augusto Senna, Rio do Ouro<\/p>\n\n\n\n<p>Polo Sanit\u00e1rio Jorge Teixeira de Lima, Jardim Catarina<\/p>\n\n\n\n<p>PAM Neves<\/p>\n\n\n\n<p>PAM Coelho<\/p>\n\n\n\n<p>Cl\u00ednica Municipal Gon\u00e7alense Barro Vermelho<\/p>\n\n\n\n<p>Policl\u00ednica Gon\u00e7alense de Refer\u00eancia para Doen\u00e7as Cr\u00f4nicas e Transmiss\u00edveis, Parada 40<\/p>\n\n\n\n<p><strong>De segunda a sexta, das 8h \u00e0s 21h<\/strong><\/p>\n\n\n\n<p><strong>S\u00e1bados, das 8h \u00e0s 12h<\/strong><\/p>\n\n\n\n<p>Cl\u00ednica Municipal da Fam\u00edlia Dr. Zerbini, Arsenal<\/p>\n\n\n\n<p><em>Foto: Renan Otto<\/em><\/p>\n\n\n\n<p><strong><em>S\u00e3o Gon\u00e7alo vai mudar: Not\u00edcias de S\u00e3o Gon\u00e7alo e toda regi\u00e3o.<\/em><\/strong><\/p>\n\n\n\n<figure class=\"wp-block-image size-large\"><img fetchpriority=\"high\" decoding=\"async\" width=\"1024\" height=\"252\" src=\"https:\/\/sgvaimudar.com.br\/wp-content\/uploads\/2025\/03\/Anuncie-Aqui-Sao-Goncalo-vai-mudar-1024x252.jpg\" alt=\"\" class=\"wp-image-22693\" srcset=\"https:\/\/sgvaimudar.com.br\/wp-content\/uploads\/2025\/03\/Anuncie-Aqui-Sao-Goncalo-vai-mudar-1024x252.jpg 1024w, https:\/\/sgvaimudar.com.br\/wp-content\/uploads\/2025\/03\/Anuncie-Aqui-Sao-Goncalo-vai-mudar-300x74.jpg 300w, https:\/\/sgvaimudar.com.br\/wp-content\/uploads\/2025\/03\/Anuncie-Aqui-Sao-Goncalo-vai-mudar-768x189.jpg 768w, https:\/\/sgvaimudar.com.br\/wp-content\/uploads\/2025\/03\/Anuncie-Aqui-Sao-Goncalo-vai-mudar-1536x378.jpg 1536w, https:\/\/sgvaimudar.com.br\/wp-content\/uploads\/2025\/03\/Anuncie-Aqui-Sao-Goncalo-vai-mudar-2048x504.jpg 2048w\" sizes=\"(max-width: 1024px) 100vw, 1024px\" \/><\/figure>\n","protected":false},"excerpt":{"rendered":"<p>Munic\u00edpio segue orienta\u00e7\u00e3o do Minist\u00e9rio da Sa\u00fade A Secretaria de Sa\u00fade da Prefeitura de S\u00e3o Gon\u00e7alo, seguindo orienta\u00e7\u00f5es do Minist\u00e9rio&hellip;<\/p>\n","protected":false},"author":5,"featured_media":26851,"comment_status":"open","ping_status":"open","sticky":false,"template":"","format":"standard","meta":{"fifu_image_url":"","fifu_image_alt":"","footnotes":""},"categories":[7],"tags":[47,75],"class_list":["post-26850","post","type-post","status-publish","format-standard","has-post-thumbnail","hentry","category-saude","tag-rj","tag-sao-goncalo"],"_links":{"self":[{"href":"https:\/\/sgvaimudar.com.br\/index.php\/wp-json\/wp\/v2\/posts\/26850","targetHints":{"allow":["GET"]}}],"collection":[{"href":"https:\/\/sgvaimudar.com.br\/index.php\/wp-json\/wp\/v2\/posts"}],"about":[{"href":"https:\/\/sgvaimudar.com.br\/index.php\/wp-json\/wp\/v2\/types\/post"}],"author":[{"embeddable":true,"href":"https:\/\/sgvaimudar.com.br\/index.php\/wp-json\/wp\/v2\/users\/5"}],"replies":[{"embeddable":true,"href":"https:\/\/sgvaimudar.com.br\/index.php\/wp-json\/wp\/v2\/comments?post=26850"}],"version-history":[{"count":2,"href":"https:\/\/sgvaimudar.com.br\/index.php\/wp-json\/wp\/v2\/posts\/26850\/revisions"}],"predecessor-version":[{"id":26854,"href":"https:\/\/sgvaimudar.com.br\/index.php\/wp-json\/wp\/v2\/posts\/26850\/revisions\/26854"}],"wp:featuredmedia":[{"embeddable":true,"href":"https:\/\/sgvaimudar.com.br\/index.php\/wp-json\/wp\/v2\/media\/26851"}],"wp:attachment":[{"href":"https:\/\/sgvaimudar.com.br\/index.php\/wp-json\/wp\/v2\/media?parent=26850"}],"wp:term":[{"taxonomy":"category","embeddable":true,"href":"https:\/\/sgvaimudar.com.br\/index.php\/wp-json\/wp\/v2\/categories?post=26850"},{"taxonomy":"post_tag","embeddable":true,"href":"https:\/\/sgvaimudar.com.br\/index.php\/wp-json\/wp\/v2\/tags?post=26850"}],"curies":[{"name":"wp","href":"https:\/\/api.w.org\/{rel}","templated":true}]}}