{"id":26847,"date":"2025-06-23T09:59:00","date_gmt":"2025-06-23T12:59:00","guid":{"rendered":"https:\/\/sgvaimudar.com.br\/?p=26847"},"modified":"2025-06-23T09:13:46","modified_gmt":"2025-06-23T12:13:46","slug":"seguranca-presente-em-itaborai-captura-foragido-da-justica","status":"publish","type":"post","link":"https:\/\/sgvaimudar.com.br\/index.php\/2025\/06\/23\/seguranca-presente-em-itaborai-captura-foragido-da-justica\/","title":{"rendered":"Seguran\u00e7a Presente em Itabora\u00ed captura  foragido da Justi\u00e7a"},"content":{"rendered":"\n<p><em>Durante a abordagem, os policiais fizeram uma consulta ao N\u00facleo de Intelig\u00eancia e foi constatado um mandado de pris\u00e3o provis\u00f3rio em aberto contra o acusado<\/em><\/p>\n\n\n\n<p>Um homem de 31 anos, foi pego por agentes da Opera\u00e7\u00e3o Seguran\u00e7a Presente em Itabora\u00ed, na manh\u00e3 deste domingo (22). Segundo informa\u00e7\u00f5es da unidade, o detido estava foragido da justi\u00e7a acusado de tr\u00e1fico de drogas. A a\u00e7\u00e3o aconteceu por volta das 6h, durante uma abordagem ao suspeito na Rua Maria Duarte de Almeida, no bairro Amplia\u00e7\u00e3o.<\/p>\n\n\n\n<p>Durante a abordagem, os policiais fizeram uma consulta ao N\u00facleo de Intelig\u00eancia e foi constatado um mandado de pris\u00e3o provis\u00f3rio em aberto contra ele. <\/p>\n\n\n\n<p><strong>DIN\u00c2MICA <\/strong>&#8211; Segundo a PM, uma guarni\u00e7\u00e3o estava em patrulhamento pelo bairro Amplia\u00e7\u00e3o para evitar furtos, roubos de rua e ve\u00edculos e teve aten\u00e7\u00e3o voltada para o suspeito com casaco de cor preta em atitude suspeita.<\/p>\n\n\n\n<p>Na a\u00e7\u00e3o de abordagem a equipe fez e consulta ao sistema, confirmou que o mesmo possu\u00eda mandado de pris\u00e3o provis\u00f3rio. De imediato os policiais informaram o fato a Base do Projeto Seguran\u00e7a Presente para o deslocamento para a delegacia de \u00e1rea.<\/p>\n\n\n\n<p>Ao chegar na 71\u00b0 DP e apresentar o fato a um inspetor foi constatado que o acusado possu\u00eda v\u00e1rias passagens por tr\u00e1fico de drogas. Durante a consulta na delegacia foi  informado que o mandado de pris\u00e3o do acusado foi recolhido pela justi\u00e7a e ele foi orientado a procurar o \u00f3rg\u00e3o respons\u00e1vel. <\/p>\n\n\n\n<p>Ap\u00f3s as medidas administrativas o acusado foi liberado.<\/p>\n\n\n\n<p><strong><em>Fa\u00e7a sua den\u00fancia pelo nosso WhatsApp: (21) <\/em><\/strong><strong><em>99744 5345<\/em><\/strong><strong><em><\/em><\/strong><\/p>\n\n\n\n<p><strong><em>S\u00e3o Gon\u00e7alo vai mudar: Not\u00edcias de S\u00e3o Gon\u00e7alo e toda regi\u00e3o.<\/em><\/strong><\/p>\n\n\n\n<figure class=\"wp-block-image size-large\"><img fetchpriority=\"high\" decoding=\"async\" width=\"1024\" height=\"252\" src=\"https:\/\/sgvaimudar.com.br\/wp-content\/uploads\/2025\/03\/Anuncie-Aqui-Sao-Goncalo-vai-mudar-1024x252.jpg\" alt=\"\" class=\"wp-image-22693\" srcset=\"https:\/\/sgvaimudar.com.br\/wp-content\/uploads\/2025\/03\/Anuncie-Aqui-Sao-Goncalo-vai-mudar-1024x252.jpg 1024w, https:\/\/sgvaimudar.com.br\/wp-content\/uploads\/2025\/03\/Anuncie-Aqui-Sao-Goncalo-vai-mudar-300x74.jpg 300w, https:\/\/sgvaimudar.com.br\/wp-content\/uploads\/2025\/03\/Anuncie-Aqui-Sao-Goncalo-vai-mudar-768x189.jpg 768w, https:\/\/sgvaimudar.com.br\/wp-content\/uploads\/2025\/03\/Anuncie-Aqui-Sao-Goncalo-vai-mudar-1536x378.jpg 1536w, https:\/\/sgvaimudar.com.br\/wp-content\/uploads\/2025\/03\/Anuncie-Aqui-Sao-Goncalo-vai-mudar-2048x504.jpg 2048w\" sizes=\"(max-width: 1024px) 100vw, 1024px\" \/><\/figure>\n","protected":false},"excerpt":{"rendered":"<p>Durante a abordagem, os policiais fizeram uma consulta ao N\u00facleo de Intelig\u00eancia e foi constatado um mandado de pris\u00e3o provis\u00f3rio&hellip;<\/p>\n","protected":false},"author":5,"featured_media":26848,"comment_status":"open","ping_status":"open","sticky":false,"template":"","format":"standard","meta":{"fifu_image_url":"","fifu_image_alt":"","footnotes":""},"categories":[32],"tags":[39,41,40,47],"class_list":["post-26847","post","type-post","status-publish","format-standard","has-post-thumbnail","hentry","category-casos-de-policia","tag-ataque","tag-conflito","tag-guerra","tag-rj"],"_links":{"self":[{"href":"https:\/\/sgvaimudar.com.br\/index.php\/wp-json\/wp\/v2\/posts\/26847","targetHints":{"allow":["GET"]}}],"collection":[{"href":"https:\/\/sgvaimudar.com.br\/index.php\/wp-json\/wp\/v2\/posts"}],"about":[{"href":"https:\/\/sgvaimudar.com.br\/index.php\/wp-json\/wp\/v2\/types\/post"}],"author":[{"embeddable":true,"href":"https:\/\/sgvaimudar.com.br\/index.php\/wp-json\/wp\/v2\/users\/5"}],"replies":[{"embeddable":true,"href":"https:\/\/sgvaimudar.com.br\/index.php\/wp-json\/wp\/v2\/comments?post=26847"}],"version-history":[{"count":1,"href":"https:\/\/sgvaimudar.com.br\/index.php\/wp-json\/wp\/v2\/posts\/26847\/revisions"}],"predecessor-version":[{"id":26849,"href":"https:\/\/sgvaimudar.com.br\/index.php\/wp-json\/wp\/v2\/posts\/26847\/revisions\/26849"}],"wp:featuredmedia":[{"embeddable":true,"href":"https:\/\/sgvaimudar.com.br\/index.php\/wp-json\/wp\/v2\/media\/26848"}],"wp:attachment":[{"href":"https:\/\/sgvaimudar.com.br\/index.php\/wp-json\/wp\/v2\/media?parent=26847"}],"wp:term":[{"taxonomy":"category","embeddable":true,"href":"https:\/\/sgvaimudar.com.br\/index.php\/wp-json\/wp\/v2\/categories?post=26847"},{"taxonomy":"post_tag","embeddable":true,"href":"https:\/\/sgvaimudar.com.br\/index.php\/wp-json\/wp\/v2\/tags?post=26847"}],"curies":[{"name":"wp","href":"https:\/\/api.w.org\/{rel}","templated":true}]}}