{"id":26828,"date":"2025-06-22T08:59:00","date_gmt":"2025-06-22T11:59:00","guid":{"rendered":"https:\/\/sgvaimudar.com.br\/?p=26828"},"modified":"2025-06-22T05:57:32","modified_gmt":"2025-06-22T08:57:32","slug":"familia-diz-que-professora-de-sao-goncalo-esta-desaparecida-ha-dois-dias","status":"publish","type":"post","link":"https:\/\/sgvaimudar.com.br\/index.php\/2025\/06\/22\/familia-diz-que-professora-de-sao-goncalo-esta-desaparecida-ha-dois-dias\/","title":{"rendered":"Fam\u00edlia diz que professora de S\u00e3o Gon\u00e7alo est\u00e1 desaparecida h\u00e1 dois dias"},"content":{"rendered":"\n<p><em>Liliane Vieira saiu de casa sem informar para onde iria<\/em><\/p>\n\n\n\n<p>A fam\u00edlia da professora Liliane Vieira de Oliveira, de 50 anos, moradora do bairro Jardim Calif\u00f3rnia, em S\u00e3o Gon\u00e7alo, afirma que ela est\u00e1 desaparecida h\u00e1 dois dias, ap\u00f3s sair de casa sem avisar para onde iria, no feriado de Corpus Christi, na \u00faltima quinta-feira (19).<\/p>\n\n\n\n<p>Segundo a irm\u00e3 da v\u00edtima, tamb\u00e9m professora, Priscila Vieira, Liliane saiu de casa por volta das 15h, vestindo bermuda escura, jaqueta jeans e carregando uma bolsa no bra\u00e7o. Ela usava \u00f3culos de grau e n\u00e3o comunicou \u00e0 fam\u00edlia para onde iria.<\/p>\n\n\n\n<p>&#8220;Ela levou a bolsa com documentos e cart\u00f5es, mas saiu sem o celular e n\u00e3o falou nada&#8221;, explicou Priscila.<\/p>\n\n\n\n<p>A irm\u00e3 informou ainda que Liliane faz uso de medicamentos controlados e, em algumas ocasi\u00f5es, saiu sem avisar, indo para casas de amigos ou familiares. No entanto, desta vez, ningu\u00e9m tem not\u00edcias de seu paradeiro, o que causou grande preocupa\u00e7\u00e3o.<\/p>\n\n\n\n<p>Na sexta-feira (20), Liliane teria sido vista na Pra\u00e7a do Mutu\u00e1, em S\u00e3o Gon\u00e7alo. Uma pessoa que a reconheceu entrou em contato com a fam\u00edlia para relatar o poss\u00edvel avistamento. Por\u00e9m, os familiares n\u00e3o sabem informar se a professora estava desabilitada ou machucada.<\/p>\n\n\n\n<p>A fam\u00edlia registrar\u00e1 um boletim de ocorr\u00eancia nesta segunda-feira (23), j\u00e1 que as buscas por bairros e a divulga\u00e7\u00e3o da imagem de Liliane n\u00e3o tiveram resultados. Quem tiver informa\u00e7\u00f5es sobre Liliane Vieira de Oliveira pode entrar em contato com sua irm\u00e3, Priscila Vieira, pelo telefone (21) 97156-2899.<\/p>\n\n\n\n<p><em>Fonte: Enfoco<\/em><\/p>\n\n\n\n<p><strong><em>Fa\u00e7a sua den\u00fancia pelo nosso WhatsApp: (21) <\/em><\/strong><strong><em>99744 5345<\/em><\/strong><strong><em><\/em><\/strong><\/p>\n\n\n\n<p><strong><em>S\u00e3o Gon\u00e7alo vai mudar: Not\u00edcias de S\u00e3o Gon\u00e7alo e toda regi\u00e3o.<\/em><\/strong><\/p>\n\n\n\n<figure class=\"wp-block-image size-large\"><img fetchpriority=\"high\" decoding=\"async\" width=\"1024\" height=\"252\" src=\"https:\/\/sgvaimudar.com.br\/wp-content\/uploads\/2025\/03\/Anuncie-Aqui-Sao-Goncalo-vai-mudar-1024x252.jpg\" alt=\"\" class=\"wp-image-22693\" srcset=\"https:\/\/sgvaimudar.com.br\/wp-content\/uploads\/2025\/03\/Anuncie-Aqui-Sao-Goncalo-vai-mudar-1024x252.jpg 1024w, https:\/\/sgvaimudar.com.br\/wp-content\/uploads\/2025\/03\/Anuncie-Aqui-Sao-Goncalo-vai-mudar-300x74.jpg 300w, https:\/\/sgvaimudar.com.br\/wp-content\/uploads\/2025\/03\/Anuncie-Aqui-Sao-Goncalo-vai-mudar-768x189.jpg 768w, https:\/\/sgvaimudar.com.br\/wp-content\/uploads\/2025\/03\/Anuncie-Aqui-Sao-Goncalo-vai-mudar-1536x378.jpg 1536w, https:\/\/sgvaimudar.com.br\/wp-content\/uploads\/2025\/03\/Anuncie-Aqui-Sao-Goncalo-vai-mudar-2048x504.jpg 2048w\" sizes=\"(max-width: 1024px) 100vw, 1024px\" \/><\/figure>\n","protected":false},"excerpt":{"rendered":"<p>Liliane Vieira saiu de casa sem informar para onde iria A fam\u00edlia da professora Liliane Vieira de Oliveira, de 50&hellip;<\/p>\n","protected":false},"author":5,"featured_media":26829,"comment_status":"open","ping_status":"open","sticky":false,"template":"","format":"standard","meta":{"fifu_image_url":"","fifu_image_alt":"","footnotes":""},"categories":[32],"tags":[47,75],"class_list":["post-26828","post","type-post","status-publish","format-standard","has-post-thumbnail","hentry","category-casos-de-policia","tag-rj","tag-sao-goncalo"],"_links":{"self":[{"href":"https:\/\/sgvaimudar.com.br\/index.php\/wp-json\/wp\/v2\/posts\/26828","targetHints":{"allow":["GET"]}}],"collection":[{"href":"https:\/\/sgvaimudar.com.br\/index.php\/wp-json\/wp\/v2\/posts"}],"about":[{"href":"https:\/\/sgvaimudar.com.br\/index.php\/wp-json\/wp\/v2\/types\/post"}],"author":[{"embeddable":true,"href":"https:\/\/sgvaimudar.com.br\/index.php\/wp-json\/wp\/v2\/users\/5"}],"replies":[{"embeddable":true,"href":"https:\/\/sgvaimudar.com.br\/index.php\/wp-json\/wp\/v2\/comments?post=26828"}],"version-history":[{"count":1,"href":"https:\/\/sgvaimudar.com.br\/index.php\/wp-json\/wp\/v2\/posts\/26828\/revisions"}],"predecessor-version":[{"id":26830,"href":"https:\/\/sgvaimudar.com.br\/index.php\/wp-json\/wp\/v2\/posts\/26828\/revisions\/26830"}],"wp:featuredmedia":[{"embeddable":true,"href":"https:\/\/sgvaimudar.com.br\/index.php\/wp-json\/wp\/v2\/media\/26829"}],"wp:attachment":[{"href":"https:\/\/sgvaimudar.com.br\/index.php\/wp-json\/wp\/v2\/media?parent=26828"}],"wp:term":[{"taxonomy":"category","embeddable":true,"href":"https:\/\/sgvaimudar.com.br\/index.php\/wp-json\/wp\/v2\/categories?post=26828"},{"taxonomy":"post_tag","embeddable":true,"href":"https:\/\/sgvaimudar.com.br\/index.php\/wp-json\/wp\/v2\/tags?post=26828"}],"curies":[{"name":"wp","href":"https:\/\/api.w.org\/{rel}","templated":true}]}}