{"id":26814,"date":"2025-06-22T09:00:00","date_gmt":"2025-06-22T12:00:00","guid":{"rendered":"https:\/\/sgvaimudar.com.br\/?p=26814"},"modified":"2025-06-22T05:35:11","modified_gmt":"2025-06-22T08:35:11","slug":"tragedia-no-balao-piloto-conta-como-incendio-comecou","status":"publish","type":"post","link":"https:\/\/sgvaimudar.com.br\/index.php\/2025\/06\/22\/tragedia-no-balao-piloto-conta-como-incendio-comecou\/","title":{"rendered":"Trag\u00e9dia no bal\u00e3o: piloto conta como inc\u00eandio come\u00e7ou"},"content":{"rendered":"\n<p><em><span style=\"font-size: revert\">Acidente grave deixou oito mortos e 13 feridos ap\u00f3s bal\u00e3o pegar fogo e despencar neste s\u00e1bado (21)<\/span><\/em> <\/p>\n\n\n\n<p>O\u00a0piloto do bal\u00e3o que pegou fogo em Praia Grande, Santa Catarina, prestou depoimento \u00e0\u00a0Pol\u00edcia Civil\u00a0e explicou que o inc\u00eandio teria come\u00e7ado no\u00a0cesto, ap\u00f3s um problema em um\u00a0ma\u00e7arico de seguran\u00e7a, utilizado para reacender a chama em caso de apagamento durante o voo.<\/p>\n\n\n\n<p>De acordo com as autoridades, o piloto afirmou que\u00a0n\u00e3o soube precisar se o ma\u00e7arico ficou ligado ou se houve uma chama espont\u00e2nea. Assim que percebeu o in\u00edcio do fogo, ele tentou realizar um pouso de emerg\u00eancia e\u00a0orientou que os passageiros pulassem\u00a0enquanto o bal\u00e3o se aproximava do solo.<\/p>\n\n\n\n<p>No momento em que parte dos ocupantes conseguiu pular, o bal\u00e3o, j\u00e1 mais leve,\u00a0voltou a subir com algumas pessoas ainda a bordo, o que resultou na morte de\u00a0oito pessoas, sendo\u00a0quatro carbonizadas. Outras\u00a013 pessoas sobreviveram\u00a0e foram levadas para hospitais da regi\u00e3o.<\/p>\n\n\n\n<p>O governador de Santa Catarina,\u00a0Jorginho Mello (PL), lamentou o ocorrido: \u201cEstamos todos consternados com o acidente envolvendo um bal\u00e3o em Praia Grande. Nossa estrutura de resgate j\u00e1 est\u00e1 no local\u201d.<\/p>\n\n\n\n<p>A\u00a0Prefeitura de Praia Grande\u00a0tamb\u00e9m se manifestou, prestando solidariedade \u00e0s fam\u00edlias das v\u00edtimas e informando que est\u00e1 atuando no apoio aos familiares e na apura\u00e7\u00e3o dos fatos.<\/p>\n\n\n\n<p><strong><em>Fa\u00e7a sua den\u00fancia pelo nosso WhatsApp: (21) <\/em><\/strong><strong><em>99744 5345<\/em><\/strong><strong><em><\/em><\/strong><\/p>\n\n\n\n<p><strong><em>S\u00e3o Gon\u00e7alo vai mudar: Not\u00edcias de S\u00e3o Gon\u00e7alo e toda regi\u00e3o.<\/em><\/strong><\/p>\n\n\n\n<figure class=\"wp-block-image size-large\"><img fetchpriority=\"high\" decoding=\"async\" width=\"1024\" height=\"252\" src=\"https:\/\/sgvaimudar.com.br\/wp-content\/uploads\/2025\/03\/Anuncie-Aqui-Sao-Goncalo-vai-mudar-1024x252.jpg\" alt=\"\" class=\"wp-image-22693\" srcset=\"https:\/\/sgvaimudar.com.br\/wp-content\/uploads\/2025\/03\/Anuncie-Aqui-Sao-Goncalo-vai-mudar-1024x252.jpg 1024w, https:\/\/sgvaimudar.com.br\/wp-content\/uploads\/2025\/03\/Anuncie-Aqui-Sao-Goncalo-vai-mudar-300x74.jpg 300w, https:\/\/sgvaimudar.com.br\/wp-content\/uploads\/2025\/03\/Anuncie-Aqui-Sao-Goncalo-vai-mudar-768x189.jpg 768w, https:\/\/sgvaimudar.com.br\/wp-content\/uploads\/2025\/03\/Anuncie-Aqui-Sao-Goncalo-vai-mudar-1536x378.jpg 1536w, https:\/\/sgvaimudar.com.br\/wp-content\/uploads\/2025\/03\/Anuncie-Aqui-Sao-Goncalo-vai-mudar-2048x504.jpg 2048w\" sizes=\"(max-width: 1024px) 100vw, 1024px\" \/><\/figure>\n","protected":false},"excerpt":{"rendered":"<p>Acidente grave deixou oito mortos e 13 feridos ap\u00f3s bal\u00e3o pegar fogo e despencar neste s\u00e1bado (21) O\u00a0piloto do bal\u00e3o&hellip;<\/p>\n","protected":false},"author":5,"featured_media":26815,"comment_status":"open","ping_status":"open","sticky":false,"template":"","format":"standard","meta":{"fifu_image_url":"","fifu_image_alt":"","footnotes":""},"categories":[32],"tags":[],"class_list":["post-26814","post","type-post","status-publish","format-standard","has-post-thumbnail","hentry","category-casos-de-policia"],"_links":{"self":[{"href":"https:\/\/sgvaimudar.com.br\/index.php\/wp-json\/wp\/v2\/posts\/26814","targetHints":{"allow":["GET"]}}],"collection":[{"href":"https:\/\/sgvaimudar.com.br\/index.php\/wp-json\/wp\/v2\/posts"}],"about":[{"href":"https:\/\/sgvaimudar.com.br\/index.php\/wp-json\/wp\/v2\/types\/post"}],"author":[{"embeddable":true,"href":"https:\/\/sgvaimudar.com.br\/index.php\/wp-json\/wp\/v2\/users\/5"}],"replies":[{"embeddable":true,"href":"https:\/\/sgvaimudar.com.br\/index.php\/wp-json\/wp\/v2\/comments?post=26814"}],"version-history":[{"count":1,"href":"https:\/\/sgvaimudar.com.br\/index.php\/wp-json\/wp\/v2\/posts\/26814\/revisions"}],"predecessor-version":[{"id":26816,"href":"https:\/\/sgvaimudar.com.br\/index.php\/wp-json\/wp\/v2\/posts\/26814\/revisions\/26816"}],"wp:featuredmedia":[{"embeddable":true,"href":"https:\/\/sgvaimudar.com.br\/index.php\/wp-json\/wp\/v2\/media\/26815"}],"wp:attachment":[{"href":"https:\/\/sgvaimudar.com.br\/index.php\/wp-json\/wp\/v2\/media?parent=26814"}],"wp:term":[{"taxonomy":"category","embeddable":true,"href":"https:\/\/sgvaimudar.com.br\/index.php\/wp-json\/wp\/v2\/categories?post=26814"},{"taxonomy":"post_tag","embeddable":true,"href":"https:\/\/sgvaimudar.com.br\/index.php\/wp-json\/wp\/v2\/tags?post=26814"}],"curies":[{"name":"wp","href":"https:\/\/api.w.org\/{rel}","templated":true}]}}