{"id":26788,"date":"2025-06-21T11:00:00","date_gmt":"2025-06-21T14:00:00","guid":{"rendered":"https:\/\/sgvaimudar.com.br\/?p=26788"},"modified":"2025-06-21T10:14:48","modified_gmt":"2025-06-21T13:14:48","slug":"sao-goncalo-orienta-empresarios-sobre-normas-da-vigilancia-sanitaria","status":"publish","type":"post","link":"https:\/\/sgvaimudar.com.br\/index.php\/2025\/06\/21\/sao-goncalo-orienta-empresarios-sobre-normas-da-vigilancia-sanitaria\/","title":{"rendered":"S\u00e3o Gon\u00e7alo orienta empres\u00e1rios sobre normas da Vigil\u00e2ncia Sanit\u00e1ria"},"content":{"rendered":"\n<p><em>Primeira palestra \u00e9 voltada \u00e0s unidades escolares da cidade<\/em><\/p>\n\n\n\n<p>As inscri\u00e7\u00f5es para a primeira capacita\u00e7\u00e3o para o p\u00fablico da Vigil\u00e2ncia Sanit\u00e1ria Municipal est\u00e3o abertas atrav\u00e9s do email&nbsp;<a href=\"mailto:vigilanciasanitaria@pmsg.rj.gov.br\" rel=\"noreferrer noopener\" target=\"_blank\">vigilanciasanitaria@pmsg.rj.gov.br<\/a>. A primeira palestra de orienta\u00e7\u00e3o ser\u00e1 para os respons\u00e1veis pelas unidades escolares da cidade e vai acontecer no dia 27 de junho, das 9h \u00e0s 14h, no audit\u00f3rio da Secretaria Municipal de Sa\u00fade da Prefeitura de S\u00e3o Gon\u00e7alo, no Boa Vista.&nbsp;<\/p>\n\n\n\n<p>Para as capacita\u00e7\u00f5es s\u00e3o oferecidas 42 vagas e as inscri\u00e7\u00f5es est\u00e3o sujeitas \u00e0 lota\u00e7\u00e3o do audit\u00f3rio. A palestra \u00e9 sobre as legisla\u00e7\u00f5es pertinentes a cada tipo de estabelecimento e as quest\u00f5es sanit\u00e1rias que devem ser observadas pelos profissionais no ambiente de trabalho para que consigam obter a licen\u00e7a sanit\u00e1ria de funcionamento. Os participantes receber\u00e3o o certificado emitido pelo N\u00facleo de Educa\u00e7\u00e3o Permanente em Sa\u00fade (Neps).<\/p>\n\n\n\n<figure class=\"wp-block-image size-large\"><img fetchpriority=\"high\" decoding=\"async\" width=\"819\" height=\"1024\" src=\"https:\/\/sgvaimudar.com.br\/wp-content\/uploads\/2025\/06\/unnamed-43-819x1024.jpg\" alt=\"\" class=\"wp-image-26789\" srcset=\"https:\/\/sgvaimudar.com.br\/wp-content\/uploads\/2025\/06\/unnamed-43-819x1024.jpg 819w, https:\/\/sgvaimudar.com.br\/wp-content\/uploads\/2025\/06\/unnamed-43-240x300.jpg 240w, https:\/\/sgvaimudar.com.br\/wp-content\/uploads\/2025\/06\/unnamed-43-768x960.jpg 768w, https:\/\/sgvaimudar.com.br\/wp-content\/uploads\/2025\/06\/unnamed-43.jpg 1080w\" sizes=\"(max-width: 819px) 100vw, 819px\" \/><\/figure>\n\n\n\n<p>&#8220;As palestras s\u00e3o para os interessados saberem o que \u00e9 preciso para cada tipo de estabelecimento obter a licen\u00e7a da Vigil\u00e2ncia Sanit\u00e1ria. Ser\u00e1 a parte t\u00e9cnica com as quest\u00f5es que devem ser observadas. H\u00e1 uma palestra espec\u00edfica sobre documenta\u00e7\u00e3o, que vai apontar todos os documentos necess\u00e1rios para que a Vigil\u00e2ncia Sanit\u00e1ria fa\u00e7a uma visita ao local e certifique que est\u00e1 tudo dentro das normas estabelecidas\u201d, explicou o diretor do Departamento de Controle de Zoonoses e Vigil\u00e2ncia Sanit\u00e1ria (DCZVS), Rom\u00e1rio Brand\u00e3o da Silva.<\/p>\n\n\n\n<p>No dia 7 de julho, o nicho ser\u00e1 a est\u00e9tica. E os interessados j\u00e1 podem fazer as inscri\u00e7\u00f5es atrav\u00e9s do mesmo email:\u00a0<a rel=\"noreferrer noopener\" href=\"mailto:vigilanciasanitaria@pmsg.rj.gov.br\" target=\"_blank\"><u>vigilanciasanitaria@pmsg.rj.gov.br<\/u><\/a>. Aqueles aptos para assistirem \u00e0 palestra receber\u00e3o um email de confirma\u00e7\u00e3o.\u00a0<\/p>\n\n\n\n<p><strong>Palestras:<\/strong>&nbsp;&nbsp;&nbsp;&nbsp;&nbsp;<\/p>\n\n\n\n<p>27\/6 &#8211; Escola, das 9h \u00e0s 14h&nbsp;<\/p>\n\n\n\n<p>08\/7 &#8211; Est\u00e9tica, das 9h \u00e0s 14h<\/p>\n\n\n\n<p>17\/7 &#8211; Cl\u00ednica, das 9h \u00e0s 14h&nbsp;<\/p>\n\n\n\n<p>12\/8 &#8211; ILPI, das 9h \u00e0s 17h&nbsp;<\/p>\n\n\n\n<p>21\/8 &#8211; MEI, das 9h \u00e0s 14h&nbsp;<\/p>\n\n\n\n<p>28\/8 &#8211; Academia, das 14h \u00e0s 17h&nbsp;<\/p>\n\n\n\n<p>16\/9 &#8211; Zoonoses, das 9h \u00e0s 14h&nbsp;<\/p>\n\n\n\n<p>10\/10 &#8211; Balan\u00e7o, das 9h \u00e0s 14h&nbsp;<\/p>\n\n\n\n<p>23\/10 &#8211; Documenta\u00e7\u00e3o, das 14h \u00e0s 17h&nbsp;<\/p>\n\n\n\n<p>24\/11 &#8211; Laborat\u00f3rio, das 9h \u00e0s 14h.<\/p>\n\n\n\n<figure class=\"wp-block-image size-large\"><img decoding=\"async\" width=\"1024\" height=\"46\" src=\"https:\/\/sgvaimudar.com.br\/wp-content\/uploads\/2023\/08\/Anuncie-Aqui-Sao-Goncalo-vai-mudar-1024x46.png\" alt=\"\" class=\"wp-image-2740\" srcset=\"https:\/\/sgvaimudar.com.br\/wp-content\/uploads\/2023\/08\/Anuncie-Aqui-Sao-Goncalo-vai-mudar-1024x46.png 1024w, https:\/\/sgvaimudar.com.br\/wp-content\/uploads\/2023\/08\/Anuncie-Aqui-Sao-Goncalo-vai-mudar-300x13.png 300w, https:\/\/sgvaimudar.com.br\/wp-content\/uploads\/2023\/08\/Anuncie-Aqui-Sao-Goncalo-vai-mudar-768x35.png 768w, https:\/\/sgvaimudar.com.br\/wp-content\/uploads\/2023\/08\/Anuncie-Aqui-Sao-Goncalo-vai-mudar-1536x69.png 1536w, https:\/\/sgvaimudar.com.br\/wp-content\/uploads\/2023\/08\/Anuncie-Aqui-Sao-Goncalo-vai-mudar.png 2002w\" sizes=\"(max-width: 1024px) 100vw, 1024px\" \/><\/figure>\n","protected":false},"excerpt":{"rendered":"<p>Primeira palestra \u00e9 voltada \u00e0s unidades escolares da cidade As inscri\u00e7\u00f5es para a primeira capacita\u00e7\u00e3o para o p\u00fablico da Vigil\u00e2ncia&hellip;<\/p>\n","protected":false},"author":5,"featured_media":26790,"comment_status":"open","ping_status":"open","sticky":false,"template":"","format":"standard","meta":{"fifu_image_url":"","fifu_image_alt":"","footnotes":""},"categories":[7],"tags":[47,75],"class_list":["post-26788","post","type-post","status-publish","format-standard","has-post-thumbnail","hentry","category-saude","tag-rj","tag-sao-goncalo"],"_links":{"self":[{"href":"https:\/\/sgvaimudar.com.br\/index.php\/wp-json\/wp\/v2\/posts\/26788","targetHints":{"allow":["GET"]}}],"collection":[{"href":"https:\/\/sgvaimudar.com.br\/index.php\/wp-json\/wp\/v2\/posts"}],"about":[{"href":"https:\/\/sgvaimudar.com.br\/index.php\/wp-json\/wp\/v2\/types\/post"}],"author":[{"embeddable":true,"href":"https:\/\/sgvaimudar.com.br\/index.php\/wp-json\/wp\/v2\/users\/5"}],"replies":[{"embeddable":true,"href":"https:\/\/sgvaimudar.com.br\/index.php\/wp-json\/wp\/v2\/comments?post=26788"}],"version-history":[{"count":1,"href":"https:\/\/sgvaimudar.com.br\/index.php\/wp-json\/wp\/v2\/posts\/26788\/revisions"}],"predecessor-version":[{"id":26791,"href":"https:\/\/sgvaimudar.com.br\/index.php\/wp-json\/wp\/v2\/posts\/26788\/revisions\/26791"}],"wp:featuredmedia":[{"embeddable":true,"href":"https:\/\/sgvaimudar.com.br\/index.php\/wp-json\/wp\/v2\/media\/26790"}],"wp:attachment":[{"href":"https:\/\/sgvaimudar.com.br\/index.php\/wp-json\/wp\/v2\/media?parent=26788"}],"wp:term":[{"taxonomy":"category","embeddable":true,"href":"https:\/\/sgvaimudar.com.br\/index.php\/wp-json\/wp\/v2\/categories?post=26788"},{"taxonomy":"post_tag","embeddable":true,"href":"https:\/\/sgvaimudar.com.br\/index.php\/wp-json\/wp\/v2\/tags?post=26788"}],"curies":[{"name":"wp","href":"https:\/\/api.w.org\/{rel}","templated":true}]}}