{"id":26770,"date":"2025-06-21T10:00:00","date_gmt":"2025-06-21T13:00:00","guid":{"rendered":"https:\/\/sgvaimudar.com.br\/?p=26770"},"modified":"2025-06-21T09:18:07","modified_gmt":"2025-06-21T12:18:07","slug":"secretaria-de-saude-de-sao-goncalo-reforca-equipe-para-programa-de-controle-ao-tabagismo","status":"publish","type":"post","link":"https:\/\/sgvaimudar.com.br\/index.php\/2025\/06\/21\/secretaria-de-saude-de-sao-goncalo-reforca-equipe-para-programa-de-controle-ao-tabagismo\/","title":{"rendered":"Secretaria de Sa\u00fade de S\u00e3o Gon\u00e7alo refor\u00e7a equipe para programa de controle ao tabagismo"},"content":{"rendered":"\n<p><em>Munic\u00edpio oferece tratamento gratuito para quem quer parar de fumar\u00a0<\/em><\/p>\n\n\n\n<p>Se voc\u00ea quer fumar o problema \u00e9 seu! Mas, se voc\u00ea quer parar de fumar o problema \u00e9 da Secretaria de Sa\u00fade da Prefeitura de S\u00e3o Gon\u00e7alo que capacitou mais servidores para atuarem no Programa Municipal de Controle ao Tabagismo no in\u00edcio deste ano. <\/p>\n\n\n\n<p>As pr\u00e1ticas j\u00e1 est\u00e3o em andamento em 88 unidades de sa\u00fade. Durante todo o ano, o programa oferece tratamento gratuito para quem deseja deixar de fumar.<\/p>\n\n\n\n<p>Para realizar o tratamento, os gon\u00e7alenses podem procurar o local mais pr\u00f3ximo de sua resid\u00eancia que oferece o servi\u00e7o para fazer o agendamento. O tratamento conta com encontro semanal durante quatro semanas e tem acompanhamento por um ano. Para iniciar, n\u00e3o h\u00e1 fila de espera e o tratamento pode ser em grupo ou individual.\u00a0<\/p>\n\n\n\n<p>Qualquer pessoa usu\u00e1ria de qualquer forma de tabaco, incluindo os adolescentes, pode fazer o tratamento. Basta querer parar de fumar. \u201cNos encontros, os servidores identificam as situa\u00e7\u00f5es que podem levar o fumante ao v\u00edcio e tra\u00e7am estrat\u00e9gias para evitar o consumo da subst\u00e2ncia. O paciente faz o seu pr\u00f3prio monitoramento e tem as t\u00e1ticas para evitar as reca\u00eddas\u201d, explicou a coordenadora do programa, Raquel de Oliveira Dias.\u00a0<\/p>\n\n\n\n<p>&nbsp;&nbsp;&nbsp;&nbsp;Para quem tem mais de 18 anos e dificuldade de largar o v\u00edcio, o programa disponibiliza medicamentos (adesivos\/goma\/comprimidos) \u2013 atrav\u00e9s do Sistema \u00danico de Sa\u00fade (SUS) gratuitamente. Nas reuni\u00f5es, al\u00e9m da ajuda para deixar o v\u00edcio, h\u00e1 o alerta sobre as doen\u00e7as e mortes evit\u00e1veis relacionadas ao tabagismo.<\/p>\n\n\n\n<p>&nbsp;&nbsp;<strong>&nbsp;Fumar \u00e9 fator de risco para mais de 20 tipos de c\u00e2nceres<\/strong><\/p>\n\n\n\n<p>&nbsp;&nbsp;&nbsp;&nbsp;&nbsp;O tabagismo \u00e9 reconhecido como uma doen\u00e7a cr\u00f4nica causada pela depend\u00eancia \u00e0 nicotina presente nos produtos \u00e0 base de tabaco. O ato de fumar constitui fator de risco para o desenvolvimento de mais de 20 tipos de c\u00e2nceres, al\u00e9m de estar associado \u00e0s doen\u00e7as cr\u00f4nicas n\u00e3o transmiss\u00edveis e tamb\u00e9m \u00e9 um fator importante de risco para o desenvolvimento de outras enfermidades como tuberculose, infec\u00e7\u00f5es respirat\u00f3rias, \u00falcera gastrintestinal, impot\u00eancia sexual, infertilidade em mulheres e homens, osteoporose, catarata, entre outras. O tabaco fumado causa a maior parte de todos os c\u00e2nceres de pulm\u00e3o e \u00e9 um fator de risco significativo para acidentes cerebrovasculares e ataques card\u00edacos.<\/p>\n\n\n\n<p><strong>Locais de atendimento&nbsp;&nbsp;<\/strong><\/p>\n\n\n\n<p>Polo Sanit\u00e1rio Paulo Marques Rangel, Porto do Rosa&nbsp;<\/p>\n\n\n\n<p>USF Dr. Jos\u00e9 Bruno Neto, Boa Vista<\/p>\n\n\n\n<p>USF Nova Cidade<\/p>\n\n\n\n<p>USF Nova Cidade II<\/p>\n\n\n\n<p>USF Ita\u00fana&nbsp;<\/p>\n\n\n\n<p>USF Antonina\/Cruzeiro do Sul&nbsp;<\/p>\n\n\n\n<p>USF Porto do Rosa<\/p>\n\n\n\n<p>USF Palmeiras II<\/p>\n\n\n\n<p>USF David Capistrano, Ita\u00fana<\/p>\n\n\n\n<p>USF Ita\u00fana II<\/p>\n\n\n\n<p>USF Albert Sabin, Fazenda dos Mineiros<\/p>\n\n\n\n<p>USF Alexander Fleming, Boa\u00e7u<\/p>\n\n\n\n<p>USF Salgueiro&nbsp;<\/p>\n\n\n\n<p>USF Mutuagua\u00e7u<\/p>\n\n\n\n<p>USF Altair da Silva, Mutu\u00e1<\/p>\n\n\n\n<p>Polo Sanit\u00e1rio H\u00e9lio Cruz, Alc\u00e2ntara<\/p>\n\n\n\n<p>Cl\u00ednica Municipal Gon\u00e7alense do Mutondo<\/p>\n\n\n\n<p>Cl\u00ednica Municipal Gon\u00e7alense do Coluband\u00ea<\/p>\n\n\n\n<p>USF Tancredo Neves, Luiz Ca\u00e7ador<\/p>\n\n\n\n<p>USF Tiradentes&nbsp;<\/p>\n\n\n\n<p>USF Jardim Alc\u00e2ntara<\/p>\n\n\n\n<p>USF Irm\u00e3 Dulce, Trindade<\/p>\n\n\n\n<p>USF Mutondo II<\/p>\n\n\n\n<p>USF Coelho<\/p>\n\n\n\n<p>USF Lagoinha<\/p>\n\n\n\n<p>USF Adolfo Lutz, Amendoeira<\/p>\n\n\n\n<p>USF Oswaldo Cruz, Amendoeira<\/p>\n\n\n\n<p>USF Bandeirantes&nbsp;<\/p>\n\n\n\n<p>Polo Sanit\u00e1rio Augusto Sena, Rio do Ouro<\/p>\n\n\n\n<p>Cl\u00ednica Municipal da Fam\u00edlia Dr. Zerbini, Arsenal<\/p>\n\n\n\n<p>USF Em\u00edlio Ribas, Barrac\u00e3o<\/p>\n\n\n\n<p>USF Ipi\u00edba<\/p>\n\n\n\n<p>USF Jos\u00e9 Jorge Cortes Freitas, Itaitindiba<\/p>\n\n\n\n<p>USF Almerinda<\/p>\n\n\n\n<p>USF Hiparco Ferreira, Engenho do Ro\u00e7ado&nbsp;<\/p>\n\n\n\n<p>USF Fl\u00e1vio Henrique de Brito, J\u00f3quei<\/p>\n\n\n\n<p>USF Maril\u00e9a Cardoso Mota, J\u00f3quei<\/p>\n\n\n\n<p>USF Vereador Josias Muniz, Rio do Ouro<\/p>\n\n\n\n<p>USF Badger Silveira, Tribob\u00f3<\/p>\n\n\n\n<p>USF Jos\u00e9 Avelino de Souza, Tribob\u00f3<\/p>\n\n\n\n<p>USF Doutel de Andrade, Maria Paula<\/p>\n\n\n\n<p>USF Luiza de Marilac, Novo M\u00e9xico<\/p>\n\n\n\n<p>USF Manoel de Abreu, Sacramento<\/p>\n\n\n\n<p>USF Marechal C\u00e2ndido Rondon, Capote<\/p>\n\n\n\n<p>USF Gladys Rodrigues Ramos Freitas, Santa Isabel<\/p>\n\n\n\n<p>Polo Sanit\u00e1rio Jorge Teixeira de Lima, Jardim Catarina<\/p>\n\n\n\n<p>Cl\u00ednica Municipal da Fam\u00edlia Marambaia<\/p>\n\n\n\n<p>USF Luiz Paulo Guimar\u00e3es, Laranjal<\/p>\n\n\n\n<p>USF Ary Teixeira, Jardim Bom Retiro<\/p>\n\n\n\n<p>USF Floren\u00e7a Helena Pereira da Silva Marins, Largo da Ideia<\/p>\n\n\n\n<p>USF Vista Alegre<\/p>\n\n\n\n<p>USF Juarez Antunes, Laranjal<\/p>\n\n\n\n<p>USF Floriano Barbosa, Jardim Catarina<\/p>\n\n\n\n<p>USF Louis Pasteur, Guaxindiba<\/p>\n\n\n\n<p>USF Jardim Catarina VII<\/p>\n\n\n\n<p>USF Jardim Catarina I<\/p>\n\n\n\n<p>USF Elza Borges, Santa Luzia<\/p>\n\n\n\n<p>USF Jo\u00e3o Goulart, Jardim Catarina<\/p>\n\n\n\n<p>USF Geremias de Mattos Fontes, Jardim Bom Retiro<\/p>\n\n\n\n<p>USF Apolo III<\/p>\n\n\n\n<p>USF Agenor Jos\u00e9 da Silva, Jardim Catarina<\/p>\n\n\n\n<p>USF Jardim Catarina V<\/p>\n\n\n\n<p>USF Vila Tr\u00eas<\/p>\n\n\n\n<p>Polo Sanit\u00e1rio Washington Luiz LOpes, Z\u00e9 Garoto<\/p>\n\n\n\n<p>Cl\u00ednica Municipal da Fam\u00edlia Dr. Jardel do Amaral, Venda da Cruz&nbsp;<\/p>\n\n\n\n<p>USF Madre Teresa de Calcut\u00e1, Estrela do Norte<\/p>\n\n\n\n<p>USF Robert Koch, Porto da Madama<\/p>\n\n\n\n<p>USF Bento da Cruz, Porto Novo<\/p>\n\n\n\n<p>USF Wally Figueira da Silva, Rocha<\/p>\n\n\n\n<p>USF Menino de Deus<\/p>\n\n\n\n<p>USF Brasil\u00e2ndia<\/p>\n\n\n\n<p>USF Ana Nery, Gradim<\/p>\n\n\n\n<p>USF Luiz Carlos Prestes, Santa Catarina<\/p>\n\n\n\n<p>USF Barbosa Lima Sobrinho, Porto da Pedra<\/p>\n\n\n\n<p>USF Pita<\/p>\n\n\n\n<p>USF Bocayuva Cunha, Gradim<\/p>\n\n\n\n<p>USF Victor Chimelly, Paiva<\/p>\n\n\n\n<p>USF \u00c1gua Mineral<\/p>\n\n\n\n<p>USF Neves&nbsp;<\/p>\n\n\n\n<p>USF Engenho Pequeno<\/p>\n\n\n\n<p>USF Z\u00e9 Garoto<\/p>\n\n\n\n<p>USF Vila Lage<\/p>\n\n\n\n<p>USF Juvenil Francisco Ribeiro, Engenho Pequeno<\/p>\n\n\n\n<p>USF Rocha<\/p>\n\n\n\n<p>USF Haroldo Pereira Nunes, Porto Novo<\/p>\n\n\n\n<p>USF Get\u00falio Vargas, Boa Vista<\/p>\n\n\n\n<p>PAM Coelho<\/p>\n\n\n\n<p>N\u00facleo dos Ostomizados, Centro.<\/p>\n\n\n\n<p><strong><em>S\u00e3o Gon\u00e7alo vai mudar: Not\u00edcias de S\u00e3o Gon\u00e7alo e toda regi\u00e3o.<\/em><\/strong><\/p>\n\n\n\n<figure class=\"wp-block-image size-large\"><img fetchpriority=\"high\" decoding=\"async\" width=\"1024\" height=\"252\" src=\"https:\/\/sgvaimudar.com.br\/wp-content\/uploads\/2025\/03\/Anuncie-Aqui-Sao-Goncalo-vai-mudar-1024x252.jpg\" alt=\"\" class=\"wp-image-22693\" srcset=\"https:\/\/sgvaimudar.com.br\/wp-content\/uploads\/2025\/03\/Anuncie-Aqui-Sao-Goncalo-vai-mudar-1024x252.jpg 1024w, https:\/\/sgvaimudar.com.br\/wp-content\/uploads\/2025\/03\/Anuncie-Aqui-Sao-Goncalo-vai-mudar-300x74.jpg 300w, https:\/\/sgvaimudar.com.br\/wp-content\/uploads\/2025\/03\/Anuncie-Aqui-Sao-Goncalo-vai-mudar-768x189.jpg 768w, https:\/\/sgvaimudar.com.br\/wp-content\/uploads\/2025\/03\/Anuncie-Aqui-Sao-Goncalo-vai-mudar-1536x378.jpg 1536w, https:\/\/sgvaimudar.com.br\/wp-content\/uploads\/2025\/03\/Anuncie-Aqui-Sao-Goncalo-vai-mudar-2048x504.jpg 2048w\" sizes=\"(max-width: 1024px) 100vw, 1024px\" \/><\/figure>\n","protected":false},"excerpt":{"rendered":"<p>Munic\u00edpio oferece tratamento gratuito para quem quer parar de fumar\u00a0 Se voc\u00ea quer fumar o problema \u00e9 seu! Mas, se&hellip;<\/p>\n","protected":false},"author":5,"featured_media":26771,"comment_status":"open","ping_status":"open","sticky":false,"template":"","format":"standard","meta":{"fifu_image_url":"","fifu_image_alt":"","footnotes":""},"categories":[3],"tags":[47,75],"class_list":["post-26770","post","type-post","status-publish","format-standard","has-post-thumbnail","hentry","category-sao-goncalo","tag-rj","tag-sao-goncalo"],"_links":{"self":[{"href":"https:\/\/sgvaimudar.com.br\/index.php\/wp-json\/wp\/v2\/posts\/26770","targetHints":{"allow":["GET"]}}],"collection":[{"href":"https:\/\/sgvaimudar.com.br\/index.php\/wp-json\/wp\/v2\/posts"}],"about":[{"href":"https:\/\/sgvaimudar.com.br\/index.php\/wp-json\/wp\/v2\/types\/post"}],"author":[{"embeddable":true,"href":"https:\/\/sgvaimudar.com.br\/index.php\/wp-json\/wp\/v2\/users\/5"}],"replies":[{"embeddable":true,"href":"https:\/\/sgvaimudar.com.br\/index.php\/wp-json\/wp\/v2\/comments?post=26770"}],"version-history":[{"count":1,"href":"https:\/\/sgvaimudar.com.br\/index.php\/wp-json\/wp\/v2\/posts\/26770\/revisions"}],"predecessor-version":[{"id":26772,"href":"https:\/\/sgvaimudar.com.br\/index.php\/wp-json\/wp\/v2\/posts\/26770\/revisions\/26772"}],"wp:featuredmedia":[{"embeddable":true,"href":"https:\/\/sgvaimudar.com.br\/index.php\/wp-json\/wp\/v2\/media\/26771"}],"wp:attachment":[{"href":"https:\/\/sgvaimudar.com.br\/index.php\/wp-json\/wp\/v2\/media?parent=26770"}],"wp:term":[{"taxonomy":"category","embeddable":true,"href":"https:\/\/sgvaimudar.com.br\/index.php\/wp-json\/wp\/v2\/categories?post=26770"},{"taxonomy":"post_tag","embeddable":true,"href":"https:\/\/sgvaimudar.com.br\/index.php\/wp-json\/wp\/v2\/tags?post=26770"}],"curies":[{"name":"wp","href":"https:\/\/api.w.org\/{rel}","templated":true}]}}