{"id":26741,"date":"2025-06-20T08:37:14","date_gmt":"2025-06-20T11:37:14","guid":{"rendered":"https:\/\/sgvaimudar.com.br\/?p=26741"},"modified":"2025-06-20T08:37:15","modified_gmt":"2025-06-20T11:37:15","slug":"dois-suspeitos-de-atirar-em-policial-civil-durante-tentativa-de-assalto-em-sao-goncalo-sao-presos","status":"publish","type":"post","link":"https:\/\/sgvaimudar.com.br\/index.php\/2025\/06\/20\/dois-suspeitos-de-atirar-em-policial-civil-durante-tentativa-de-assalto-em-sao-goncalo-sao-presos\/","title":{"rendered":"Dois suspeitos de atirar em policial civil durante tentativa de assalto em S\u00e3o Gon\u00e7alo s\u00e3o presos"},"content":{"rendered":"\n<p><em>Agentes da Delegacia de Homic\u00eddio de Niter\u00f3i e S\u00e3o Gon\u00e7alo prenderam, na manh\u00e3 desta quinta-feira (19), 2 suspeitos de tentativa de latroc\u00ednio contra o policial civil Lucas Lopes Mour\u00e3o, de 30 anos<\/em><\/p>\n\n\n\n<p>A Delegacia de Homic\u00eddio de Niter\u00f3i e S\u00e3o Gon\u00e7alo prendeu, na manh\u00e3 desta quinta-feira (19), dois suspeitos de atirar em um policial civil durante uma tentativa de assalto em S\u00e3o Gon\u00e7alo, na segunda (16).<\/p>\n\n\n\n<p>Segundo a pol\u00edcia, Yago Wagner Soares Silva teria efetuado o disparo e Jhonata Santos Correia seria um dos respons\u00e1veis por esconder uma das motos usadas no crime.<\/p>\n\n\n\n<p>O policial Lucas Lopes Mour\u00e3o, de 30 anos, foi baleado na cabe\u00e7a na madrugada de segunda. Ele estava de folga no momento do crime e foi socorrido para o Hospital Estadual Alberto Torres (Heat), tamb\u00e9m em S\u00e3o Gon\u00e7alo.<\/p>\n\n\n\n<p>De acordo com a pol\u00edcia, momentos antes de ser preso, Yago teria percebido a chegada dos agentes e tentou fugir pulando para terrenos vizinhos e efetuando disparos contra os policiais, que revidaram. O suspeito foi baleado e est\u00e1 internado sob cust\u00f3dia.<\/p>\n\n\n\n<p>Foram apreendidas uma pistola calibre 9mm, celulares, roupas que interessam \u00e0 investiga\u00e7\u00e3o e motos usadas na empreitada criminosa contra o policial.<\/p>\n\n\n\n<p>As investiga\u00e7\u00f5es agora seguem para identifica\u00e7\u00e3o e captura de todos os demais envolvidos no crime.<\/p>\n\n\n\n<p>Os presos ser\u00e3o encaminhados ao sistema penitenci\u00e1rio, onde ficar\u00e3o \u00e0 disposi\u00e7\u00e3o da justi\u00e7a.<\/p>\n\n\n\n<h2 class=\"wp-block-heading\">Policial baleado<\/h2>\n\n\n\n<p>O policial Lucas foi baleado por volta das 2h, na Estrada do Pacheco, nas imedia\u00e7\u00f5es da Pra\u00e7a do Bandeirantes, no Amendoeira.<\/p>\n\n\n\n<p>Segundo uma testemunha, o agente conduzia um ve\u00edculo Honda Fit preto, quando foi abordado por dois criminosos em uma moto.&nbsp;O garupa bateu no vidro do autom\u00f3vel com uma arma em punho, anunciando o assalto.<\/p>\n\n\n\n<p>Ao notar que seria v\u00edtima de um roubo,&nbsp;o agente tentou reagir, saiu do carro, e foi baleado na cabe\u00e7a.&nbsp;O policial foi socorrido por uma ambul\u00e2ncia do Corpo de Bombeiros e levado para a unidade de sa\u00fade.<\/p>\n\n\n\n<p>Testemunhas contaram que os bandidos fugiram levando a arma do agente.<\/p>\n\n\n\n<p>O carro do agente foi periciado pela Delegacia de Homic\u00eddios de Niter\u00f3i, S\u00e3o Gon\u00e7alo e Itabora\u00ed (DHNSG). Os agentes fazem buscas para localizar os criminosos. Nenhuma hip\u00f3tese \u00e9 descartada.<\/p>\n\n\n\n<p>Na manh\u00e3 desta segunda, parentes e amigos de Lucas estiveram no Heat em busca de not\u00edcias.<\/p>\n\n\n\n<p>Segundo a dire\u00e7\u00e3o do Heat, por conta do estado cl\u00ednico, Lucas precisou de transfus\u00e3o. At\u00e9 agora, foram usadas 10 bolsas de sangue. A fam\u00edlia do investigador est\u00e1 pedindo doa\u00e7\u00f5es de sangue.<\/p>\n\n\n\n<p>A Pol\u00edcia Militar disse que n\u00e3o foi acionada para o incidente. A Pol\u00edcia Civil disse que \u201cdilig\u00eancias est\u00e3o em andamento para identificar e localizar os criminosos\u201d. Em nota, a Secretaria Estadual de Sa\u00fade (SES) disse que o estado do investigador \u00e9 grave.<\/p>\n\n\n\n<p><strong><em>Fa\u00e7a sua den\u00fancia pelo nosso WhatsApp: (21) <\/em><\/strong><strong><em>99744 5345<\/em><\/strong><strong><em><\/em><\/strong><\/p>\n\n\n\n<p><strong><em>S\u00e3o Gon\u00e7alo vai mudar: Not\u00edcias de S\u00e3o Gon\u00e7alo e toda regi\u00e3o.<\/em><\/strong><\/p>\n\n\n\n<figure class=\"wp-block-image size-large\"><img fetchpriority=\"high\" decoding=\"async\" width=\"722\" height=\"1024\" src=\"https:\/\/sgvaimudar.com.br\/wp-content\/uploads\/2023\/10\/Anuncie-aqui-a5-722x1024.png\" alt=\"\" class=\"wp-image-3623\" srcset=\"https:\/\/sgvaimudar.com.br\/wp-content\/uploads\/2023\/10\/Anuncie-aqui-a5-722x1024.png 722w, https:\/\/sgvaimudar.com.br\/wp-content\/uploads\/2023\/10\/Anuncie-aqui-a5-212x300.png 212w, https:\/\/sgvaimudar.com.br\/wp-content\/uploads\/2023\/10\/Anuncie-aqui-a5-768x1089.png 768w, https:\/\/sgvaimudar.com.br\/wp-content\/uploads\/2023\/10\/Anuncie-aqui-a5-1083x1536.png 1083w, https:\/\/sgvaimudar.com.br\/wp-content\/uploads\/2023\/10\/Anuncie-aqui-a5-1444x2048.png 1444w, https:\/\/sgvaimudar.com.br\/wp-content\/uploads\/2023\/10\/Anuncie-aqui-a5.png 1750w\" sizes=\"(max-width: 722px) 100vw, 722px\" \/><\/figure>\n","protected":false},"excerpt":{"rendered":"<p>Agentes da Delegacia de Homic\u00eddio de Niter\u00f3i e S\u00e3o Gon\u00e7alo prenderam, na manh\u00e3 desta quinta-feira (19), 2 suspeitos de tentativa&hellip;<\/p>\n","protected":false},"author":5,"featured_media":26742,"comment_status":"open","ping_status":"open","sticky":false,"template":"","format":"standard","meta":{"fifu_image_url":"","fifu_image_alt":"","footnotes":""},"categories":[32],"tags":[47,75],"class_list":["post-26741","post","type-post","status-publish","format-standard","has-post-thumbnail","hentry","category-casos-de-policia","tag-rj","tag-sao-goncalo"],"_links":{"self":[{"href":"https:\/\/sgvaimudar.com.br\/index.php\/wp-json\/wp\/v2\/posts\/26741","targetHints":{"allow":["GET"]}}],"collection":[{"href":"https:\/\/sgvaimudar.com.br\/index.php\/wp-json\/wp\/v2\/posts"}],"about":[{"href":"https:\/\/sgvaimudar.com.br\/index.php\/wp-json\/wp\/v2\/types\/post"}],"author":[{"embeddable":true,"href":"https:\/\/sgvaimudar.com.br\/index.php\/wp-json\/wp\/v2\/users\/5"}],"replies":[{"embeddable":true,"href":"https:\/\/sgvaimudar.com.br\/index.php\/wp-json\/wp\/v2\/comments?post=26741"}],"version-history":[{"count":1,"href":"https:\/\/sgvaimudar.com.br\/index.php\/wp-json\/wp\/v2\/posts\/26741\/revisions"}],"predecessor-version":[{"id":26743,"href":"https:\/\/sgvaimudar.com.br\/index.php\/wp-json\/wp\/v2\/posts\/26741\/revisions\/26743"}],"wp:featuredmedia":[{"embeddable":true,"href":"https:\/\/sgvaimudar.com.br\/index.php\/wp-json\/wp\/v2\/media\/26742"}],"wp:attachment":[{"href":"https:\/\/sgvaimudar.com.br\/index.php\/wp-json\/wp\/v2\/media?parent=26741"}],"wp:term":[{"taxonomy":"category","embeddable":true,"href":"https:\/\/sgvaimudar.com.br\/index.php\/wp-json\/wp\/v2\/categories?post=26741"},{"taxonomy":"post_tag","embeddable":true,"href":"https:\/\/sgvaimudar.com.br\/index.php\/wp-json\/wp\/v2\/tags?post=26741"}],"curies":[{"name":"wp","href":"https:\/\/api.w.org\/{rel}","templated":true}]}}