{"id":26736,"date":"2025-06-20T08:17:42","date_gmt":"2025-06-20T11:17:42","guid":{"rendered":"https:\/\/sgvaimudar.com.br\/?p=26736"},"modified":"2025-06-20T08:17:42","modified_gmt":"2025-06-20T11:17:42","slug":"emocao-e-fe-encerram-a-celebracao-de-corpus-christi-em-sao-goncalo","status":"publish","type":"post","link":"https:\/\/sgvaimudar.com.br\/index.php\/2025\/06\/20\/emocao-e-fe-encerram-a-celebracao-de-corpus-christi-em-sao-goncalo\/","title":{"rendered":"Emo\u00e7\u00e3o e f\u00e9 encerram a celebra\u00e7\u00e3o de Corpus Christi em S\u00e3o Gon\u00e7alo"},"content":{"rendered":"\n<p><em>Festividade, que durou 12 horas, reuniu mais de 100 mil fi\u00e9is<\/em><\/p>\n\n\n\n<p>As ruas do Centro de S\u00e3o Gon\u00e7alo foram tomadas por milhares de fi\u00e9is, no in\u00edcio da noite desta quinta-feira (19), durante a emocionante prociss\u00e3o realizada no encerramento do maior e mais tradicional Corpus Christi da Am\u00e9rica Latina. <\/p>\n\n\n\n<p>A prociss\u00e3o aconteceu ap\u00f3s a Santa Missa, presidida pelo Arcebispo da Arquidiocese de Niter\u00f3i, Dom Jos\u00e9 Francisco Rezende Dias, que teve in\u00edcio \u00e0s 16h, em frente \u00e0 Igreja Matriz.<\/p>\n\n\n\n<p>A celebra\u00e7\u00e3o, que acontece tradicionalmente na cidade h\u00e1 30 anos, come\u00e7ou \u00e0s 7h, com a confec\u00e7\u00e3o dos 238 tapetes de sal feitos por integrantes de 27 par\u00f3quias, col\u00e9gios e comunidades cat\u00f3licas e escolas municipais. Os tapetes s\u00e3o considerados Patrim\u00f4nio P\u00fablico Cultural e Religioso do Munic\u00edpio e a celebra\u00e7\u00e3o de Corpus Christi em S\u00e3o Gon\u00e7alo atrai fi\u00e9is de v\u00e1rias cidades da Regi\u00e3o Metropolitana.<\/p>\n\n\n\n<figure class=\"wp-block-image size-full\"><img fetchpriority=\"high\" decoding=\"async\" width=\"1024\" height=\"683\" src=\"https:\/\/sgvaimudar.com.br\/wp-content\/uploads\/2025\/06\/unnamed-4-9.jpg\" alt=\"\" class=\"wp-image-26737\" srcset=\"https:\/\/sgvaimudar.com.br\/wp-content\/uploads\/2025\/06\/unnamed-4-9.jpg 1024w, https:\/\/sgvaimudar.com.br\/wp-content\/uploads\/2025\/06\/unnamed-4-9-300x200.jpg 300w, https:\/\/sgvaimudar.com.br\/wp-content\/uploads\/2025\/06\/unnamed-4-9-768x512.jpg 768w\" sizes=\"(max-width: 1024px) 100vw, 1024px\" \/><\/figure>\n\n\n\n<p>Durante todo o dia, milhares e pessoas percorreram as principais ruas do Centro para acompanhar a confec\u00e7\u00e3o dos tapetes. O governador em exerc\u00edcio, Rodrigo Bacellar, fez quest\u00e3o de prestigiar a celebra\u00e7\u00e3o, ao lado do prefeito Capit\u00e3o Nelson, do secret\u00e1rio de Estado das Cidades, Douglas Ruas, do vice-prefeito de S\u00e3o Gon\u00e7alo, Jo\u00e3o Ventura, e do deputado federal Altineu C\u00f4rtes.<\/p>\n\n\n\n<p><strong>Santa Missa<\/strong>\u00a0&#8211; O Arcebispo Dom Jos\u00e9 Francisco Rezende Dias celebrou a Santa Missa, que come\u00e7ou \u00e0s 16h, com a presen\u00e7a do prefeito Capit\u00e3o Nelson, a primeira-dama Dona Marinete Ruas e o vice-prefeito Jo\u00e3o Ventura, acompanhado de sua noiva. Durante a celebra\u00e7\u00e3o, o arcebispo destacou a import\u00e2ncia da festividade de Corpus Christi para os cat\u00f3licos.<\/p>\n\n\n\n<p>&#8220;Estamos vivendo o ano santo de 2025, com o tema Peregrinos da Esperan\u00e7a e o lema &#8216;A Esperan\u00e7a N\u00e3o Decepciona&#8217;. Estamos reunidos ao redor do altar do Senhor para estar na Sua presen\u00e7a. A Eucaristia \u00e9 um culto p\u00fablico e fraterno, a ser vivido em comunidade, independente das diferen\u00e7as. A confec\u00e7\u00e3o dos tapetes tamb\u00e9m manifesta esta realidade, com tantas pessoas envolvidas com o objetivo de preparar os tapetes para que Jesus possa passar. A festa de Corpus Christi recorda-nos, antes de tudo, de que ser crist\u00e3o significa reunir-se de todas as partes para estar na presen\u00e7a do \u00fanico&#8221;, disse o arcebispo<\/p>\n\n\n\n<p>A nutricionista Thalyta Souza, de 24 anos, tamb\u00e9m acompanhou a missa em companhia da av\u00f3 Marinete Menezes, de 84 anos.<\/p>\n\n\n\n<p>&#8220;Sempre vou \u00e0 missa, todos os domingos, e tamb\u00e9m venho desde os 12 anos na Santa Missa de Corpus Christi, sempre com a minha av\u00f3. \u00c9 o maior tapete da Am\u00e9rica Latina, ent\u00e3o \u00e9 lindo de ver e ela sempre me ensinou isso, fora a import\u00e2ncia da f\u00e9 e da celebra\u00e7\u00e3o&#8221;, disse a nutricionista.<\/p>\n\n\n\n<figure class=\"wp-block-image size-full\"><img decoding=\"async\" width=\"1024\" height=\"683\" src=\"https:\/\/sgvaimudar.com.br\/wp-content\/uploads\/2025\/06\/unnamed-6-8.jpg\" alt=\"\" class=\"wp-image-26738\" srcset=\"https:\/\/sgvaimudar.com.br\/wp-content\/uploads\/2025\/06\/unnamed-6-8.jpg 1024w, https:\/\/sgvaimudar.com.br\/wp-content\/uploads\/2025\/06\/unnamed-6-8-300x200.jpg 300w, https:\/\/sgvaimudar.com.br\/wp-content\/uploads\/2025\/06\/unnamed-6-8-768x512.jpg 768w\" sizes=\"(max-width: 1024px) 100vw, 1024px\" \/><\/figure>\n\n\n\n<p>Dulcin\u00e9ia de Souza, de 83 anos, tamb\u00e9m sempre participa da Santa Missa de Corpus Christi e se emocionou ao falar sobre o evento.<\/p>\n\n\n\n<p>&#8220;Tive um problema de sa\u00fade em 2013 e, desde que me curei, eu participo da missa. Acho tudo lindo, sempre assisto. Eu acho a celebra\u00e7\u00e3o linda e \u00e9 muito importante que continue por anos e anos, fa\u00e7o quest\u00e3o de estar aqui&#8221;, contou a aposentada.<\/p>\n\n\n\n<p>Ap\u00f3s a Santa Missa, os fi\u00e9is seguiram em prociss\u00e3o de cerca de dois quil\u00f4metros passando pelos tapetes de sal confeccionados, num percurso que teve in\u00edcio na Igreja Matriz e terminou na altura do Clube Mau\u00e1.<\/p>\n\n\n\n<p>Durante toda a quinta-feira, equipes das secretarias de Meio Ambiente e Transportes, Ordem P\u00fablica (atrav\u00e9s da Guarda Municipal e da Subsecretaria de Posturas), Conserva\u00e7\u00e3o e Sa\u00fade e Defesa Civil atuaram para garantir um evento tranquilo e o tr\u00e2nsito com fluidez. A Concession\u00e1ria \u00c1guas do Rio tamb\u00e9m esteve presente com aguadeiros, assim como a Cruz Vermelha, que prestou atendimento m\u00e9dico ao longo do dia.<\/p>\n\n\n\n<p>Ao final da prociss\u00e3o, equipes da Conserva\u00e7\u00e3o iniciaram a limpeza das ruas para que o fluxo do tr\u00e2nsito fosse liberado.<\/p>\n\n\n\n<p><strong>A festa segue<\/strong>&nbsp;&#8211; A Casa das Artes estar\u00e1 aberta ao p\u00fablico at\u00e9 o dia 2 de agosto com uma exposi\u00e7\u00e3o de fotografias aberta ao p\u00fablico. As imagens expostas s\u00e3o das celebra\u00e7\u00f5es de Corpus Christi realizadas nos \u00faltimos anos, com o objetivo de reconhecer a import\u00e2ncia do sagrado por meio de telas ilustrativas. A mostra acontece nos seguintes hor\u00e1rios: de ter\u00e7a a sexta, de 10h \u00e0s 18h, e s\u00e1bado de 10 \u00e0s 16h.<\/p>\n\n\n\n<p>Para celebrar as tr\u00eas d\u00e9cadas do evento no munic\u00edpio, ser\u00e3o plantadas 30 mudas de \u00e1rvores frut\u00edferas de amora e de pitanga no jardim da Igreja Matriz, no pr\u00f3ximo s\u00e1bado (21), \u00e0s 9h, com a participa\u00e7\u00e3o de v\u00e1rios representantes das par\u00f3quias dos Vicariatos S\u00e3o Gon\u00e7alo e Alc\u00e2ntara em parceria com a Secretaria de Conserva\u00e7\u00e3o da Prefeitura de S\u00e3o Gon\u00e7alo.<\/p>\n\n\n\n<p><em>Fotos: Fabio Guimar\u00e3e<\/em>s<\/p>\n\n\n\n<figure class=\"wp-block-image size-large\"><img decoding=\"async\" width=\"722\" height=\"1024\" src=\"https:\/\/sgvaimudar.com.br\/wp-content\/uploads\/2023\/10\/Anuncie-aqui-a5-1-722x1024.png\" alt=\"\" class=\"wp-image-3627\" srcset=\"https:\/\/sgvaimudar.com.br\/wp-content\/uploads\/2023\/10\/Anuncie-aqui-a5-1-722x1024.png 722w, https:\/\/sgvaimudar.com.br\/wp-content\/uploads\/2023\/10\/Anuncie-aqui-a5-1-212x300.png 212w, https:\/\/sgvaimudar.com.br\/wp-content\/uploads\/2023\/10\/Anuncie-aqui-a5-1-768x1089.png 768w, https:\/\/sgvaimudar.com.br\/wp-content\/uploads\/2023\/10\/Anuncie-aqui-a5-1-1083x1536.png 1083w, https:\/\/sgvaimudar.com.br\/wp-content\/uploads\/2023\/10\/Anuncie-aqui-a5-1-1444x2048.png 1444w, https:\/\/sgvaimudar.com.br\/wp-content\/uploads\/2023\/10\/Anuncie-aqui-a5-1.png 1750w\" sizes=\"(max-width: 722px) 100vw, 722px\" \/><\/figure>\n\n\n\n<p><strong><em>S\u00e3o Gon\u00e7alo vai mudar: Not\u00edcias de S\u00e3o Gon\u00e7alo e toda regi\u00e3o.<\/em><\/strong><\/p>\n","protected":false},"excerpt":{"rendered":"<p>Festividade, que durou 12 horas, reuniu mais de 100 mil fi\u00e9is As ruas do Centro de S\u00e3o Gon\u00e7alo foram tomadas&hellip;<\/p>\n","protected":false},"author":5,"featured_media":26739,"comment_status":"open","ping_status":"open","sticky":false,"template":"","format":"standard","meta":{"fifu_image_url":"","fifu_image_alt":"","footnotes":""},"categories":[6],"tags":[47,75],"class_list":["post-26736","post","type-post","status-publish","format-standard","has-post-thumbnail","hentry","category-entretenimento","tag-rj","tag-sao-goncalo"],"_links":{"self":[{"href":"https:\/\/sgvaimudar.com.br\/index.php\/wp-json\/wp\/v2\/posts\/26736","targetHints":{"allow":["GET"]}}],"collection":[{"href":"https:\/\/sgvaimudar.com.br\/index.php\/wp-json\/wp\/v2\/posts"}],"about":[{"href":"https:\/\/sgvaimudar.com.br\/index.php\/wp-json\/wp\/v2\/types\/post"}],"author":[{"embeddable":true,"href":"https:\/\/sgvaimudar.com.br\/index.php\/wp-json\/wp\/v2\/users\/5"}],"replies":[{"embeddable":true,"href":"https:\/\/sgvaimudar.com.br\/index.php\/wp-json\/wp\/v2\/comments?post=26736"}],"version-history":[{"count":1,"href":"https:\/\/sgvaimudar.com.br\/index.php\/wp-json\/wp\/v2\/posts\/26736\/revisions"}],"predecessor-version":[{"id":26740,"href":"https:\/\/sgvaimudar.com.br\/index.php\/wp-json\/wp\/v2\/posts\/26736\/revisions\/26740"}],"wp:featuredmedia":[{"embeddable":true,"href":"https:\/\/sgvaimudar.com.br\/index.php\/wp-json\/wp\/v2\/media\/26739"}],"wp:attachment":[{"href":"https:\/\/sgvaimudar.com.br\/index.php\/wp-json\/wp\/v2\/media?parent=26736"}],"wp:term":[{"taxonomy":"category","embeddable":true,"href":"https:\/\/sgvaimudar.com.br\/index.php\/wp-json\/wp\/v2\/categories?post=26736"},{"taxonomy":"post_tag","embeddable":true,"href":"https:\/\/sgvaimudar.com.br\/index.php\/wp-json\/wp\/v2\/tags?post=26736"}],"curies":[{"name":"wp","href":"https:\/\/api.w.org\/{rel}","templated":true}]}}