{"id":26733,"date":"2025-06-20T08:06:12","date_gmt":"2025-06-20T11:06:12","guid":{"rendered":"https:\/\/sgvaimudar.com.br\/?p=26733"},"modified":"2025-06-20T08:55:05","modified_gmt":"2025-06-20T11:55:05","slug":"velorio-de-francisco-cuoco-sera-aberto-ao-publico-em-sao-paulo","status":"publish","type":"post","link":"https:\/\/sgvaimudar.com.br\/index.php\/2025\/06\/20\/velorio-de-francisco-cuoco-sera-aberto-ao-publico-em-sao-paulo\/","title":{"rendered":"Vel\u00f3rio de Francisco Cuoco ser\u00e1 aberto ao p\u00fablico em S\u00e3o Paulo"},"content":{"rendered":"\n<p><em>Ator morreu aos 91 anos; f\u00e3s poder\u00e3o prestar homenagens nesta sexta-feira (20) das 7h \u00e0s 15h; Governador em exerc\u00edcio soltou nota de pesar<\/em><\/p>\n\n\n\n<p>O vel\u00f3rio de Francisco Cuoco, um dos maiores nomes da teledramaturgia brasileira, ser\u00e1 realizado nesta sexta-feira (20), com acesso aberto ao p\u00fablico. Os f\u00e3s poder\u00e3o se despedir do ator entre 7h e 15h no Funeral Home, localizado na rua S\u00e3o Carlos do Pinhal, 376, no bairro Bela Vista, em S\u00e3o Paulo. O sepultamento ser\u00e1 restrito \u00e0 fam\u00edlia e amigos pr\u00f3ximos.<\/p>\n\n\n\n<p>Francisco Cuoco faleceu nesta quinta-feira (19), aos 91 anos. Ele estava internado h\u00e1 cerca de 20 dias no Hospital Albert Einstein, na Zona Sul de S\u00e3o Paulo, e vinha enfrentando complica\u00e7\u00f5es de sa\u00fade relacionadas \u00e0 idade e a um ferimento que infeccionou. O ator permaneceu sedado durante a interna\u00e7\u00e3o. A causa da morte foi fal\u00eancia m\u00faltipla de \u00f3rg\u00e3os.<\/p>\n\n\n\n<p>Nascido em S\u00e3o Paulo em 29 de novembro de 1933, Cuoco construiu uma carreira s\u00f3lida e consagrada ao longo de mais de cinco d\u00e9cadas. Ele deixou tr\u00eas filhos: Rodrigo, Diogo e Tatiana.<\/p>\n\n\n\n<p><strong>ATUA\u00c7\u00c3O MARCANTE <\/strong>&#8211; Cuoco iniciou sua trajet\u00f3ria art\u00edstica ao trocar o curso de Direito pela Escola de Arte Dram\u00e1tica de S\u00e3o Paulo. Ainda nos anos 1950, integrou o Teatro Brasileiro de Com\u00e9dia e, depois, o Teatro dos Sete, onde atuou ao lado de nomes como Fernanda Montenegro e S\u00e9rgio Britto.<\/p>\n\n\n\n<p>Na televis\u00e3o, come\u00e7ou no &#8220;Grande Teatro Tupi&#8221; e fez hist\u00f3ria com pap\u00e9is marcantes em novelas como &#8220;Selva de Pedra&#8221; (1972), &#8220;O Astro&#8221; (1977), &#8220;Pecado Capital&#8221; (1975), &#8220;O Semideus&#8221; (1973) e &#8220;Cuca Legal&#8221; (1975). Sua parceria com a autora Janete Clair rendeu protagonistas inesquec\u00edveis que marcaram gera\u00e7\u00f5es.<\/p>\n\n\n\n<p><strong>NOTA DE PESAR <\/strong>&#8211; O governador\u00a0 em exerc\u00edcio, Rodrigo Bacellar, decretou luto oficial por tr\u00eas dias pela morte de Francisco Cuoco. A medida foi publicada em edi\u00e7\u00e3o extra do Di\u00e1rio Oficial do Estado.\u00a0<\/p>\n\n\n\n<p>&#8220;A despedida do ator Francisco Cuoco entristece todos n\u00f3s hoje.\u00a0Um dos maiores astros das telenovelas, ele conquistou gera\u00e7\u00f5es de brasileiros com seu talento em pap\u00e9is inesquec\u00edveis.<\/p>\n\n\n\n<p>Sua contribui\u00e7\u00e3o para a arte permanecer\u00e1 como legado da nossa cultura.\u00a0O Estado do Rio de Janeiro lamenta a partida deste grande artista.Vamos decretar luto oficial de tr\u00eas dias, que ser\u00e1 publicado em uma edi\u00e7\u00e3o extra do Di\u00e1rio Oficial, nesta quinta-feira.\u00a0<\/p>\n\n\n\n<p>Meus sentimentos \u00e0 fam\u00edlia, aos amigos\u00a0 e a todos os f\u00e3s de Francisco Cuoco&#8221;.<\/p>\n\n\n\n<p>Rodrigo Bacellar, governador em exerc\u00edcio do Estado do Rio de Janeiro<\/p>\n\n\n\n<p><strong><em>S\u00e3o Gon\u00e7alo vai mudar: Not\u00edcias de S\u00e3o Gon\u00e7alo e toda regi\u00e3o.<\/em><\/strong><\/p>\n\n\n\n<figure class=\"wp-block-image size-large\"><img fetchpriority=\"high\" decoding=\"async\" width=\"722\" height=\"1024\" src=\"https:\/\/sgvaimudar.com.br\/wp-content\/uploads\/2024\/03\/Anuncie-Aqui-Looping-722x1024.jpg\" alt=\"\" class=\"wp-image-4781\" srcset=\"https:\/\/sgvaimudar.com.br\/wp-content\/uploads\/2024\/03\/Anuncie-Aqui-Looping-722x1024.jpg 722w, https:\/\/sgvaimudar.com.br\/wp-content\/uploads\/2024\/03\/Anuncie-Aqui-Looping-212x300.jpg 212w, https:\/\/sgvaimudar.com.br\/wp-content\/uploads\/2024\/03\/Anuncie-Aqui-Looping-768x1089.jpg 768w, https:\/\/sgvaimudar.com.br\/wp-content\/uploads\/2024\/03\/Anuncie-Aqui-Looping-1083x1536.jpg 1083w, https:\/\/sgvaimudar.com.br\/wp-content\/uploads\/2024\/03\/Anuncie-Aqui-Looping-1444x2048.jpg 1444w, https:\/\/sgvaimudar.com.br\/wp-content\/uploads\/2024\/03\/Anuncie-Aqui-Looping.jpg 1750w\" sizes=\"(max-width: 722px) 100vw, 722px\" \/><\/figure>\n","protected":false},"excerpt":{"rendered":"<p>Ator morreu aos 91 anos; f\u00e3s poder\u00e3o prestar homenagens nesta sexta-feira (20) das 7h \u00e0s 15h; Governador em exerc\u00edcio soltou&hellip;<\/p>\n","protected":false},"author":5,"featured_media":26734,"comment_status":"open","ping_status":"open","sticky":false,"template":"","format":"standard","meta":{"fifu_image_url":"","fifu_image_alt":"","footnotes":""},"categories":[4],"tags":[],"class_list":["post-26733","post","type-post","status-publish","format-standard","has-post-thumbnail","hentry","category-brasil"],"_links":{"self":[{"href":"https:\/\/sgvaimudar.com.br\/index.php\/wp-json\/wp\/v2\/posts\/26733","targetHints":{"allow":["GET"]}}],"collection":[{"href":"https:\/\/sgvaimudar.com.br\/index.php\/wp-json\/wp\/v2\/posts"}],"about":[{"href":"https:\/\/sgvaimudar.com.br\/index.php\/wp-json\/wp\/v2\/types\/post"}],"author":[{"embeddable":true,"href":"https:\/\/sgvaimudar.com.br\/index.php\/wp-json\/wp\/v2\/users\/5"}],"replies":[{"embeddable":true,"href":"https:\/\/sgvaimudar.com.br\/index.php\/wp-json\/wp\/v2\/comments?post=26733"}],"version-history":[{"count":3,"href":"https:\/\/sgvaimudar.com.br\/index.php\/wp-json\/wp\/v2\/posts\/26733\/revisions"}],"predecessor-version":[{"id":26750,"href":"https:\/\/sgvaimudar.com.br\/index.php\/wp-json\/wp\/v2\/posts\/26733\/revisions\/26750"}],"wp:featuredmedia":[{"embeddable":true,"href":"https:\/\/sgvaimudar.com.br\/index.php\/wp-json\/wp\/v2\/media\/26734"}],"wp:attachment":[{"href":"https:\/\/sgvaimudar.com.br\/index.php\/wp-json\/wp\/v2\/media?parent=26733"}],"wp:term":[{"taxonomy":"category","embeddable":true,"href":"https:\/\/sgvaimudar.com.br\/index.php\/wp-json\/wp\/v2\/categories?post=26733"},{"taxonomy":"post_tag","embeddable":true,"href":"https:\/\/sgvaimudar.com.br\/index.php\/wp-json\/wp\/v2\/tags?post=26733"}],"curies":[{"name":"wp","href":"https:\/\/api.w.org\/{rel}","templated":true}]}}